{"id":7974,"date":"2025-11-04T06:14:00","date_gmt":"2025-11-04T09:14:00","guid":{"rendered":"https:\/\/diariodepernambuco.audiencelabs.com.br\/?p=7974"},"modified":"2025-11-03T13:24:50","modified_gmt":"2025-11-03T16:24:50","slug":"cha-liberado-pela-anvisa-seca-barriga-antes-de-comecar-o-verao-de-2026","status":"publish","type":"post","link":"https:\/\/diariodepernambuco.audiencelabs.com.br\/cha-liberado-pela-anvisa-seca-barriga-antes-de-comecar-o-verao-de-2026\/","title":{"rendered":"Ch\u00e1 liberado pela Anvisa seca barriga antes de come\u00e7ar o ver\u00e3o de 2026"},"content":{"rendered":"\n<p>Com a chegada do ver\u00e3o batendo \u00e0 porta, muita gente come\u00e7a a intensificar a rotina de cuidados com o corpo. E, nas semanas que ainda restam at\u00e9 a esta\u00e7\u00e3o mais quente do ano, um ch\u00e1 feito com ingredientes naturais pode ser um aliado poderoso para quem quer dar aquela secada na barriga. <\/p>\n\n\n\n<p>A novidade tem chamado a aten\u00e7\u00e3o por ser f\u00e1cil de preparar, acess\u00edvel e eficiente quando usada como complemento a uma rotina equilibrada de alimenta\u00e7\u00e3o e exerc\u00edcios f\u00edsicos. Afinal, nenhum ch\u00e1 faz milagre sozinho, mas pode, sim, acelerar os resultados do famoso \u201cprojeto ver\u00e3o\u201d.<\/p>\n\n\n\n<h2 class=\"wp-block-heading\">Ch\u00e1 liberado pela Anvisa seca barriga antes de come\u00e7ar o ver\u00e3o de 2026<\/h2>\n\n\n\n<p>O ch\u00e1 em quest\u00e3o combina propriedades digestivas, termog\u00eanicas e anti-inflamat\u00f3rias. A receita mistura gengibre e cascas de frutas como abacaxi e laranja, somadas \u00e0 <a href=\"https:\/\/www.tuasaude.com\/carqueja\/\" target=\"_blank\" rel=\"noopener\"><strong>carqueja<\/strong><\/a>, planta medicinal conhecida por auxiliar na digest\u00e3o e no controle da gordura corporal. <\/p>\n\n\n\n<p>A combina\u00e7\u00e3o desses ingredientes estimula o metabolismo, promove a sensa\u00e7\u00e3o de saciedade e favorece o bom funcionamento do intestino. Al\u00e9m disso, os compostos presentes no gengibre ajudam o corpo a gastar mais energia, mesmo em repouso.<\/p>\n\n\n\n<p>Veja a seguir os ingredientes necess\u00e1rios:<\/p>\n\n\n\n<figure class=\"wp-block-table is-style-stripes\"><table class=\"has-fixed-layout\"><thead><tr><th>Ingredientes<\/th><th>Quantidade<\/th><\/tr><\/thead><tbody><tr><td>Casca de abacaxi<\/td><td>Metade de um abacaxi<\/td><\/tr><tr><td>Casca de laranja<\/td><td>1 unidade<\/td><\/tr><tr><td>Gengibre em p\u00f3<\/td><td>1 colher de sopa<\/td><\/tr><tr><td>Carqueja (seca)<\/td><td>1 colher de sopa<\/td><\/tr><tr><td>\u00c1gua<\/td><td>1 litro<\/td><\/tr><\/tbody><\/table><\/figure>\n\n\n\n<p>Para preparar o ch\u00e1, coloque a \u00e1gua em uma panela junto com as cascas de abacaxi e laranja e o gengibre. Deixe ferver por cerca de 10 minutos. <\/p>\n\n\n\n<p>Em seguida, desligue o fogo, adicione a carqueja, tampe a panela e aguarde mais 5 minutos. Coe o l\u00edquido e consuma ao longo do dia, de prefer\u00eancia entre as refei\u00e7\u00f5es.<\/p>\n\n\n\n<h3 class=\"wp-block-heading\">Ch\u00e1 seca barriga deve ser combinado com h\u00e1bitos saud\u00e1veis<\/h3>\n\n\n\n<p>Mas para que o ch\u00e1 traga resultados vis\u00edveis, \u00e9 essencial adotar alguns h\u00e1bitos em conjunto. <\/p>\n\n\n\n<p>Manter uma alimenta\u00e7\u00e3o rica em vegetais, prote\u00ednas magras e gr\u00e3os integrais \u00e9 o primeiro passo. Reduzir o consumo de alimentos ultraprocessados, bebidas a\u00e7ucaradas e excesso de sal tamb\u00e9m faz diferen\u00e7a. <\/p>\n\n\n\n<p>Al\u00e9m disso, praticar exerc\u00edcios aer\u00f3bicos e treinos de for\u00e7a regularmente vai potencializar o efeito do ch\u00e1 e acelerar a queima de gordura abdominal.<\/p>\n\n\n\n<p>Com disciplina, bons h\u00e1bitos e uma ajudinha natural, ainda d\u00e1 tempo de chegar mais leve ao <a href=\"https:\/\/diariodepernambuco.com.br\/dpmais\/decidido-tudo-sobre-a-volta-do-horario-de-verao-em-2025\/\" target=\"_blank\" rel=\"noopener\"><strong>ver\u00e3o 2026<\/strong><\/a>.<\/p>\n\n\n\n<p><\/p>\n","protected":false},"excerpt":{"rendered":"<p>Com a chegada do ver\u00e3o batendo \u00e0 porta, muita gente come\u00e7a a intensificar a rotina de cuidados com o corpo. E, nas semanas que ainda restam at\u00e9 a esta\u00e7\u00e3o mais quente do ano, um ch\u00e1 feito com ingredientes naturais pode ser um aliado poderoso para quem quer dar aquela secada na barriga. A novidade tem [&hellip;]<\/p>\n","protected":false},"author":12,"featured_media":7975,"comment_status":"open","ping_status":"open","sticky":false,"template":"","format":"standard","meta":{"jnews-multi-image_gallery":[],"jnews_single_post":{"format":"standard"},"jnews_primary_category":[],"jnews_social_meta":[],"jnews_post_split":[],"footnotes":""},"categories":[1],"tags":[],"class_list":["post-7974","post","type-post","status-publish","format-standard","has-post-thumbnail","hentry","category-uncategorized"],"_links":{"self":[{"href":"https:\/\/diariodepernambuco.audiencelabs.com.br\/wp-json\/wp\/v2\/posts\/7974","targetHints":{"allow":["GET"]}}],"collection":[{"href":"https:\/\/diariodepernambuco.audiencelabs.com.br\/wp-json\/wp\/v2\/posts"}],"about":[{"href":"https:\/\/diariodepernambuco.audiencelabs.com.br\/wp-json\/wp\/v2\/types\/post"}],"author":[{"embeddable":true,"href":"https:\/\/diariodepernambuco.audiencelabs.com.br\/wp-json\/wp\/v2\/users\/12"}],"replies":[{"embeddable":true,"href":"https:\/\/diariodepernambuco.audiencelabs.com.br\/wp-json\/wp\/v2\/comments?post=7974"}],"version-history":[{"count":1,"href":"https:\/\/diariodepernambuco.audiencelabs.com.br\/wp-json\/wp\/v2\/posts\/7974\/revisions"}],"predecessor-version":[{"id":7976,"href":"https:\/\/diariodepernambuco.audiencelabs.com.br\/wp-json\/wp\/v2\/posts\/7974\/revisions\/7976"}],"wp:featuredmedia":[{"embeddable":true,"href":"https:\/\/diariodepernambuco.audiencelabs.com.br\/wp-json\/wp\/v2\/media\/7975"}],"wp:attachment":[{"href":"https:\/\/diariodepernambuco.audiencelabs.com.br\/wp-json\/wp\/v2\/media?parent=7974"}],"wp:term":[{"taxonomy":"category","embeddable":true,"href":"https:\/\/diariodepernambuco.audiencelabs.com.br\/wp-json\/wp\/v2\/categories?post=7974"},{"taxonomy":"post_tag","embeddable":true,"href":"https:\/\/diariodepernambuco.audiencelabs.com.br\/wp-json\/wp\/v2\/tags?post=7974"}],"curies":[{"name":"wp","href":"https:\/\/api.w.org\/{rel}","templated":true}]}}