{"id":7977,"date":"2025-11-04T15:45:00","date_gmt":"2025-11-04T18:45:00","guid":{"rendered":"https:\/\/diariodepernambuco.audiencelabs.com.br\/?p=7977"},"modified":"2025-11-05T11:46:36","modified_gmt":"2025-11-05T14:46:36","slug":"por-que-o-suco-integral-esta-sumindo-das-prateleiras","status":"publish","type":"post","link":"https:\/\/diariodepernambuco.audiencelabs.com.br\/por-que-o-suco-integral-esta-sumindo-das-prateleiras\/","title":{"rendered":"Por que o suco integral est\u00e1 sumindo das prateleiras?"},"content":{"rendered":"\n<p>Tomar um copo de suco integral no caf\u00e9 da manh\u00e3 ou ao longo do dia \u00e9 um costume presente na rotina de muitos brasileiros. No entanto, esse h\u00e1bito tem se tornado mais dif\u00edcil de manter. <\/p>\n\n\n\n<p>Nos \u00faltimos meses, consumidores relatam dificuldade para encontrar sucos 100% naturais nos <a href=\"https:\/\/diariodepernambuco.com.br\/dpmais\/onde-foi-inaugurado-o-supermercado-gigante-da-amazon\/\" target=\"_blank\" rel=\"noopener\"><strong>supermercados<\/strong><\/a>. Quando est\u00e3o dispon\u00edveis, os pre\u00e7os est\u00e3o elevados a ponto de afastar o consumidor. <\/p>\n\n\n\n<p>A escassez e o aumento de custo t\u00eam gerado d\u00favidas: afinal, o que est\u00e1 por tr\u00e1s desse cen\u00e1rio t\u00e3o incomum para um pa\u00eds como o Brasil?<\/p>\n\n\n\n<h2 class=\"wp-block-heading\">Por que o suco integral est\u00e1 sumindo das prateleiras?<\/h2>\n\n\n\n<p>O principal fator \u00e9 a crise na produ\u00e7\u00e3o de frutas utilizadas na fabrica\u00e7\u00e3o dos sucos integrais. A laranja, base da maior parte desses produtos, enfrentou em 2024 a menor safra dos \u00faltimos 15 anos. <\/p>\n\n\n<style>@media (min-width: 992px) {\n    .recomendadorV2Area1 {\n        width: 280px;\n    }\n    .recomendadorV2Area2 {\n        padding: 0px 20px;\n        width: calc(100% - 280px);\n    }\n}\n\n@media (max-width: 992px) {\n    .recomendadorV2Button {\n        margin: 0 auto;\n    }\n    .recomendadorV2Area {\n        flex-direction: column;\n        text-align: center;\n    }\n    .recomendadorV2Area2 {\n        padding: 0px 20px;\n    }\n}\n\n.recomendadorV2Area {\n    background: #eeeeee3d;\n    border-radius: 10px;\n    padding: 15px;\n    display: flex;\n    margin: 15px auto;\n    border: 1px solid #00000014;\n    max-width: 800px;\n}\n\n.recomendadorV2Area1 img {\n    width: 280px;\n    height: auto;\n    border-radius: 8px;\n}\n\n.linkrecomendadorv2 {\n    text-decoration: none !important;\n}\n\n.recomendadorV2Area2 .recomendadorV2Type {\n    text-transform: uppercase;\n    font-weight: 500;\n    font-size: 11px;\n    letter-spacing: 2px;\n    color: #666;\n    margin: 12px 0;\n    display: block;\n}\n\n.recomendadorV2Title h2 {\n    padding-top: 0px !important;\n    margin: 0px !important;\n    border-left: none !important;\n    padding-left: 0px !important;\n    line-height: 1.3;\n    color: #000 !important;\n    font-size: 24px;\n    margin-bottom: 12px !important;\n}\n\n.recomendadorV2Desc {\n    color: #333;\n    margin: 12px 0px !important;\n    font-size: 15px;\n    line-height: 1.5;\n}\n\n.recomendadorV2Button {\n    width: auto;\n    max-width: 200px;\n    margin: 0;\n    display: inline-flex;\n    align-items: center;\n    background: #1D3557;\n    border-radius: 8px;\n    color: #fff;\n    height: 36px;\n    justify-content: center;\n    text-align: center;\n    font-size: 14px;\n    padding: 0 20px;\n    transition: background-color 0.2s ease;\n}\n\n.recomendadorV2Button:hover {\n    background: #2a4d7a;\n}\n\n.recomendadorV2Button:after {\n    margin-top: -2px;\n    content: \"\u2192\";\n    padding: 0px 0px 0px 8px;\n}\n\n.recomendadorV2Alert {\n    text-align: left;\n    font-size: 11px;\n    margin-top: 8px;\n    color: #666;\n}\n\n.recomendadorFixedArea {\n    width: 100%;\n    display: flex;\n    justify-content: center;\n    align-items: center;\n}\n\n@media (min-width: 992px) {\n    #recomendadorFixed {\n        width: 32% !important;\n        left: 5%;\n    }\n    .recomendadorCloseFixed{\n        right: inherit !important;\n        left: 378px !important;\n    }\n}\n\n#recomendadorFixed {\n    width: 90%;\n    box-shadow: 0 10px 20px 0px #00000057;\n    display: none;\n    height: 90px;\n    background: #F6F6F6;\n    position: fixed;\n    flex-direction: row;\n    bottom: 10px;\n    z-index: 9999;\n    border-radius: 16px;\n    padding: 7px 10px;\n}\n\n.recomendadorLeftArea {\n    width: 160px;\n}\n\n.recomendadorRightArea h2 {\n    padding-top: 0px;\n    margin: 2px 0px 4px 0px !important;\n    font-weight: 400;\n    text-align: center;\n    padding-left: 0px !important;\n    color: #000 !important;\n    border-left: none !important;\n    line-height: 20px;\n    font-size: 12px !important;\n}\n\n.recomendadorImgFixed {\n    overflow: hidden;\n    padding: 8px 6px;\n    height: 100%;\n}\n\n.recomendadorImgFixed img {\n    height: 100% !important;\n    border-radius: 16px;\n}\n\n.recomendadorRightArea {\n    padding-top: 6px;\n    display: flex;\n    width: calc(100% - 130px);\n    justify-content: space-between;\n    align-items: center;\n    flex-direction: column;\n}\n\n.recomendadorButtonFixed {\n    margin: 0 auto;\n    background: #1D3557;\n    width: 80%;\n    text-align: center;\n    font-size: 10px;\n    color: #FFF;\n    padding: 2px 10px;\n    border-radius: 3px;\n}\n\n.recomendadorButtonFixed:after {\n    margin-top: -3px;\n    content: \"\u2192\";\n    padding: 0px 0px 0px 10px;\n}\n\n.recomendadorAlertFixed {\n    font-weight: 400;\n    text-align: center;\n    color: #484848;\n    font-size: 8px;\n}\n\n.recomendadorCloseFixed {\n    z-index: 99999;\n    display: none;\n    right: 0px;\n    left: inherit;\n    bottom: 99px;\n    position: fixed;\n    justify-content: center;\n    background: #F6F6F6;\n    width: 25px;\n    align-items: center;\n    height: 25px;\n    font-weight: 800;\n    border-radius: 50%;\n    border: 1px solid #EBEBEB;\n}\n\n.recomendadorV2Desc{\n    color: #000000;\n    margin: 20px 0px;\n}\n\n@media (max-width: 576px) {\n    .recomendadorV2Area {\n      padding: 10px;\n      max-width: 100%;\n    }\n  \n    .recomendadorV2Area1 img {\n      width: 100%;\n      border-radius: 6px;\n    }\n  \n    .recomendadorV2Area2 .recomendadorV2Type {\n      font-size: 9px;\n      letter-spacing: 1px;\n      margin: 8px 0;\n    }\n  \n    .recomendadorV2Title h2 {\n      font-size: 18px !important;\n      margin-bottom: 8px !important;\n      line-height: 1.2;\n    }\n  \n    .recomendadorV2Desc {\n      font-size: 14px;\n      margin: 8px 0 !important;\n      line-height: 1.4;\n    }\n  \n    .recomendadorV2Button {\n      font-size: 12px;\n      height: 30px;\n      padding: 0 12px;\n      max-width: 160px;\n    }\n  \n    .recomendadorV2Button:after {\n      padding-left: 6px;\n    }\n  }\n  <\/style>\n        <div class=\"lazyblock-recomendador-v2-2jDGz wp-block-lazyblock-recomendador-v2\">\n        <a class=\"linkrecomendadorv2\" href=\"https:\/\/diariodepernambuco.com.br\/dpmais\/nome-masculino-que-todas-maes-colocavam-nos-bebes-desapareceu\/?utm_source=lazy\" target=\"_blank\" rel=\"noopener\">\n            <div class=\"recomendadorV2Area\">\n            <div class=\"recomendadorV2Area1\">\n                <div class=\"recomendadorV2Img\">\n                <img class=\"lazyloaded\" decoding=\"async\" src=\"https:\/\/diariodepernambuco.audiencelabs.com.br\/wp-content\/uploads\/2025\/11\/NOME.jpg\" data-src=\"https:\/\/diariodepernambuco.audiencelabs.com.br\/wp-content\/uploads\/2025\/11\/NOME.jpg\" alt=\"\">\n                <\/div>\n            <\/div>\n            <div class=\"recomendadorV2Area2\">\n                <div class=\"recomendadorV2Type\">\n                    <span>Curiosidade popular<\/span>\n                <\/div>\n                <div class=\"recomendadorV2Title\">\n                <h2><span>Nome masculino que sumiu dos registros \ud83d\ude2e<\/span><\/h2>\n                <\/div>\n                <div class=\"recomendadorV2Desc\">\n                <span>Descubra por que esse nome desapareceu dos beb\u00eas<\/span>\n                <\/div>\n                <div class=\"recomendadorV2Button\">Ver o motivo agora<\/div>\n                <div class=\"recomendadorV2Alert\"><\/div>\n            <\/div>\n            <\/div>\n        <\/a>\n        <div>\n            <div style=\"z-index:99999;\" id=\"buttonClose\" onclick=\"closeRecomendadorFixed()\">\n            <div class=\"recomendadorCloseFixed\">X<\/div>\n            <\/div>\n            <a href=\"https:\/\/diariodepernambuco.com.br\/dpmais\/nome-masculino-que-todas-maes-colocavam-nos-bebes-desapareceu\/?utm_source=lazy\" target=\"_blank\" rel=\"noopener\">\n            <div class=\"recomendadorFixedArea\">\n                <div id=\"recomendadorFixed\">\n                <div class=\"recomendadorLeftArea\">\n                    <div class=\"recomendadorImgFixed\">\n                    <img class=\"lazyload\" decoding=\"async\" src=\"https:\/\/diariodepernambuco.audiencelabs.com.br\/wp-content\/uploads\/2025\/11\/NOME.jpg\" alt=\"\">\n                    <\/div>\n                <\/div>\n                <div class=\"recomendadorRightArea\">\n                    <div class=\"recomendadorTitleFixed\">\n                    <h2><span>Nome masculino que sumiu dos registros \ud83d\ude2e<\/span><\/h2>\n                    <\/div>\n                    <div class=\"recomendadorButtonFixed\">Ver o motivo agora<\/div>\n                    <div class=\"recomendadorAlertFixed\"><\/div>\n                <\/div>\n                <\/div>\n            <\/div>\n            <\/a>\n        <\/div>\n        <\/div>\n\n\n\n<p>A combina\u00e7\u00e3o de clima seco e temperaturas elevadas na primavera de 2023 comprometeu seriamente os pomares, afetando n\u00e3o s\u00f3 a quantidade, mas tamb\u00e9m a qualidade dos frutos. <\/p>\n\n\n\n<p>Essa mesma condi\u00e7\u00e3o clim\u00e1tica impactou outras frutas fundamentais para o setor, como uva e ma\u00e7\u00e3.<\/p>\n\n\n\n<p>Al\u00e9m das condi\u00e7\u00f5es meteorol\u00f3gicas, outro problema enfrentado pelos produtores foi a dissemina\u00e7\u00e3o do <a href=\"https:\/\/www.embrapa.br\/busca-de-publicacoes\/-\/publicacao\/656120\/greening-a-mais-grave-e-destrutiva-doenca-dos-citros-nova-ameaca-a-citricultura\" target=\"_blank\" rel=\"noopener\"><strong>greening<\/strong><\/a>, uma doen\u00e7a que n\u00e3o tem cura e enfraquece as \u00e1rvores c\u00edtricas, reduzindo a produtividade. <\/p>\n\n\n\n<p>Ao mesmo tempo, mudan\u00e7as na pol\u00edtica fiscal em estados produtores, como S\u00e3o Paulo, aumentaram os custos de produ\u00e7\u00e3o. O fim de incentivos fiscais elevou a carga tribut\u00e1ria sobre as ind\u00fastrias, pressionando ainda mais os pre\u00e7os.<\/p>\n\n\n\n<p>No mercado externo, a baixa produ\u00e7\u00e3o de laranja na Fl\u00f3rida, nos Estados Unidos, aumentou a procura internacional pelo suco brasileiro. Com o d\u00f3lar valorizado, muitas empresas optaram por priorizar as exporta\u00e7\u00f5es, o que reduziu a oferta interna. <\/p>\n\n\n\n<h3 class=\"wp-block-heading\">Diversos fatores levaram ao encarecimento do suco integral, mas setor espera melhora em 2026<\/h3>\n\n\n\n<p>O resultado foi um aumento expressivo nos pre\u00e7os, tanto da fruta quanto do suco final, com reajustes que chegaram a 40% em alguns casos.<\/p>\n\n\n\n<p>Esse encarecimento afastou parte dos consumidores, fazendo as vendas despencarem em 2024. <\/p>\n\n\n\n<p>Algumas marcas, como a Do Bem, tamb\u00e9m passaram por mudan\u00e7as de gest\u00e3o e interromperam temporariamente a produ\u00e7\u00e3o, o que contribuiu para a percep\u00e7\u00e3o de desabastecimento.<\/p>\n\n\n\n<p>Apesar das dificuldades, o setor acredita em uma recupera\u00e7\u00e3o gradual. Com previs\u00e3o de clima mais favor\u00e1vel, espera-se uma melhora nas pr\u00f3ximas safras e uma queda nos pre\u00e7os. <\/p>\n\n\n\n<p>A expectativa \u00e9 que, em 2026, o suco integral volte a ocupar mais espa\u00e7o nas g\u00f4ndolas e no dia a dia do consumidor brasileiro.<\/p>\n\n\n\n<p><\/p>\n","protected":false},"excerpt":{"rendered":"<p>Tomar um copo de suco integral no caf\u00e9 da manh\u00e3 ou ao longo do dia \u00e9 um costume presente na rotina de muitos brasileiros. No entanto, esse h\u00e1bito tem se tornado mais dif\u00edcil de manter. Nos \u00faltimos meses, consumidores relatam dificuldade para encontrar sucos 100% naturais nos supermercados. Quando est\u00e3o dispon\u00edveis, os pre\u00e7os est\u00e3o elevados [&hellip;]<\/p>\n","protected":false},"author":12,"featured_media":7978,"comment_status":"open","ping_status":"open","sticky":false,"template":"","format":"standard","meta":{"jnews-multi-image_gallery":[],"jnews_single_post":{"format":"standard"},"jnews_primary_category":[],"jnews_social_meta":[],"jnews_post_split":[],"footnotes":""},"categories":[1],"tags":[],"class_list":["post-7977","post","type-post","status-publish","format-standard","has-post-thumbnail","hentry","category-uncategorized"],"_links":{"self":[{"href":"https:\/\/diariodepernambuco.audiencelabs.com.br\/wp-json\/wp\/v2\/posts\/7977","targetHints":{"allow":["GET"]}}],"collection":[{"href":"https:\/\/diariodepernambuco.audiencelabs.com.br\/wp-json\/wp\/v2\/posts"}],"about":[{"href":"https:\/\/diariodepernambuco.audiencelabs.com.br\/wp-json\/wp\/v2\/types\/post"}],"author":[{"embeddable":true,"href":"https:\/\/diariodepernambuco.audiencelabs.com.br\/wp-json\/wp\/v2\/users\/12"}],"replies":[{"embeddable":true,"href":"https:\/\/diariodepernambuco.audiencelabs.com.br\/wp-json\/wp\/v2\/comments?post=7977"}],"version-history":[{"count":2,"href":"https:\/\/diariodepernambuco.audiencelabs.com.br\/wp-json\/wp\/v2\/posts\/7977\/revisions"}],"predecessor-version":[{"id":8260,"href":"https:\/\/diariodepernambuco.audiencelabs.com.br\/wp-json\/wp\/v2\/posts\/7977\/revisions\/8260"}],"wp:featuredmedia":[{"embeddable":true,"href":"https:\/\/diariodepernambuco.audiencelabs.com.br\/wp-json\/wp\/v2\/media\/7978"}],"wp:attachment":[{"href":"https:\/\/diariodepernambuco.audiencelabs.com.br\/wp-json\/wp\/v2\/media?parent=7977"}],"wp:term":[{"taxonomy":"category","embeddable":true,"href":"https:\/\/diariodepernambuco.audiencelabs.com.br\/wp-json\/wp\/v2\/categories?post=7977"},{"taxonomy":"post_tag","embeddable":true,"href":"https:\/\/diariodepernambuco.audiencelabs.com.br\/wp-json\/wp\/v2\/tags?post=7977"}],"curies":[{"name":"wp","href":"https:\/\/api.w.org\/{rel}","templated":true}]}}