{"id":7979,"date":"2025-11-04T16:30:00","date_gmt":"2025-11-04T19:30:00","guid":{"rendered":"https:\/\/diariodepernambuco.audiencelabs.com.br\/?p=7979"},"modified":"2025-11-04T18:54:45","modified_gmt":"2025-11-04T21:54:45","slug":"veio-da-havan-comprou-uma-mansao-unica-com-exclusividade-de-causar-inveja","status":"publish","type":"post","link":"https:\/\/diariodepernambuco.audiencelabs.com.br\/veio-da-havan-comprou-uma-mansao-unica-com-exclusividade-de-causar-inveja\/","title":{"rendered":"V\u00e9io da Havan comprou uma mans\u00e3o \u00fanica com exclusividade de causar inveja"},"content":{"rendered":"\n<p>O empres\u00e1rio Luciano Hang adquiriu uma mans\u00e3o em Balne\u00e1rio Cambori\u00fa por R$ 140 milh\u00f5es, tornando-se o \u00fanico propriet\u00e1rio de uma resid\u00eancia unifamiliar \u00e0 beira-mar na famosa Avenida Atl\u00e2ntica. A negocia\u00e7\u00e3o envolveu a \u00faltima casa dispon\u00edvel na orla central da cidade, localizada no metro quadrado mais caro do Brasil e cercada por arranha-c\u00e9us de alto padr\u00e3o.<\/p>\n\n\n\n<p>A propriedade, anteriormente pertencente a uma tradicional fam\u00edlia do setor pesqueiro, conta com 1.415 metros quadrados de terreno e uma vista privilegiada para o mar. A compra refor\u00e7a o perfil de investidor de alto padr\u00e3o de Hang, dono da rede Havan, e representa um marco no mercado imobili\u00e1rio de luxo de Santa Catarina.<\/p>\n\n\n\n<p>A Avenida Atl\u00e2ntica \u00e9 considerada o endere\u00e7o mais prestigioso de Balne\u00e1rio Cambori\u00fa, famosa por seus edif\u00edcios residenciais de alt\u00edssimo padr\u00e3o. Com o passar dos anos, as casas deram lugar a empreendimentos verticais, fazendo da mans\u00e3o adquirida por Hang a \u00faltima resid\u00eancia unifamiliar \u00e0 beira-mar na regi\u00e3o. Com a compra, ele se torna o \u00fanico morador de uma casa \u00e0 beira-mar na principal praia da cidade.<\/p>\n\n\n\n<p>O im\u00f3vel est\u00e1 situado em um dos trechos mais valorizados da orla, pr\u00f3ximo a marcos como o edif\u00edcio Yachthouse by Pininfarina, um dos mais altos da Am\u00e9rica Latina. A exclusividade da resid\u00eancia, aliada \u00e0 sua localiza\u00e7\u00e3o estrat\u00e9gica, transforma a aquisi\u00e7\u00e3o em um investimento simb\u00f3lico e de grande relev\u00e2ncia no mercado imobili\u00e1rio de luxo.<\/p>\n\n\n\n<h2 class=\"wp-block-heading\">O pre\u00e7o do metro quadrado em Balne\u00e1rio Cambori\u00fa e o luxo \u00e0 beira-mar<\/h2>\n\n\n<style>@media (min-width: 992px) {\n    .recomendadorV2Area1 {\n        width: 280px;\n    }\n    .recomendadorV2Area2 {\n        padding: 0px 20px;\n        width: calc(100% - 280px);\n    }\n}\n\n@media (max-width: 992px) {\n    .recomendadorV2Button {\n        margin: 0 auto;\n    }\n    .recomendadorV2Area {\n        flex-direction: column;\n        text-align: center;\n    }\n    .recomendadorV2Area2 {\n        padding: 0px 20px;\n    }\n}\n\n.recomendadorV2Area {\n    background: #eeeeee3d;\n    border-radius: 10px;\n    padding: 15px;\n    display: flex;\n    margin: 15px auto;\n    border: 1px solid #00000014;\n    max-width: 800px;\n}\n\n.recomendadorV2Area1 img {\n    width: 280px;\n    height: auto;\n    border-radius: 8px;\n}\n\n.linkrecomendadorv2 {\n    text-decoration: none !important;\n}\n\n.recomendadorV2Area2 .recomendadorV2Type {\n    text-transform: uppercase;\n    font-weight: 500;\n    font-size: 11px;\n    letter-spacing: 2px;\n    color: #666;\n    margin: 12px 0;\n    display: block;\n}\n\n.recomendadorV2Title h2 {\n    padding-top: 0px !important;\n    margin: 0px !important;\n    border-left: none !important;\n    padding-left: 0px !important;\n    line-height: 1.3;\n    color: #000 !important;\n    font-size: 24px;\n    margin-bottom: 12px !important;\n}\n\n.recomendadorV2Desc {\n    color: #333;\n    margin: 12px 0px !important;\n    font-size: 15px;\n    line-height: 1.5;\n}\n\n.recomendadorV2Button {\n    width: auto;\n    max-width: 200px;\n    margin: 0;\n    display: inline-flex;\n    align-items: center;\n    background: #1D3557;\n    border-radius: 8px;\n    color: #fff;\n    height: 36px;\n    justify-content: center;\n    text-align: center;\n    font-size: 14px;\n    padding: 0 20px;\n    transition: background-color 0.2s ease;\n}\n\n.recomendadorV2Button:hover {\n    background: #2a4d7a;\n}\n\n.recomendadorV2Button:after {\n    margin-top: -2px;\n    content: \"\u2192\";\n    padding: 0px 0px 0px 8px;\n}\n\n.recomendadorV2Alert {\n    text-align: left;\n    font-size: 11px;\n    margin-top: 8px;\n    color: #666;\n}\n\n.recomendadorFixedArea {\n    width: 100%;\n    display: flex;\n    justify-content: center;\n    align-items: center;\n}\n\n@media (min-width: 992px) {\n    #recomendadorFixed {\n        width: 32% !important;\n        left: 5%;\n    }\n    .recomendadorCloseFixed{\n        right: inherit !important;\n        left: 378px !important;\n    }\n}\n\n#recomendadorFixed {\n    width: 90%;\n    box-shadow: 0 10px 20px 0px #00000057;\n    display: none;\n    height: 90px;\n    background: #F6F6F6;\n    position: fixed;\n    flex-direction: row;\n    bottom: 10px;\n    z-index: 9999;\n    border-radius: 16px;\n    padding: 7px 10px;\n}\n\n.recomendadorLeftArea {\n    width: 160px;\n}\n\n.recomendadorRightArea h2 {\n    padding-top: 0px;\n    margin: 2px 0px 4px 0px !important;\n    font-weight: 400;\n    text-align: center;\n    padding-left: 0px !important;\n    color: #000 !important;\n    border-left: none !important;\n    line-height: 20px;\n    font-size: 12px !important;\n}\n\n.recomendadorImgFixed {\n    overflow: hidden;\n    padding: 8px 6px;\n    height: 100%;\n}\n\n.recomendadorImgFixed img {\n    height: 100% !important;\n    border-radius: 16px;\n}\n\n.recomendadorRightArea {\n    padding-top: 6px;\n    display: flex;\n    width: calc(100% - 130px);\n    justify-content: space-between;\n    align-items: center;\n    flex-direction: column;\n}\n\n.recomendadorButtonFixed {\n    margin: 0 auto;\n    background: #1D3557;\n    width: 80%;\n    text-align: center;\n    font-size: 10px;\n    color: #FFF;\n    padding: 2px 10px;\n    border-radius: 3px;\n}\n\n.recomendadorButtonFixed:after {\n    margin-top: -3px;\n    content: \"\u2192\";\n    padding: 0px 0px 0px 10px;\n}\n\n.recomendadorAlertFixed {\n    font-weight: 400;\n    text-align: center;\n    color: #484848;\n    font-size: 8px;\n}\n\n.recomendadorCloseFixed {\n    z-index: 99999;\n    display: none;\n    right: 0px;\n    left: inherit;\n    bottom: 99px;\n    position: fixed;\n    justify-content: center;\n    background: #F6F6F6;\n    width: 25px;\n    align-items: center;\n    height: 25px;\n    font-weight: 800;\n    border-radius: 50%;\n    border: 1px solid #EBEBEB;\n}\n\n.recomendadorV2Desc{\n    color: #000000;\n    margin: 20px 0px;\n}\n\n@media (max-width: 576px) {\n    .recomendadorV2Area {\n      padding: 10px;\n      max-width: 100%;\n    }\n  \n    .recomendadorV2Area1 img {\n      width: 100%;\n      border-radius: 6px;\n    }\n  \n    .recomendadorV2Area2 .recomendadorV2Type {\n      font-size: 9px;\n      letter-spacing: 1px;\n      margin: 8px 0;\n    }\n  \n    .recomendadorV2Title h2 {\n      font-size: 18px !important;\n      margin-bottom: 8px !important;\n      line-height: 1.2;\n    }\n  \n    .recomendadorV2Desc {\n      font-size: 14px;\n      margin: 8px 0 !important;\n      line-height: 1.4;\n    }\n  \n    .recomendadorV2Button {\n      font-size: 12px;\n      height: 30px;\n      padding: 0 12px;\n      max-width: 160px;\n    }\n  \n    .recomendadorV2Button:after {\n      padding-left: 6px;\n    }\n  }\n  <\/style>\n        <div class=\"lazyblock-recomendador-v2-2jDGz wp-block-lazyblock-recomendador-v2\">\n        <a class=\"linkrecomendadorv2\" href=\"https:\/\/diariodepernambuco.com.br\/dpmais\/dono-da-havan-fatura-bilhoes-por-mes-com-produto-que-ninguem-imagina-que-deixa-rico\/?utm_source=lazy\" target=\"_blank\" rel=\"noopener\">\n            <div class=\"recomendadorV2Area\">\n            <div class=\"recomendadorV2Area1\">\n                <div class=\"recomendadorV2Img\">\n                <img class=\"lazyloaded\" decoding=\"async\" src=\"https:\/\/diariodepernambuco.audiencelabs.com.br\/wp-content\/uploads\/2025\/08\/Luciano-Hang.jpg\" data-src=\"https:\/\/diariodepernambuco.audiencelabs.com.br\/wp-content\/uploads\/2025\/08\/Luciano-Hang.jpg\" alt=\"\">\n                <\/div>\n            <\/div>\n            <div class=\"recomendadorV2Area2\">\n                <div class=\"recomendadorV2Type\">\n                    <span>Varejo milion\u00e1rio<\/span>\n                <\/div>\n                <div class=\"recomendadorV2Title\">\n                <h2><span>Havan lucra bilh\u00f5es por m\u00eas \ud83d\udcb0<\/span><\/h2>\n                <\/div>\n                <div class=\"recomendadorV2Desc\">\n                <span>Itens simples impulsionam faturamento da rede<\/span>\n                <\/div>\n                <div class=\"recomendadorV2Button\">Veja os detalhes<\/div>\n                <div class=\"recomendadorV2Alert\"><\/div>\n            <\/div>\n            <\/div>\n        <\/a>\n        <div>\n            <div style=\"z-index:99999;\" id=\"buttonClose\" onclick=\"closeRecomendadorFixed()\">\n            <div class=\"recomendadorCloseFixed\">X<\/div>\n            <\/div>\n            <a href=\"https:\/\/diariodepernambuco.com.br\/dpmais\/dono-da-havan-fatura-bilhoes-por-mes-com-produto-que-ninguem-imagina-que-deixa-rico\/?utm_source=lazy\" target=\"_blank\" rel=\"noopener\">\n            <div class=\"recomendadorFixedArea\">\n                <div id=\"recomendadorFixed\">\n                <div class=\"recomendadorLeftArea\">\n                    <div class=\"recomendadorImgFixed\">\n                    <img class=\"lazyload\" decoding=\"async\" src=\"https:\/\/diariodepernambuco.audiencelabs.com.br\/wp-content\/uploads\/2025\/08\/Luciano-Hang.jpg\" alt=\"\">\n                    <\/div>\n                <\/div>\n                <div class=\"recomendadorRightArea\">\n                    <div class=\"recomendadorTitleFixed\">\n                    <h2><span>Havan lucra bilh\u00f5es por m\u00eas \ud83d\udcb0<\/span><\/h2>\n                    <\/div>\n                    <div class=\"recomendadorButtonFixed\">Veja os detalhes<\/div>\n                    <div class=\"recomendadorAlertFixed\"><\/div>\n                <\/div>\n                <\/div>\n            <\/div>\n            <\/a>\n        <\/div>\n        <\/div>\n\n\n\n<p>Balne\u00e1rio Cambori\u00fa \u00e9 conhecida por ter um dos metros quadrados mais caros do Brasil, especialmente na regi\u00e3o da Avenida Atl\u00e2ntica. A combina\u00e7\u00e3o de vista privilegiada, infraestrutura urbana e proximidade com o mar torna cada im\u00f3vel um investimento altamente valorizado.<\/p>\n\n\n\n<p>Nos \u00faltimos anos, a cidade se consolidou como um polo de empreendimentos de alto padr\u00e3o, com arranha-c\u00e9us de luxo que disputam espa\u00e7o na orla mais cobi\u00e7ada do litoral catarinense. Nesse contexto, a mans\u00e3o adquirida por Luciano Hang se destaca ainda mais: trata-se da \u00faltima resid\u00eancia unifamiliar \u00e0 beira-mar da regi\u00e3o central, tornando-a \u00fanica e extremamente valiosa.<\/p>\n\n\n\n<p><\/p>\n","protected":false},"excerpt":{"rendered":"<p>O empres\u00e1rio Luciano Hang adquiriu uma mans\u00e3o em Balne\u00e1rio Cambori\u00fa por R$ 140 milh\u00f5es, tornando-se o \u00fanico propriet\u00e1rio de uma resid\u00eancia unifamiliar \u00e0 beira-mar na famosa Avenida Atl\u00e2ntica. A negocia\u00e7\u00e3o envolveu a \u00faltima casa dispon\u00edvel na orla central da cidade, localizada no metro quadrado mais caro do Brasil e cercada por arranha-c\u00e9us de alto padr\u00e3o. [&hellip;]<\/p>\n","protected":false},"author":4,"featured_media":7982,"comment_status":"open","ping_status":"open","sticky":false,"template":"","format":"standard","meta":{"jnews-multi-image_gallery":[],"jnews_single_post":{"format":"standard"},"jnews_primary_category":[],"jnews_social_meta":[],"jnews_post_split":[],"footnotes":""},"categories":[1],"tags":[],"class_list":["post-7979","post","type-post","status-publish","format-standard","has-post-thumbnail","hentry","category-uncategorized"],"_links":{"self":[{"href":"https:\/\/diariodepernambuco.audiencelabs.com.br\/wp-json\/wp\/v2\/posts\/7979","targetHints":{"allow":["GET"]}}],"collection":[{"href":"https:\/\/diariodepernambuco.audiencelabs.com.br\/wp-json\/wp\/v2\/posts"}],"about":[{"href":"https:\/\/diariodepernambuco.audiencelabs.com.br\/wp-json\/wp\/v2\/types\/post"}],"author":[{"embeddable":true,"href":"https:\/\/diariodepernambuco.audiencelabs.com.br\/wp-json\/wp\/v2\/users\/4"}],"replies":[{"embeddable":true,"href":"https:\/\/diariodepernambuco.audiencelabs.com.br\/wp-json\/wp\/v2\/comments?post=7979"}],"version-history":[{"count":3,"href":"https:\/\/diariodepernambuco.audiencelabs.com.br\/wp-json\/wp\/v2\/posts\/7979\/revisions"}],"predecessor-version":[{"id":8178,"href":"https:\/\/diariodepernambuco.audiencelabs.com.br\/wp-json\/wp\/v2\/posts\/7979\/revisions\/8178"}],"wp:featuredmedia":[{"embeddable":true,"href":"https:\/\/diariodepernambuco.audiencelabs.com.br\/wp-json\/wp\/v2\/media\/7982"}],"wp:attachment":[{"href":"https:\/\/diariodepernambuco.audiencelabs.com.br\/wp-json\/wp\/v2\/media?parent=7979"}],"wp:term":[{"taxonomy":"category","embeddable":true,"href":"https:\/\/diariodepernambuco.audiencelabs.com.br\/wp-json\/wp\/v2\/categories?post=7979"},{"taxonomy":"post_tag","embeddable":true,"href":"https:\/\/diariodepernambuco.audiencelabs.com.br\/wp-json\/wp\/v2\/tags?post=7979"}],"curies":[{"name":"wp","href":"https:\/\/api.w.org\/{rel}","templated":true}]}}