{"id":7992,"date":"2025-11-03T14:13:09","date_gmt":"2025-11-03T17:13:09","guid":{"rendered":"https:\/\/diariodepernambuco.audiencelabs.com.br\/?p=7992"},"modified":"2025-11-03T17:13:04","modified_gmt":"2025-11-03T20:13:04","slug":"estado-brasileiro-vai-sofrer-com-chuvas-fortes-nesta-semana","status":"publish","type":"post","link":"https:\/\/diariodepernambuco.audiencelabs.com.br\/estado-brasileiro-vai-sofrer-com-chuvas-fortes-nesta-semana\/","title":{"rendered":"Estado brasileiro vai sofrer com chuvas fortes nesta semana"},"content":{"rendered":"\n<p>A primeira semana de novembro come\u00e7a com contrastes marcantes no clima brasileiro. Enquanto algumas regi\u00f5es enfrentam chuvas intensas com potencial para transtornos, outras lidam com calor extremo e tempo seco. <\/p>\n\n\n\n<p>De acordo com os institutos meteorol\u00f3gicos, o Sul, parte do Sudeste e \u00e1reas do Centro-Oeste est\u00e3o no centro das aten\u00e7\u00f5es por causa de temporais previstos nos pr\u00f3ximos dias. <\/p>\n\n\n\n<p>Em contrapartida, regi\u00f5es do Norte e do Nordeste devem registrar altas temperaturas e baixos \u00edndices de umidade. <\/p>\n\n\n\n<p>Apesar dessa instabilidade inicial, a proje\u00e7\u00e3o do Instituto Nacional de Meteorologia (<a href=\"https:\/\/portal.inmet.gov.br\/noticias\/novembro-como-ser%C3%A1-o-clima-no-brasil-4\" target=\"_blank\" rel=\"noopener\"><strong>Inmet<\/strong><\/a>) para o restante do m\u00eas indica um cen\u00e1rio menos chuvoso: os volumes acumulados tendem a ficar dentro ou at\u00e9 abaixo da m\u00e9dia hist\u00f3rica em grande parte do territ\u00f3rio nacional.<\/p>\n\n\n\n<h2 class=\"wp-block-heading\">Estado brasileiro vai sofrer com chuvas fortes nesta semana<\/h2>\n\n\n\n<p>Nesta semana, os eventos mais severos devem atingir os estados do Sul, especialmente a partir da pr\u00f3xima quinta-feira, dia 06 de novembro. <\/p>\n\n\n\n<p>Um sistema de baixa press\u00e3o atmosf\u00e9rica deve se formar entre o norte do Rio Grande do Sul e o sul do Paran\u00e1, favorecendo a ocorr\u00eancia de chuvas volumosas, ventos intensos e risco de granizo. <\/p>\n\n\n\n<p>Em algumas localidades de Santa Catarina e do norte ga\u00facho, os acumulados podem superar os 100 mil\u00edmetros, o que pode causar alagamentos e interromper temporariamente as atividades agr\u00edcolas.<\/p>\n\n\n\n<p>No Sudeste, o tempo tamb\u00e9m ser\u00e1 inst\u00e1vel. Entre segunda (03) e quarta-feira (05), pancadas de chuva s\u00e3o esperadas em Minas Gerais, Rio de Janeiro e partes do Esp\u00edrito Santo, com aten\u00e7\u00e3o redobrada para o risco de granizo no sul mineiro. <\/p>\n\n\n\n<p>Em S\u00e3o Paulo, a previs\u00e3o indica chuvas mais concentradas no interior, com menor impacto na capital. Apesar da precipita\u00e7\u00e3o, as temperaturas continuam elevadas na maior parte da regi\u00e3o, com m\u00e1ximas chegando a 35\u202f\u00b0C em \u00e1reas do norte mineiro.<\/p>\n\n\n\n<h3 class=\"wp-block-heading\">Estados do Centro-Oeste, Nordeste e Norte tamb\u00e9m podem registrar chuva, mas altas temperaturas ser\u00e3o predominantes<\/h3>\n\n\n\n<p>O Centro-Oeste seguir\u00e1 um padr\u00e3o parecido, com chuvas pontuais e calor predominando. Em Goi\u00e1s e no Distrito Federal, h\u00e1 expectativa de temporais isolados, com volumes que podem alcan\u00e7ar os 40 mil\u00edmetros. <\/p>\n\n\n\n<p>No entanto, em Mato Grosso do Sul, o tempo seco e as <a href=\"https:\/\/diariodepernambuco.com.br\/dpmais\/rio-fervendo-na-amazonia-agua-com-temperatura-de-100-graus\/\" target=\"_blank\" rel=\"noopener\"><strong>altas temperaturas<\/strong><\/a> devem persistir por mais dias, com valores acima dos 30\u202f\u00b0C, dificultando o avan\u00e7o do plantio em algumas \u00e1reas.<\/p>\n\n\n\n<p>No Nordeste, o calor ser\u00e1 o destaque da semana. Em estados como Maranh\u00e3o, Piau\u00ed e Cear\u00e1, os term\u00f4metros devem registrar m\u00e1ximas pr\u00f3ximas dos 40\u202f\u00b0C. A umidade relativa do ar despenca, aumentando o risco de inc\u00eandios florestais. <\/p>\n\n\n\n<p>A exce\u00e7\u00e3o fica por conta de \u00e1reas do sul do Maranh\u00e3o e oeste da Bahia, onde h\u00e1 possibilidade de chuvas moderadas at\u00e9 sexta-feira.<\/p>\n\n\n\n<p>Na regi\u00e3o Norte, a semana come\u00e7a com chuvas em pontos do Amazonas, Rond\u00f4nia e sul do Par\u00e1, com acumulados entre 30 e 40 mil\u00edmetros. J\u00e1 o Acre, Roraima e o Amap\u00e1 devem enfrentar tempo firme e calor excessivo, com registros acima dos 38\u202f\u00b0C em algumas cidades.<\/p>\n\n\n\n<h3 class=\"wp-block-heading\">Chuva deve ficar na m\u00e9dia ou abaixo da m\u00e9dia ao longo de todo o m\u00eas de Novembro<\/h3>\n\n\n\n<p>Apesar da intensidade das chuvas nesta primeira semana, o cen\u00e1rio para novembro como um todo deve ser mais seco. Segundo o Inmet, a maior parte do pa\u00eds ter\u00e1 precipita\u00e7\u00f5es dentro da normalidade ou abaixo dela. <\/p>\n\n\n\n<p>No Sul, o m\u00eas tende a ser menos chuvoso, especialmente no Paran\u00e1 e oeste de Santa Catarina. O Sudeste apresenta tend\u00eancia de chuvas acima da m\u00e9dia apenas em Minas Gerais e Esp\u00edrito Santo. <\/p>\n\n\n\n<p>No Centro-Oeste, Mato Grosso do Sul e parte do Mato Grosso devem registrar d\u00e9ficits h\u00eddricos, enquanto Goi\u00e1s e o Distrito Federal podem ter leve excesso de chuva. <\/p>\n\n\n\n<p>No Nordeste, o volume de precipita\u00e7\u00e3o permanece pr\u00f3ximo da m\u00e9dia, mas abaixo dela no sul do Maranh\u00e3o, Piau\u00ed e centro-leste da Bahia. <\/p>\n\n\n\n<p>Por fim, no Norte, a irregularidade predomina: o Amazonas e partes do Par\u00e1 e Rond\u00f4nia devem ter um novembro mais \u00famido, mas \u00e1reas como Acre, Amap\u00e1 e Tocantins seguem mais secas.<\/p>\n\n\n\n<p>Assim, o m\u00eas come\u00e7a com extremos e deve terminar com equil\u00edbrio clim\u00e1tico na maioria das regi\u00f5es.<\/p>\n\n\n\n<p><\/p>\n","protected":false},"excerpt":{"rendered":"<p>A primeira semana de novembro come\u00e7a com contrastes marcantes no clima brasileiro. Enquanto algumas regi\u00f5es enfrentam chuvas intensas com potencial para transtornos, outras lidam com calor extremo e tempo seco. De acordo com os institutos meteorol\u00f3gicos, o Sul, parte do Sudeste e \u00e1reas do Centro-Oeste est\u00e3o no centro das aten\u00e7\u00f5es por causa de temporais previstos [&hellip;]<\/p>\n","protected":false},"author":12,"featured_media":7993,"comment_status":"open","ping_status":"open","sticky":false,"template":"","format":"standard","meta":{"jnews-multi-image_gallery":[],"jnews_single_post":{"format":"standard"},"jnews_primary_category":[],"jnews_social_meta":[],"jnews_post_split":[],"footnotes":""},"categories":[1],"tags":[],"class_list":["post-7992","post","type-post","status-publish","format-standard","has-post-thumbnail","hentry","category-uncategorized"],"_links":{"self":[{"href":"https:\/\/diariodepernambuco.audiencelabs.com.br\/wp-json\/wp\/v2\/posts\/7992","targetHints":{"allow":["GET"]}}],"collection":[{"href":"https:\/\/diariodepernambuco.audiencelabs.com.br\/wp-json\/wp\/v2\/posts"}],"about":[{"href":"https:\/\/diariodepernambuco.audiencelabs.com.br\/wp-json\/wp\/v2\/types\/post"}],"author":[{"embeddable":true,"href":"https:\/\/diariodepernambuco.audiencelabs.com.br\/wp-json\/wp\/v2\/users\/12"}],"replies":[{"embeddable":true,"href":"https:\/\/diariodepernambuco.audiencelabs.com.br\/wp-json\/wp\/v2\/comments?post=7992"}],"version-history":[{"count":1,"href":"https:\/\/diariodepernambuco.audiencelabs.com.br\/wp-json\/wp\/v2\/posts\/7992\/revisions"}],"predecessor-version":[{"id":7994,"href":"https:\/\/diariodepernambuco.audiencelabs.com.br\/wp-json\/wp\/v2\/posts\/7992\/revisions\/7994"}],"wp:featuredmedia":[{"embeddable":true,"href":"https:\/\/diariodepernambuco.audiencelabs.com.br\/wp-json\/wp\/v2\/media\/7993"}],"wp:attachment":[{"href":"https:\/\/diariodepernambuco.audiencelabs.com.br\/wp-json\/wp\/v2\/media?parent=7992"}],"wp:term":[{"taxonomy":"category","embeddable":true,"href":"https:\/\/diariodepernambuco.audiencelabs.com.br\/wp-json\/wp\/v2\/categories?post=7992"},{"taxonomy":"post_tag","embeddable":true,"href":"https:\/\/diariodepernambuco.audiencelabs.com.br\/wp-json\/wp\/v2\/tags?post=7992"}],"curies":[{"name":"wp","href":"https:\/\/api.w.org\/{rel}","templated":true}]}}