{"id":8009,"date":"2025-11-04T20:45:00","date_gmt":"2025-11-04T23:45:00","guid":{"rendered":"https:\/\/diariodepernambuco.audiencelabs.com.br\/?p=8009"},"modified":"2025-11-03T15:38:22","modified_gmt":"2025-11-03T18:38:22","slug":"quanto-custa-para-construir-um-escritorio-simples-para-trabalhar","status":"publish","type":"post","link":"https:\/\/diariodepernambuco.audiencelabs.com.br\/quanto-custa-para-construir-um-escritorio-simples-para-trabalhar\/","title":{"rendered":"Quanto custa para construir um escrit\u00f3rio simples para trabalhar?"},"content":{"rendered":"\n<p>Trabalhar no escrit\u00f3rio de casa se tornou, para muitos, uma das formas mais pr\u00e1ticas e confort\u00e1veis de exercer suas atividades profissionais. <\/p>\n\n\n\n<p>No entanto, \u00e0 medida que o neg\u00f3cio cresce dentro desse ambiente dom\u00e9stico, surge uma necessidade comum: montar um espa\u00e7o exclusivo e estruturado para o trabalho. <\/p>\n\n\n\n<p>\u00c9 nesse momento que muitos empreendedores se deparam com o questionamento comum de quanto custa montar um escrit\u00f3rio simples e funcional.<\/p>\n\n\n\n<h2 class=\"wp-block-heading\">Quanto custa para construir um escrit\u00f3rio simples para trabalhar?<\/h2>\n\n\n\n<p>Antes de tudo, \u00e9 fundamental entender que o investimento varia conforme o tamanho do projeto, a localiza\u00e7\u00e3o e o tipo de estrutura desejada. <\/p>\n\n\n\n<p>Um escrit\u00f3rio b\u00e1sico pode parecer simples \u00e0 primeira vista, mas envolve mais do que apenas uma mesa e uma cadeira. \u00c9 preciso considerar m\u00f3veis adequados, equipamentos essenciais, eventuais reformas no local escolhido e, claro, os custos mensais de manuten\u00e7\u00e3o.<\/p>\n\n\n\n<p>No que diz respeito ao mobili\u00e1rio, o necess\u00e1rio inclui esta\u00e7\u00f5es de trabalho confort\u00e1veis, cadeiras ergon\u00f4micas, arm\u00e1rios ou estantes para organiza\u00e7\u00e3o e, em alguns casos, um pequeno espa\u00e7o de recep\u00e7\u00e3o. <\/p>\n\n\n\n<p>Quanto aos equipamentos, o m\u00ednimo indispens\u00e1vel envolve computador, impressora, internet de qualidade e telefone, dependendo da natureza do <a href=\"https:\/\/diariodepernambuco.com.br\/dpmais\/quanto-ganha-o-veio-da-havan-fortuna-bilionaria-e-gastos-que-poucos-conhecem\/\" target=\"_blank\" rel=\"noopener\"><strong>neg\u00f3cio<\/strong><\/a>.<\/p>\n\n\n\n<p> Tudo isso pode representar um investimento inicial que varia, em m\u00e9dia, entre R$ 10 mil e R$ 25 mil, dependendo das escolhas e da escala.<\/p>\n\n\n\n<p>Se o local escolhido precisar de adequa\u00e7\u00f5es, como pintura, instala\u00e7\u00e3o el\u00e9trica ou at\u00e9 divis\u00f3rias, os custos sobem. <\/p>\n\n\n\n<p>E mesmo ap\u00f3s pronto, h\u00e1 contas mensais que n\u00e3o podem ser ignoradas: aluguel, energia, \u00e1gua, condom\u00ednio, limpeza, manuten\u00e7\u00e3o e impostos como IPTU. Essas despesas recorrentes muitas vezes ultrapassam o que foi gasto na montagem.<\/p>\n\n\n\n<h3 class=\"wp-block-heading\">Como economizar na hora de montar um escrit\u00f3rio?<\/h3>\n\n\n\n<p>Para reduzir gastos, uma alternativa inteligente \u00e9 buscar m\u00f3veis usados em bom estado, optar por espa\u00e7os que n\u00e3o exijam grandes reformas e investir apenas no essencial. Outra estrat\u00e9gia \u00e9 adotar o modelo de open space, que dispensa divis\u00f3rias e otimiza o uso da \u00e1rea dispon\u00edvel.<\/p>\n\n\n\n<p>Por\u00e9m, para quem prefere evitar qualquer tipo de custo fixo elevado, os <a href=\"https:\/\/pt.wikipedia.org\/wiki\/Coworking\" target=\"_blank\" rel=\"noopener\"><strong>coworkings<\/strong><\/a> surgem como uma solu\u00e7\u00e3o vi\u00e1vel. <\/p>\n\n\n\n<p>Esses escrit\u00f3rios compartilhados oferecem infraestrutura pronta, ambiente profissional e uma s\u00e9rie de servi\u00e7os inclusos por um valor mensal muito menor do que manter um espa\u00e7o pr\u00f3prio. <\/p>\n\n\n\n<p>\u00c9 uma alternativa pr\u00e1tica para quem busca profissionalismo sem abrir m\u00e3o da economia.<\/p>\n\n\n\n<p>Seja investindo em um escrit\u00f3rio pr\u00f3prio ou optando por um coworking, o importante \u00e9 alinhar o espa\u00e7o com as reais necessidades do neg\u00f3cio \u2014 e, claro, com o or\u00e7amento dispon\u00edvel.<\/p>\n\n\n\n<p><\/p>\n","protected":false},"excerpt":{"rendered":"<p>Trabalhar no escrit\u00f3rio de casa se tornou, para muitos, uma das formas mais pr\u00e1ticas e confort\u00e1veis de exercer suas atividades profissionais. No entanto, \u00e0 medida que o neg\u00f3cio cresce dentro desse ambiente dom\u00e9stico, surge uma necessidade comum: montar um espa\u00e7o exclusivo e estruturado para o trabalho. \u00c9 nesse momento que muitos empreendedores se deparam com [&hellip;]<\/p>\n","protected":false},"author":12,"featured_media":8020,"comment_status":"open","ping_status":"open","sticky":false,"template":"","format":"standard","meta":{"jnews-multi-image_gallery":[],"jnews_single_post":{"format":"standard"},"jnews_primary_category":[],"jnews_social_meta":[],"jnews_post_split":[],"footnotes":""},"categories":[1],"tags":[],"class_list":["post-8009","post","type-post","status-publish","format-standard","has-post-thumbnail","hentry","category-uncategorized"],"_links":{"self":[{"href":"https:\/\/diariodepernambuco.audiencelabs.com.br\/wp-json\/wp\/v2\/posts\/8009","targetHints":{"allow":["GET"]}}],"collection":[{"href":"https:\/\/diariodepernambuco.audiencelabs.com.br\/wp-json\/wp\/v2\/posts"}],"about":[{"href":"https:\/\/diariodepernambuco.audiencelabs.com.br\/wp-json\/wp\/v2\/types\/post"}],"author":[{"embeddable":true,"href":"https:\/\/diariodepernambuco.audiencelabs.com.br\/wp-json\/wp\/v2\/users\/12"}],"replies":[{"embeddable":true,"href":"https:\/\/diariodepernambuco.audiencelabs.com.br\/wp-json\/wp\/v2\/comments?post=8009"}],"version-history":[{"count":1,"href":"https:\/\/diariodepernambuco.audiencelabs.com.br\/wp-json\/wp\/v2\/posts\/8009\/revisions"}],"predecessor-version":[{"id":8025,"href":"https:\/\/diariodepernambuco.audiencelabs.com.br\/wp-json\/wp\/v2\/posts\/8009\/revisions\/8025"}],"wp:featuredmedia":[{"embeddable":true,"href":"https:\/\/diariodepernambuco.audiencelabs.com.br\/wp-json\/wp\/v2\/media\/8020"}],"wp:attachment":[{"href":"https:\/\/diariodepernambuco.audiencelabs.com.br\/wp-json\/wp\/v2\/media?parent=8009"}],"wp:term":[{"taxonomy":"category","embeddable":true,"href":"https:\/\/diariodepernambuco.audiencelabs.com.br\/wp-json\/wp\/v2\/categories?post=8009"},{"taxonomy":"post_tag","embeddable":true,"href":"https:\/\/diariodepernambuco.audiencelabs.com.br\/wp-json\/wp\/v2\/tags?post=8009"}],"curies":[{"name":"wp","href":"https:\/\/api.w.org\/{rel}","templated":true}]}}