{"id":8010,"date":"2025-12-19T06:00:00","date_gmt":"2025-12-19T09:00:00","guid":{"rendered":"https:\/\/diariodepernambuco.audiencelabs.com.br\/?p=8010"},"modified":"2025-11-03T15:11:43","modified_gmt":"2025-11-03T18:11:43","slug":"a-verdadeira-historia-do-natal-o-que-quase-ninguem-sabe-sobre-a-origem-da-data-mais-magica-do-ano","status":"publish","type":"post","link":"https:\/\/diariodepernambuco.audiencelabs.com.br\/a-verdadeira-historia-do-natal-o-que-quase-ninguem-sabe-sobre-a-origem-da-data-mais-magica-do-ano\/","title":{"rendered":"A verdadeira hist\u00f3ria do Natal: o que quase ningu\u00e9m sabe sobre a origem da data mais m\u00e1gica do ano"},"content":{"rendered":"\n<p>Para muitas pessoas, o Natal \u00e9 a \u00e9poca mais m\u00e1gica do ano. As luzes, os presentes, as can\u00e7\u00f5es e os encontros em fam\u00edlia comp\u00f5em uma tradi\u00e7\u00e3o que parece ter atravessado gera\u00e7\u00f5es. Mas a verdadeira origem dessa data vai muito al\u00e9m do que se costuma imaginar \u2014 e est\u00e1 repleta de curiosidades hist\u00f3ricas.<\/p>\n\n\n\n<p>Antes de ser uma celebra\u00e7\u00e3o crist\u00e3, o Natal nasceu de antigas festas pag\u00e3s dedicadas ao sol e \u00e0 chegada do inverno no hemisf\u00e9rio norte. Muito antes do surgimento do cristianismo, diversos povos europeus comemoravam o solst\u00edcio de inverno no fim de dezembro, o dia mais curto do ano, simbolizando o renascimento da luz e o in\u00edcio de um novo ciclo.<\/p>\n\n\n\n<p>Era o per\u00edodo em que o sol era considerado \u201crenascido\u201d, e as pessoas celebravam a chegada de dias mais longos e f\u00e9rteis. No Imp\u00e9rio Romano, uma das festas mais populares era o Dies Natalis Solis Invicti, o \u201cnascimento do sol invenc\u00edvel\u201d, realizada justamente em 25 de dezembro.<\/p>\n\n\n\n<p>Com a expans\u00e3o do cristianismo, a Igreja decidiu adotar essa data para comemorar o nascimento de Jesus Cristo, substituindo os antigos rituais pag\u00e3os por uma celebra\u00e7\u00e3o crist\u00e3. A proposta era preservar o mesmo clima de alegria, esperan\u00e7a e renova\u00e7\u00e3o, mas com um novo significado espiritual. Assim, o Natal se consolidou como uma data religiosa, ainda que carregando s\u00edmbolos herdados das tradi\u00e7\u00f5es antigas.<\/p>\n\n\n\n<h2 class=\"wp-block-heading\">S\u00edmbolos antigos que permanecem at\u00e9 hoje<\/h2>\n\n\n\n<p>Muitos dos costumes natalinos modernos t\u00eam ra\u00edzes em tradi\u00e7\u00f5es pag\u00e3s adaptadas ao longo dos s\u00e9culos. A \u00e1rvore de Natal, por exemplo, tem origem em rituais germ\u00e2nicos que usavam galhos verdes para representar a vida em meio ao inverno. J\u00e1 as velas, guirlandas e enfeites luminosos simbolizavam o retorno da luz e a vit\u00f3ria sobre a escurid\u00e3o.<\/p>\n\n\n\n<p>Com o passar do tempo, o Natal tamb\u00e9m se transformou em uma celebra\u00e7\u00e3o familiar e cultural, indo al\u00e9m de seu aspecto religioso. O ato de trocar presentes, reunir-se \u00e0 mesa e decorar as casas tornou-se um s\u00edmbolo universal de afeto e partilha. Assim, a data continua sendo um dos momentos mais esperados do ano, unindo pessoas de diferentes cren\u00e7as e tradi\u00e7\u00f5es.<\/p>\n\n\n\n<p><\/p>\n","protected":false},"excerpt":{"rendered":"<p>Para muitas pessoas, o Natal \u00e9 a \u00e9poca mais m\u00e1gica do ano. As luzes, os presentes, as can\u00e7\u00f5es e os encontros em fam\u00edlia comp\u00f5em uma tradi\u00e7\u00e3o que parece ter atravessado gera\u00e7\u00f5es. Mas a verdadeira origem dessa data vai muito al\u00e9m do que se costuma imaginar \u2014 e est\u00e1 repleta de curiosidades hist\u00f3ricas. Antes de ser [&hellip;]<\/p>\n","protected":false},"author":4,"featured_media":8013,"comment_status":"open","ping_status":"open","sticky":false,"template":"","format":"standard","meta":{"jnews-multi-image_gallery":[],"jnews_single_post":{"format":"standard"},"jnews_primary_category":[],"jnews_social_meta":[],"jnews_post_split":[],"footnotes":""},"categories":[1],"tags":[],"class_list":["post-8010","post","type-post","status-publish","format-standard","has-post-thumbnail","hentry","category-uncategorized"],"_links":{"self":[{"href":"https:\/\/diariodepernambuco.audiencelabs.com.br\/wp-json\/wp\/v2\/posts\/8010","targetHints":{"allow":["GET"]}}],"collection":[{"href":"https:\/\/diariodepernambuco.audiencelabs.com.br\/wp-json\/wp\/v2\/posts"}],"about":[{"href":"https:\/\/diariodepernambuco.audiencelabs.com.br\/wp-json\/wp\/v2\/types\/post"}],"author":[{"embeddable":true,"href":"https:\/\/diariodepernambuco.audiencelabs.com.br\/wp-json\/wp\/v2\/users\/4"}],"replies":[{"embeddable":true,"href":"https:\/\/diariodepernambuco.audiencelabs.com.br\/wp-json\/wp\/v2\/comments?post=8010"}],"version-history":[{"count":2,"href":"https:\/\/diariodepernambuco.audiencelabs.com.br\/wp-json\/wp\/v2\/posts\/8010\/revisions"}],"predecessor-version":[{"id":8015,"href":"https:\/\/diariodepernambuco.audiencelabs.com.br\/wp-json\/wp\/v2\/posts\/8010\/revisions\/8015"}],"wp:featuredmedia":[{"embeddable":true,"href":"https:\/\/diariodepernambuco.audiencelabs.com.br\/wp-json\/wp\/v2\/media\/8013"}],"wp:attachment":[{"href":"https:\/\/diariodepernambuco.audiencelabs.com.br\/wp-json\/wp\/v2\/media?parent=8010"}],"wp:term":[{"taxonomy":"category","embeddable":true,"href":"https:\/\/diariodepernambuco.audiencelabs.com.br\/wp-json\/wp\/v2\/categories?post=8010"},{"taxonomy":"post_tag","embeddable":true,"href":"https:\/\/diariodepernambuco.audiencelabs.com.br\/wp-json\/wp\/v2\/tags?post=8010"}],"curies":[{"name":"wp","href":"https:\/\/api.w.org\/{rel}","templated":true}]}}