{"id":8055,"date":"2025-11-04T10:07:16","date_gmt":"2025-11-04T13:07:16","guid":{"rendered":"https:\/\/diariodepernambuco.audiencelabs.com.br\/?p=8055"},"modified":"2025-11-17T14:42:53","modified_gmt":"2025-11-17T17:42:53","slug":"lei-do-aluguel-ja-esta-em-andamento-no-brasil-e-comeca-a-afetar-moradores","status":"publish","type":"post","link":"https:\/\/diariodepernambuco.audiencelabs.com.br\/lei-do-aluguel-ja-esta-em-andamento-no-brasil-e-comeca-a-afetar-moradores\/","title":{"rendered":"Mudan\u00e7a na lei do aluguel j\u00e1 est\u00e1 em andamento no Brasil e come\u00e7a a afetar moradores"},"content":{"rendered":"\n<p>A chamada Lei do Aluguel, que j\u00e1 est\u00e1 em vigor no Brasil, come\u00e7a a impactar diretamente a vida de milh\u00f5es de moradores que vivem em im\u00f3veis alugados. <\/p>\n\n\n\n<p>A legisla\u00e7\u00e3o, oficialmente conhecida como <a href=\"https:\/\/www.planalto.gov.br\/ccivil_03\/leis\/l8245.htm\" target=\"_blank\" rel=\"noopener\"><strong>Lei do Inquilinato (n\u00ba 8.245\/91)<\/strong><\/a>, tem como principal fun\u00e7\u00e3o estabelecer regras claras na rela\u00e7\u00e3o entre propriet\u00e1rios e inquilinos. <\/p>\n\n\n\n<p>Ao regulamentar direitos e deveres de ambas as partes, a lei busca garantir seguran\u00e7a jur\u00eddica e evitar disputas que antes dependiam exclusivamente de acordos informais ou contratos mal elaborados.<\/p>\n\n\n\n<h2 class=\"wp-block-heading\">Mudan\u00e7a na lei do aluguel j\u00e1 est\u00e1 em andamento no Brasil e come\u00e7a a afetar moradores<\/h2>\n\n\n\n<p><br>Agora, todos os acordos de loca\u00e7\u00e3o devem ser formalizados por escrito, contendo o valor do aluguel, o \u00edndice que ser\u00e1 usado para reajustes, o prazo vigente e qual tipo de garantia ser\u00e1 utilizada. A lei tamb\u00e9m impede que o propriet\u00e1rio exija mais de uma modalidade de garantia ao mesmo tempo.<\/p>\n\n\n\n<p>Outra mudan\u00e7a importante foi a defini\u00e7\u00e3o mais clara de responsabilidades dentro da loca\u00e7\u00e3o. O dono do im\u00f3vel continua encarregado de reformas estruturais e despesas extraordin\u00e1rias do condom\u00ednio. J\u00e1 o inquilino deve manter o im\u00f3vel em bom estado, fazer pequenos reparos e assumir os custos das despesas ordin\u00e1rias quando isso estiver previsto no contrato. Al\u00e9m disso, os procedimentos para reajustes, rescis\u00f5es e devolu\u00e7\u00e3o das chaves foram padronizados para evitar d\u00favidas e conflitos.<\/p>\n\n\n\n<p>Paralelamente, a Reforma Tribut\u00e1ria trar\u00e1 novos formatos de cobran\u00e7a sobre a renda de aluguel. A partir de 2026, ser\u00e1 aplicado um sistema que substitui tributos como ISS, PIS e Cofins pelos novos IBS e CBS. A mudan\u00e7a n\u00e3o ser\u00e1 imediata: haver\u00e1 uma fase de transi\u00e7\u00e3o at\u00e9 2033, permitindo adapta\u00e7\u00e3o gradual ao novo modelo.<\/p>\n\n\n\n<p>Outra novidade \u00e9 a cria\u00e7\u00e3o do Cadastro Imobili\u00e1rio Brasileiro (CIB), previsto para come\u00e7ar em 2026. Cada im\u00f3vel do pa\u00eds receber\u00e1 um c\u00f3digo \u00fanico, o que deve reduzir a informalidade e tornar as opera\u00e7\u00f5es imobili\u00e1rias mais seguras e rastre\u00e1veis. Al\u00e9m disso, pessoas que tiverem mais de tr\u00eas im\u00f3veis alugados e obtiverem receita anual superior a R$ 240 mil podem passar a pagar um novo imposto espec\u00edfico a partir de 2027.<\/p>\n\n\n\n<p>No conjunto, essas mudan\u00e7as redesenham o mercado de loca\u00e7\u00f5es, aumentam a transpar\u00eancia nos contratos e preparam o setor para um modelo de tributa\u00e7\u00e3o mais moderno e unificado.<\/p>\n\n\n\n<h3 class=\"wp-block-heading\">Quais s\u00e3o os direitos e deveres dos propriet\u00e1rios dos im\u00f3veis?<\/h3>\n\n\n\n<p>J\u00e1 os propriet\u00e1rios, segundo a lei, devem entregar o im\u00f3vel em condi\u00e7\u00f5es adequadas e realizar manuten\u00e7\u00f5es em problemas estruturais que n\u00e3o foram causados pelo uso do inquilino. <\/p>\n\n\n\n<p>Tamb\u00e9m \u00e9 sua responsabilidade cobrir impostos e custos extraordin\u00e1rios, al\u00e9m de garantir que o locat\u00e1rio possa usufruir do im\u00f3vel sem interfer\u00eancias externas. <\/p>\n\n\n\n<p>O dono do im\u00f3vel tem o direito de receber o pagamento em dia e reaver o im\u00f3vel ao fim do contrato ou em casos espec\u00edficos, como falta de pagamento, uso indevido ou necessidade de reformas urgentes determinadas por \u00f3rg\u00e3os p\u00fablicos.<\/p>\n\n\n\n<h3 class=\"wp-block-heading\">E quando a Lei do Aluguel n\u00e3o for respeitada?<\/h3>\n\n\n\n<p>Quando alguma das partes descumpre o que est\u00e1 estipulado, o caminho legal \u00e9 claro: a parte prejudicada pode recorrer ao Judici\u00e1rio por meio de a\u00e7\u00e3o pr\u00f3pria, como a de despejo ou cobran\u00e7a. <\/p>\n\n\n\n<p>O despejo, por exemplo, s\u00f3 pode ocorrer mediante decis\u00e3o judicial e em casos legalmente previstos, j\u00e1 que o propriet\u00e1rio n\u00e3o pode remover um inquilino por conta pr\u00f3pria.<\/p>\n\n\n\n<p>A Lei do Aluguel, portanto, n\u00e3o apenas organiza a rela\u00e7\u00e3o locat\u00edcia no Brasil, mas oferece respaldo legal tanto para quem aluga quanto para quem \u00e9 dono, equilibrando responsabilidades e prevenindo abusos de ambos os lados.<\/p>\n","protected":false},"excerpt":{"rendered":"<p>A chamada Lei do Aluguel, que j\u00e1 est\u00e1 em vigor no Brasil, come\u00e7a a impactar diretamente a vida de milh\u00f5es de moradores que vivem em im\u00f3veis alugados. A legisla\u00e7\u00e3o, oficialmente conhecida como Lei do Inquilinato (n\u00ba 8.245\/91), tem como principal fun\u00e7\u00e3o estabelecer regras claras na rela\u00e7\u00e3o entre propriet\u00e1rios e inquilinos. Ao regulamentar direitos e deveres [&hellip;]<\/p>\n","protected":false},"author":12,"featured_media":8059,"comment_status":"open","ping_status":"open","sticky":false,"template":"","format":"standard","meta":{"jnews-multi-image_gallery":[],"jnews_single_post":{"format":"standard"},"jnews_primary_category":[],"jnews_social_meta":[],"jnews_post_split":[],"footnotes":""},"categories":[1],"tags":[],"class_list":["post-8055","post","type-post","status-publish","format-standard","has-post-thumbnail","hentry","category-uncategorized"],"_links":{"self":[{"href":"https:\/\/diariodepernambuco.audiencelabs.com.br\/wp-json\/wp\/v2\/posts\/8055","targetHints":{"allow":["GET"]}}],"collection":[{"href":"https:\/\/diariodepernambuco.audiencelabs.com.br\/wp-json\/wp\/v2\/posts"}],"about":[{"href":"https:\/\/diariodepernambuco.audiencelabs.com.br\/wp-json\/wp\/v2\/types\/post"}],"author":[{"embeddable":true,"href":"https:\/\/diariodepernambuco.audiencelabs.com.br\/wp-json\/wp\/v2\/users\/12"}],"replies":[{"embeddable":true,"href":"https:\/\/diariodepernambuco.audiencelabs.com.br\/wp-json\/wp\/v2\/comments?post=8055"}],"version-history":[{"count":3,"href":"https:\/\/diariodepernambuco.audiencelabs.com.br\/wp-json\/wp\/v2\/posts\/8055\/revisions"}],"predecessor-version":[{"id":9503,"href":"https:\/\/diariodepernambuco.audiencelabs.com.br\/wp-json\/wp\/v2\/posts\/8055\/revisions\/9503"}],"wp:featuredmedia":[{"embeddable":true,"href":"https:\/\/diariodepernambuco.audiencelabs.com.br\/wp-json\/wp\/v2\/media\/8059"}],"wp:attachment":[{"href":"https:\/\/diariodepernambuco.audiencelabs.com.br\/wp-json\/wp\/v2\/media?parent=8055"}],"wp:term":[{"taxonomy":"category","embeddable":true,"href":"https:\/\/diariodepernambuco.audiencelabs.com.br\/wp-json\/wp\/v2\/categories?post=8055"},{"taxonomy":"post_tag","embeddable":true,"href":"https:\/\/diariodepernambuco.audiencelabs.com.br\/wp-json\/wp\/v2\/tags?post=8055"}],"curies":[{"name":"wp","href":"https:\/\/api.w.org\/{rel}","templated":true}]}}