{"id":8056,"date":"2025-11-04T09:40:05","date_gmt":"2025-11-04T12:40:05","guid":{"rendered":"https:\/\/diariodepernambuco.audiencelabs.com.br\/?p=8056"},"modified":"2025-11-04T12:10:18","modified_gmt":"2025-11-04T15:10:18","slug":"enquanto-william-bonner-ganhava-salario-de-farao-na-globo-cesar-tralli-aceitou-mixaria-por-mes","status":"publish","type":"post","link":"https:\/\/diariodepernambuco.audiencelabs.com.br\/enquanto-william-bonner-ganhava-salario-de-farao-na-globo-cesar-tralli-aceitou-mixaria-por-mes\/","title":{"rendered":"Enquanto William Bonner ganhava sal\u00e1rio de fara\u00f3 na Globo, C\u00e9sar Tralli aceitou \u201cmixaria\u201d por m\u00eas"},"content":{"rendered":"\n<p>A diferen\u00e7a salarial entre os principais \u00e2ncoras do jornalismo da TV Globo sempre despertou curiosidade do p\u00fablico, especialmente quando se trata de nomes de grande prest\u00edgio como William Bonner e C\u00e9sar Tralli. Enquanto Bonner ganhava incr\u00edveis R$ 900 mil mensais para comandar o Jornal Nacional, seu substituto ter\u00e1 vencimentos mais &#8220;modestos&#8221;.<\/p>\n\n\n\n<p>De acordo com informa\u00e7\u00f5es divulgadas pelo colunista Andr\u00e9 Romano, do jornal O Tempo, C\u00e9sar Tralli passar\u00e1 a receber um sal\u00e1rio de R$ 350 mil por m\u00eas em sua nova fun\u00e7\u00e3o no JN \u2014 valor que representa quase o triplo do que ganhava no Jornal Hoje, onde sua remunera\u00e7\u00e3o girava em torno de R$ 120 mil mensais.<\/p>\n\n\n\n<p>Al\u00e9m do novo sal\u00e1rio, a Globo tamb\u00e9m ficar\u00e1 respons\u00e1vel pelas despesas de moradia de C\u00e9sar Tralli no Rio de Janeiro, j\u00e1 que o jornalista reside em S\u00e3o Paulo. O pacote de benef\u00edcios inclui o aluguel de um im\u00f3vel pr\u00f3ximo aos Est\u00fadios Globo, em Jacarepagu\u00e1, al\u00e9m dos custos de deslocamento. Bonner, por outro lado, permanece na emissora, mas desfrutando de uma rotina bem mais tranquila.<\/p>\n\n\n\n<p>Ele estar\u00e1 ao lado de Sandra Annenberg no Globo Rep\u00f3rter e ter\u00e1 um robusto corte em seu sal\u00e1rio, passando a receber &#8220;apenas&#8221; R$ 200 mil por m\u00eas em sua nova fun\u00e7\u00e3o na Globo. Na \u00faltima sexta-feira (31), o hist\u00f3rico \u00e2ncora se despediu oficialmente do JN.<\/p>\n\n\n\n<h2 class=\"wp-block-heading\">Sa\u00edda de Bonner movimentou bastidores da Globo<\/h2>\n\n\n\n<p>O adeus de William Bonner ao Jornal Nacional ap\u00f3s longos 25 anos movimentou os bastidores do jornalismo da Globo. Al\u00e9m da ida de C\u00e9sar Tralli ao Jornal Nacional, outras tr\u00eas mudan\u00e7as foram feitas: Cristiana Sousa Cruz assume o cargo de editora-chefe do JN, Roberto Kovalick assume o Jornal Hoje e Tiago Scheuer comandar\u00e1 o Hora 1.<\/p>\n\n\n\n<figure class=\"wp-block-embed is-type-video is-provider-youtube wp-block-embed-youtube wp-embed-aspect-16-9 wp-has-aspect-ratio\"><div class=\"wp-block-embed__wrapper\">\n<div class=\"jeg_video_container jeg_video_content\"><iframe loading=\"lazy\" title=\"Da estreia ao \u00faltimo boa noite: relembre trajet\u00f3ria de William Bonner no Jornal Nacional\" width=\"500\" height=\"281\" src=\"https:\/\/www.youtube.com\/embed\/JhRmSCXosug?feature=oembed\" frameborder=\"0\" allow=\"accelerometer; autoplay; clipboard-write; encrypted-media; gyroscope; picture-in-picture; web-share\" referrerpolicy=\"strict-origin-when-cross-origin\" allowfullscreen><\/iframe><\/div>\n<\/div><\/figure>\n","protected":false},"excerpt":{"rendered":"<p>A diferen\u00e7a salarial entre os principais \u00e2ncoras do jornalismo da TV Globo sempre despertou curiosidade do p\u00fablico, especialmente quando se trata de nomes de grande prest\u00edgio como William Bonner e C\u00e9sar Tralli. Enquanto Bonner ganhava incr\u00edveis R$ 900 mil mensais para comandar o Jornal Nacional, seu substituto ter\u00e1 vencimentos mais &#8220;modestos&#8221;. De acordo com informa\u00e7\u00f5es [&hellip;]<\/p>\n","protected":false},"author":4,"featured_media":8057,"comment_status":"open","ping_status":"open","sticky":false,"template":"","format":"standard","meta":{"jnews-multi-image_gallery":[],"jnews_single_post":{"format":"standard"},"jnews_primary_category":[],"jnews_social_meta":[],"jnews_post_split":[],"footnotes":""},"categories":[1],"tags":[],"class_list":["post-8056","post","type-post","status-publish","format-standard","has-post-thumbnail","hentry","category-uncategorized"],"_links":{"self":[{"href":"https:\/\/diariodepernambuco.audiencelabs.com.br\/wp-json\/wp\/v2\/posts\/8056","targetHints":{"allow":["GET"]}}],"collection":[{"href":"https:\/\/diariodepernambuco.audiencelabs.com.br\/wp-json\/wp\/v2\/posts"}],"about":[{"href":"https:\/\/diariodepernambuco.audiencelabs.com.br\/wp-json\/wp\/v2\/types\/post"}],"author":[{"embeddable":true,"href":"https:\/\/diariodepernambuco.audiencelabs.com.br\/wp-json\/wp\/v2\/users\/4"}],"replies":[{"embeddable":true,"href":"https:\/\/diariodepernambuco.audiencelabs.com.br\/wp-json\/wp\/v2\/comments?post=8056"}],"version-history":[{"count":2,"href":"https:\/\/diariodepernambuco.audiencelabs.com.br\/wp-json\/wp\/v2\/posts\/8056\/revisions"}],"predecessor-version":[{"id":8083,"href":"https:\/\/diariodepernambuco.audiencelabs.com.br\/wp-json\/wp\/v2\/posts\/8056\/revisions\/8083"}],"wp:featuredmedia":[{"embeddable":true,"href":"https:\/\/diariodepernambuco.audiencelabs.com.br\/wp-json\/wp\/v2\/media\/8057"}],"wp:attachment":[{"href":"https:\/\/diariodepernambuco.audiencelabs.com.br\/wp-json\/wp\/v2\/media?parent=8056"}],"wp:term":[{"taxonomy":"category","embeddable":true,"href":"https:\/\/diariodepernambuco.audiencelabs.com.br\/wp-json\/wp\/v2\/categories?post=8056"},{"taxonomy":"post_tag","embeddable":true,"href":"https:\/\/diariodepernambuco.audiencelabs.com.br\/wp-json\/wp\/v2\/tags?post=8056"}],"curies":[{"name":"wp","href":"https:\/\/api.w.org\/{rel}","templated":true}]}}