{"id":8060,"date":"2025-11-04T09:49:14","date_gmt":"2025-11-04T12:49:14","guid":{"rendered":"https:\/\/diariodepernambuco.audiencelabs.com.br\/?p=8060"},"modified":"2025-11-04T09:49:20","modified_gmt":"2025-11-04T12:49:20","slug":"rei-das-criptomoedas-perdeu-tudo-que-tinha-e-sumiu-com-proprio-dinheiro","status":"publish","type":"post","link":"https:\/\/diariodepernambuco.audiencelabs.com.br\/rei-das-criptomoedas-perdeu-tudo-que-tinha-e-sumiu-com-proprio-dinheiro\/","title":{"rendered":"Rei das criptomoedas perdeu tudo que tinha e sumiu com pr\u00f3prio dinheiro"},"content":{"rendered":"\n<p>Por muito tempo, Sam Bankman-Fried foi visto como o grande \u201cg\u00eanio\u201d do universo das criptomoedas. Fundador da exchange FTX, ele ergueu um imp\u00e9rio que ultrapassou os US$ 32 bilh\u00f5es em valor de mercado antes mesmo de completar 30 anos. Jovem, bilion\u00e1rio e com a reputa\u00e7\u00e3o de filantropo vision\u00e1rio, tornou-se o s\u00edmbolo do novo mercado financeiro digital.<\/p>\n\n\n\n<p>No entanto, em quest\u00e3o de dias, todo o imp\u00e9rio ruiu. Em 2022, a FTX desmoronou ap\u00f3s a revela\u00e7\u00e3o de irregularidades financeiras bilion\u00e1rias. Investiga\u00e7\u00f5es mostraram que os recursos investidos na plataforma estavam sendo desviados ilegalmente para cobrir as perdas de outra empresa do mesmo grupo, a Alameda Research.<\/p>\n\n\n\n<p>O que antes parecia um empreendimento s\u00f3lido transformou-se em um dos maiores esc\u00e2ndalos da hist\u00f3ria das criptomoedas. Sam Bankman-Fried, que figurava nas listas da Forbes e era presen\u00e7a constante em eventos internacionais, viu sua fortuna de dezenas de bilh\u00f5es de d\u00f3lares desaparecer em quest\u00e3o de dias.<\/p>\n\n\n\n<p>Milhares de investidores sofreram preju\u00edzos, e Sam Bankman-Fried passou de bilion\u00e1rio a r\u00e9u em acusa\u00e7\u00f5es de fraude, lavagem de dinheiro e conspira\u00e7\u00e3o. Atualmente, o ex-\u201crei das criptos\u201d enfrenta condena\u00e7\u00f5es judiciais nos Estados Unidos, tornando-se um s\u00edmbolo de como o sucesso digital pode se converter em queda vertiginosa em quest\u00e3o de instantes.<\/p>\n\n\n\n<h2 class=\"wp-block-heading\">O colapso que abalou o mercado digital<\/h2>\n\n\n\n<p>A queda da FTX n\u00e3o apenas destruiu a fortuna de Sam Bankman-Fried, mas tamb\u00e9m provocou um abalo s\u00edsmico em todo o setor de criptomoedas. O epis\u00f3dio fez com que milhares de investidores perdessem a confian\u00e7a em plataformas de troca digital, levando governos e \u00f3rg\u00e3os reguladores a intensificarem a fiscaliza\u00e7\u00e3o sobre o mercado.<\/p>\n\n\n\n<p>A promessa de descentraliza\u00e7\u00e3o e liberdade financeira deu lugar a um cen\u00e1rio de desconfian\u00e7a e instabilidade. Al\u00e9m do impacto econ\u00f4mico, o caso exp\u00f4s a fragilidade de um sistema que cresceu r\u00e1pido demais e sem supervis\u00e3o adequada. O nome de Bankman-Fried, antes associado \u00e0 inova\u00e7\u00e3o e \u00e0 generosidade, passou a representar o lado obscuro do sucesso digital.<\/p>\n\n\n\n<p><\/p>\n","protected":false},"excerpt":{"rendered":"<p>Por muito tempo, Sam Bankman-Fried foi visto como o grande \u201cg\u00eanio\u201d do universo das criptomoedas. Fundador da exchange FTX, ele ergueu um imp\u00e9rio que ultrapassou os US$ 32 bilh\u00f5es em valor de mercado antes mesmo de completar 30 anos. Jovem, bilion\u00e1rio e com a reputa\u00e7\u00e3o de filantropo vision\u00e1rio, tornou-se o s\u00edmbolo do novo mercado financeiro [&hellip;]<\/p>\n","protected":false},"author":4,"featured_media":8061,"comment_status":"open","ping_status":"open","sticky":false,"template":"","format":"standard","meta":{"jnews-multi-image_gallery":[],"jnews_single_post":{"format":"standard"},"jnews_primary_category":[],"jnews_social_meta":[],"jnews_post_split":[],"footnotes":""},"categories":[1],"tags":[],"class_list":["post-8060","post","type-post","status-publish","format-standard","has-post-thumbnail","hentry","category-uncategorized"],"_links":{"self":[{"href":"https:\/\/diariodepernambuco.audiencelabs.com.br\/wp-json\/wp\/v2\/posts\/8060","targetHints":{"allow":["GET"]}}],"collection":[{"href":"https:\/\/diariodepernambuco.audiencelabs.com.br\/wp-json\/wp\/v2\/posts"}],"about":[{"href":"https:\/\/diariodepernambuco.audiencelabs.com.br\/wp-json\/wp\/v2\/types\/post"}],"author":[{"embeddable":true,"href":"https:\/\/diariodepernambuco.audiencelabs.com.br\/wp-json\/wp\/v2\/users\/4"}],"replies":[{"embeddable":true,"href":"https:\/\/diariodepernambuco.audiencelabs.com.br\/wp-json\/wp\/v2\/comments?post=8060"}],"version-history":[{"count":1,"href":"https:\/\/diariodepernambuco.audiencelabs.com.br\/wp-json\/wp\/v2\/posts\/8060\/revisions"}],"predecessor-version":[{"id":8062,"href":"https:\/\/diariodepernambuco.audiencelabs.com.br\/wp-json\/wp\/v2\/posts\/8060\/revisions\/8062"}],"wp:featuredmedia":[{"embeddable":true,"href":"https:\/\/diariodepernambuco.audiencelabs.com.br\/wp-json\/wp\/v2\/media\/8061"}],"wp:attachment":[{"href":"https:\/\/diariodepernambuco.audiencelabs.com.br\/wp-json\/wp\/v2\/media?parent=8060"}],"wp:term":[{"taxonomy":"category","embeddable":true,"href":"https:\/\/diariodepernambuco.audiencelabs.com.br\/wp-json\/wp\/v2\/categories?post=8060"},{"taxonomy":"post_tag","embeddable":true,"href":"https:\/\/diariodepernambuco.audiencelabs.com.br\/wp-json\/wp\/v2\/tags?post=8060"}],"curies":[{"name":"wp","href":"https:\/\/api.w.org\/{rel}","templated":true}]}}