{"id":8069,"date":"2025-11-04T10:50:15","date_gmt":"2025-11-04T13:50:15","guid":{"rendered":"https:\/\/diariodepernambuco.audiencelabs.com.br\/?p=8069"},"modified":"2025-11-04T12:19:32","modified_gmt":"2025-11-04T15:19:32","slug":"ac-dc-no-brasil-passo-a-passo-para-comprar-ingressos","status":"publish","type":"post","link":"https:\/\/diariodepernambuco.audiencelabs.com.br\/ac-dc-no-brasil-passo-a-passo-para-comprar-ingressos\/","title":{"rendered":"AC\/DC no Brasil: Passo a passo para comprar ingressos"},"content":{"rendered":"\n<p>Ap\u00f3s um longo hiato de quase duas d\u00e9cadas longe dos palcos brasileiros, o AC\/DC confirmou que voltar\u00e1 ao Brasil para uma apresenta\u00e7\u00e3o \u00fanica. <\/p>\n\n\n\n<p>O an\u00fancio da vinda da lend\u00e1ria banda australiana movimentou os f\u00e3s, que desde ent\u00e3o buscam informa\u00e7\u00f5es sobre como garantir ingressos e acompanhar esse momento hist\u00f3rico marcado para 2026.<\/p>\n\n\n\n<h2 class=\"wp-block-heading\">AC\/DC no Brasil: Passo a passo para comprar ingressos<\/h2>\n\n\n\n<p>A apresenta\u00e7\u00e3o acontecer\u00e1 no dia 24 de fevereiro de 2026, no Est\u00e1dio do MorumBIS, em S\u00e3o Paulo. O show faz parte da turn\u00ea mundial <em>Power Up<\/em>, que tamb\u00e9m passar\u00e1 por outros pa\u00edses da Am\u00e9rica do Sul, como Argentina e Chile, al\u00e9m de Estados Unidos e Canad\u00e1. <\/p>\n\n\n\n<p>Esta ser\u00e1 a \u00fanica data no Brasil e promete lotar o est\u00e1dio com uma multid\u00e3o de f\u00e3s ansiosos por rever os \u00eddolos ao vivo.<\/p>\n\n\n\n<p>A venda de ingressos ter\u00e1 in\u00edcio na sexta-feira,<a href=\"https:\/\/diariodepernambuco.com.br\/dpmais\/bolsa-familia-de-novembro-datas-e-valores-para-receber\/\" target=\"_blank\" rel=\"noopener\"><strong> 7 de novembro<\/strong><\/a>, a partir das 10h da manh\u00e3. As entradas estar\u00e3o dispon\u00edveis exclusivamente atrav\u00e9s da plataforma <a href=\"https:\/\/www.ticketmaster.com.br\/\" target=\"_blank\" rel=\"noopener\"><strong>Ticketmaster<\/strong><\/a>, com possibilidade de pagamento em at\u00e9 seis vezes sem juros no cart\u00e3o de cr\u00e9dito. <\/p>\n\n\n\n<p>Apesar de os pre\u00e7os ainda n\u00e3o terem sido oficialmente revelados, a organiza\u00e7\u00e3o j\u00e1 informou que todos os detalhes de valores e setores ser\u00e3o divulgados nos pr\u00f3ximos dias.<\/p>\n\n\n\n<p>Al\u00e9m disso, foi confirmado que a banda norte-americana <em>The Pretty Reckless<\/em> ser\u00e1 a respons\u00e1vel pela abertura da noite, aumentando ainda mais a expectativa para o evento. <\/p>\n\n\n\n<p>A produ\u00e7\u00e3o \u00e9 assinada pela Live Nation, que j\u00e1 anunciou que outras informa\u00e7\u00f5es sobre pontos de venda f\u00edsicos e instru\u00e7\u00f5es para meia-entrada devem ser publicadas em breve.<\/p>\n\n\n\n<h3 class=\"wp-block-heading\">AC\/DC volta ao Brasil ap\u00f3s 17 anos<\/h3>\n\n\n\n<p>O AC\/DC se apresenta atualmente com Angus Young na guitarra solo, seu sobrinho Stevie Young na guitarra base, Brian Johnson nos vocais, Cliff Williams no baixo e Phil Rudd na bateria. <\/p>\n\n\n\n<p>Essa forma\u00e7\u00e3o representa uma fus\u00e3o entre os membros cl\u00e1ssicos e os nomes que assumiram a continuidade da banda ap\u00f3s a sa\u00edda ou falecimento de integrantes hist\u00f3ricos, como Malcolm Young, falecido em 2017, e Colin Burgess, baterista da forma\u00e7\u00e3o original, que morreu em 2023.<\/p>\n\n\n\n<p>A \u00faltima vez que o grupo esteve no Brasil foi em 2009, durante a turn\u00ea <em>Black Ice<\/em>. Agora, 17 anos depois, a volta do AC\/DC \u00e9 encarada como uma verdadeira celebra\u00e7\u00e3o do rock. <\/p>\n\n\n\n<p>Para os f\u00e3s, ser\u00e1 mais do que um show: ser\u00e1 a chance de viver um cap\u00edtulo \u00e0 parte da hist\u00f3ria da m\u00fasica, ao lado de uma das bandas mais emblem\u00e1ticas do g\u00eanero.<\/p>\n","protected":false},"excerpt":{"rendered":"<p>Ap\u00f3s um longo hiato de quase duas d\u00e9cadas longe dos palcos brasileiros, o AC\/DC confirmou que voltar\u00e1 ao Brasil para uma apresenta\u00e7\u00e3o \u00fanica. O an\u00fancio da vinda da lend\u00e1ria banda australiana movimentou os f\u00e3s, que desde ent\u00e3o buscam informa\u00e7\u00f5es sobre como garantir ingressos e acompanhar esse momento hist\u00f3rico marcado para 2026. AC\/DC no Brasil: Passo [&hellip;]<\/p>\n","protected":false},"author":12,"featured_media":8070,"comment_status":"open","ping_status":"open","sticky":false,"template":"","format":"standard","meta":{"jnews-multi-image_gallery":[],"jnews_single_post":{"format":"standard"},"jnews_primary_category":[],"jnews_social_meta":[],"jnews_post_split":[],"footnotes":""},"categories":[1],"tags":[],"class_list":["post-8069","post","type-post","status-publish","format-standard","has-post-thumbnail","hentry","category-uncategorized"],"_links":{"self":[{"href":"https:\/\/diariodepernambuco.audiencelabs.com.br\/wp-json\/wp\/v2\/posts\/8069","targetHints":{"allow":["GET"]}}],"collection":[{"href":"https:\/\/diariodepernambuco.audiencelabs.com.br\/wp-json\/wp\/v2\/posts"}],"about":[{"href":"https:\/\/diariodepernambuco.audiencelabs.com.br\/wp-json\/wp\/v2\/types\/post"}],"author":[{"embeddable":true,"href":"https:\/\/diariodepernambuco.audiencelabs.com.br\/wp-json\/wp\/v2\/users\/12"}],"replies":[{"embeddable":true,"href":"https:\/\/diariodepernambuco.audiencelabs.com.br\/wp-json\/wp\/v2\/comments?post=8069"}],"version-history":[{"count":1,"href":"https:\/\/diariodepernambuco.audiencelabs.com.br\/wp-json\/wp\/v2\/posts\/8069\/revisions"}],"predecessor-version":[{"id":8071,"href":"https:\/\/diariodepernambuco.audiencelabs.com.br\/wp-json\/wp\/v2\/posts\/8069\/revisions\/8071"}],"wp:featuredmedia":[{"embeddable":true,"href":"https:\/\/diariodepernambuco.audiencelabs.com.br\/wp-json\/wp\/v2\/media\/8070"}],"wp:attachment":[{"href":"https:\/\/diariodepernambuco.audiencelabs.com.br\/wp-json\/wp\/v2\/media?parent=8069"}],"wp:term":[{"taxonomy":"category","embeddable":true,"href":"https:\/\/diariodepernambuco.audiencelabs.com.br\/wp-json\/wp\/v2\/categories?post=8069"},{"taxonomy":"post_tag","embeddable":true,"href":"https:\/\/diariodepernambuco.audiencelabs.com.br\/wp-json\/wp\/v2\/tags?post=8069"}],"curies":[{"name":"wp","href":"https:\/\/api.w.org\/{rel}","templated":true}]}}