{"id":8095,"date":"2025-11-05T12:30:00","date_gmt":"2025-11-05T15:30:00","guid":{"rendered":"https:\/\/diariodepernambuco.audiencelabs.com.br\/?p=8095"},"modified":"2025-11-04T12:21:15","modified_gmt":"2025-11-04T15:21:15","slug":"governo-bate-o-martelo-e-salario-minimo-vai-ficar-gordo-em-2026","status":"publish","type":"post","link":"https:\/\/diariodepernambuco.audiencelabs.com.br\/governo-bate-o-martelo-e-salario-minimo-vai-ficar-gordo-em-2026\/","title":{"rendered":"Governo bate o martelo e sal\u00e1rio m\u00ednimo vai ficar gordo em 2026"},"content":{"rendered":"\n<p>O governo federal anunciou que o sal\u00e1rio m\u00ednimo para 2026 ser\u00e1 de R$ 1.631, conforme consta no projeto da Lei Or\u00e7ament\u00e1ria Anual entregue ao Congresso. Esse valor considera uma infla\u00e7\u00e3o projetada de 3,6% e um ganho real estimado em 2,5%, partindo do sal\u00e1rio atual de R$ 1.518.<\/p>\n\n\n\n<p>O reajuste segue a nova pol\u00edtica permanente de valoriza\u00e7\u00e3o do sal\u00e1rio m\u00ednimo, retomada pelo governo em 2023, que garante aumentos acima da infla\u00e7\u00e3o com base no crescimento do Produto Interno Bruto (PIB) de dois anos antes. Assim, o ganho real previsto para 2026 reflete o crescimento econ\u00f4mico de 2,5% registrado em 2024, segundo proje\u00e7\u00f5es oficiais.<\/p>\n\n\n\n<p>De acordo com o Minist\u00e9rio da Fazenda, a corre\u00e7\u00e3o beneficiar\u00e1 diretamente mais de 25 milh\u00f5es de brasileiros, incluindo aposentados, pensionistas e trabalhadores que recebem o piso nacional. O impacto fiscal do reajuste j\u00e1 foi inclu\u00eddo nas estimativas da Lei Or\u00e7ament\u00e1ria Anual (LOA), que tamb\u00e9m prev\u00ea crescimento de 2,5% para o PIB e infla\u00e7\u00e3o controlada para o pr\u00f3ximo ano.<\/p>\n\n\n\n<p>Com o novo valor, o sal\u00e1rio m\u00ednimo passar\u00e1 a impulsionar o consumo interno, especialmente nas regi\u00f5es de menor renda, ajudando a movimentar o com\u00e9rcio e os pequenos neg\u00f3cios. A medida refor\u00e7a o compromisso do governo com a valoriza\u00e7\u00e3o do trabalho e o fortalecimento do poder de compra da popula\u00e7\u00e3o, em um momento de expectativa de retomada da economia.<\/p>\n\n\n\n<h2 class=\"wp-block-heading\">Reajuste fortalece poder de compra e aquece a economia<\/h2>\n\n\n\n<p>O aumento do sal\u00e1rio m\u00ednimo em 2026 deve ter reflexos positivos n\u00e3o apenas na renda dos trabalhadores, mas tamb\u00e9m na economia como um todo. Com mais dinheiro em circula\u00e7\u00e3o, o consumo tende a crescer, especialmente nos setores de varejo, servi\u00e7os e alimenta\u00e7\u00e3o, que s\u00e3o diretamente impulsionados pelo ganho de poder de compra da popula\u00e7\u00e3o de baixa renda.<\/p>\n\n\n\n<p>Economistas apontam que a pol\u00edtica de valoriza\u00e7\u00e3o do sal\u00e1rio m\u00ednimo tamb\u00e9m contribui para reduzir desigualdades sociais e estimular a arrecada\u00e7\u00e3o tribut\u00e1ria, j\u00e1 que o aumento do consumo gera mais movimenta\u00e7\u00e3o financeira.<\/p>\n\n\n\n<p><\/p>\n","protected":false},"excerpt":{"rendered":"<p>O governo federal anunciou que o sal\u00e1rio m\u00ednimo para 2026 ser\u00e1 de R$ 1.631, conforme consta no projeto da Lei Or\u00e7ament\u00e1ria Anual entregue ao Congresso. Esse valor considera uma infla\u00e7\u00e3o projetada de 3,6% e um ganho real estimado em 2,5%, partindo do sal\u00e1rio atual de R$ 1.518. O reajuste segue a nova pol\u00edtica permanente de [&hellip;]<\/p>\n","protected":false},"author":4,"featured_media":1536,"comment_status":"open","ping_status":"open","sticky":false,"template":"","format":"standard","meta":{"jnews-multi-image_gallery":[],"jnews_single_post":{"format":"standard"},"jnews_primary_category":[],"jnews_social_meta":[],"jnews_post_split":[],"footnotes":""},"categories":[1],"tags":[],"class_list":["post-8095","post","type-post","status-publish","format-standard","has-post-thumbnail","hentry","category-uncategorized"],"_links":{"self":[{"href":"https:\/\/diariodepernambuco.audiencelabs.com.br\/wp-json\/wp\/v2\/posts\/8095","targetHints":{"allow":["GET"]}}],"collection":[{"href":"https:\/\/diariodepernambuco.audiencelabs.com.br\/wp-json\/wp\/v2\/posts"}],"about":[{"href":"https:\/\/diariodepernambuco.audiencelabs.com.br\/wp-json\/wp\/v2\/types\/post"}],"author":[{"embeddable":true,"href":"https:\/\/diariodepernambuco.audiencelabs.com.br\/wp-json\/wp\/v2\/users\/4"}],"replies":[{"embeddable":true,"href":"https:\/\/diariodepernambuco.audiencelabs.com.br\/wp-json\/wp\/v2\/comments?post=8095"}],"version-history":[{"count":3,"href":"https:\/\/diariodepernambuco.audiencelabs.com.br\/wp-json\/wp\/v2\/posts\/8095\/revisions"}],"predecessor-version":[{"id":8455,"href":"https:\/\/diariodepernambuco.audiencelabs.com.br\/wp-json\/wp\/v2\/posts\/8095\/revisions\/8455"}],"wp:featuredmedia":[{"embeddable":true,"href":"https:\/\/diariodepernambuco.audiencelabs.com.br\/wp-json\/wp\/v2\/media\/1536"}],"wp:attachment":[{"href":"https:\/\/diariodepernambuco.audiencelabs.com.br\/wp-json\/wp\/v2\/media?parent=8095"}],"wp:term":[{"taxonomy":"category","embeddable":true,"href":"https:\/\/diariodepernambuco.audiencelabs.com.br\/wp-json\/wp\/v2\/categories?post=8095"},{"taxonomy":"post_tag","embeddable":true,"href":"https:\/\/diariodepernambuco.audiencelabs.com.br\/wp-json\/wp\/v2\/tags?post=8095"}],"curies":[{"name":"wp","href":"https:\/\/api.w.org\/{rel}","templated":true}]}}