{"id":8112,"date":"2025-11-05T06:14:00","date_gmt":"2025-11-05T09:14:00","guid":{"rendered":"https:\/\/diariodepernambuco.audiencelabs.com.br\/?p=8112"},"modified":"2025-11-04T13:04:56","modified_gmt":"2025-11-04T16:04:56","slug":"prazo-para-finalizar-indicacao-no-minha-casa-minha-vida-esta-acabando","status":"publish","type":"post","link":"https:\/\/diariodepernambuco.audiencelabs.com.br\/prazo-para-finalizar-indicacao-no-minha-casa-minha-vida-esta-acabando\/","title":{"rendered":"Prazo para finalizar indica\u00e7\u00e3o no Minha Casa Minha Vida est\u00e1 acabando"},"content":{"rendered":"\n<p>Moradores de Boa Vista interessados em participar do programa habitacional Minha Casa Minha Vida \u2013 Faixa 1 t\u00eam apenas at\u00e9 esta sexta-feira, 7 de novembro, para finalizar a inscri\u00e7\u00e3o. <\/p>\n\n\n\n<p>A data marca o encerramento do prazo estipulado pela Prefeitura para o cadastramento online. <\/p>\n\n\n\n<p>Embora algumas pessoas tenham relatado dificuldades t\u00e9cnicas ao acessar o sistema, o munic\u00edpio orienta que os candidatos mantenham a tentativa, pois o site continua recebendo inscri\u00e7\u00f5es normalmente.<\/p>\n\n\n\n<h2 class=\"wp-block-heading\">Prazo para finalizar indica\u00e7\u00e3o no Minha Casa Minha Vida est\u00e1 acabando<\/h2>\n\n\n\n<p>O programa Minha Casa Minha Vida \u00e9 voltado a fam\u00edlias de baixa renda, especialmente aquelas que ganham at\u00e9 R$ 2.850 por m\u00eas. Al\u00e9m do crit\u00e9rio de renda, \u00e9 exigido que os candidatos estejam com o Cadastro \u00danico (<a href=\"https:\/\/diariodepernambuco.com.br\/dpmais\/calendario-de-bolsa-familia-e-inss-no-mes-de-outubro-e-novembro-foi-divulgado\/\" target=\"_blank\" rel=\"noopener\"><strong>Cad\u00danico<\/strong><\/a>) ativo e atualizado. <\/p>\n\n\n\n<p>A proposta da iniciativa \u00e9 facilitar o acesso \u00e0 moradia digna para as popula\u00e7\u00f5es mais vulner\u00e1veis. Nesta etapa, est\u00e3o sendo contempladas unidades habitacionais em dez bairros da capital roraimense, entre eles Caimb\u00e9, Cidade Sat\u00e9lite, Jardim Tropical e Centen\u00e1rio.<\/p>\n\n\n\n<p>Todo o processo de inscri\u00e7\u00e3o no Minha Casa Minha Vida para moradores da cidade \u00e9 feito digitalmente por meio da plataforma Cidade Social, dispon\u00edvel no site oficial da Prefeitura de Boa Vista. <\/p>\n\n\n\n<p>Os interessados devem <a href=\"https:\/\/cidadesocial1.ae3tecnologia.com.br\/login\" target=\"_blank\" rel=\"noopener\"><strong>acessar o portal<\/strong><\/a>, fazer login com e-mail e senha j\u00e1 cadastrados em servi\u00e7os municipais, como programas sociais e esportivos, e, em seguida, selecionar a op\u00e7\u00e3o \u201cInscri\u00e7\u00f5es MCMV\u201d. <\/p>\n\n\n\n<p>Quem nunca utilizou a plataforma precisar\u00e1 criar uma conta para preencher os dados exigidos.<\/p>\n\n\n\n<h3 class=\"wp-block-heading\">Prefeitura de Boa Vista orienta interessados no Minha Casa Minha Vida sobre o que fazer em rela\u00e7\u00e3o a falhas no portal Cidade Social<\/h3>\n\n\n\n<p>Apesar da expectativa, o processo tem gerado frustra\u00e7\u00e3o em alguns candidatos. Relatos de instabilidade na p\u00e1gina, falhas na cria\u00e7\u00e3o de senha e dificuldade para acessar o sistema ap\u00f3s o cadastro t\u00eam sido frequentes. <\/p>\n\n\n\n<p>Em resposta, a Secretaria Municipal de Assist\u00eancia e Desenvolvimento Social afirmou que o sistema est\u00e1 operando normalmente, mas que picos de acesso simult\u00e2neo podem causar lentid\u00e3o.<\/p>\n\n\n\n<p>A Prefeitura explicou ainda que quem j\u00e1 possui conta em servi\u00e7os como o Fam\u00edlia que Acolhe ou projetos sociais municipais deve usar o mesmo e-mail e senha para se logar. <\/p>\n\n\n\n<p>Caso tenha esquecido a senha, o usu\u00e1rio pode redefini-la por meio do link enviado ao e-mail e n\u00famero de celular cadastrados. <\/p>\n\n\n\n<p>J\u00e1 aqueles que n\u00e3o lembram qual e-mail foi usado devem entrar em contato, exclusivamente por mensagem, com a equipe do programa pelo WhatsApp (95) 98410-5984, informando nome completo, CPF, data de nascimento e o problema enfrentado.<\/p>\n\n\n\n<p>O processo seletivo seguir\u00e1 crit\u00e9rios estabelecidos em decreto, priorizando, entre outros fatores, fam\u00edlias que moram na cidade h\u00e1 mais de dez anos e aquelas com pessoas idosas, com defici\u00eancia ou chefiadas por mulheres.<\/p>\n","protected":false},"excerpt":{"rendered":"<p>Moradores de Boa Vista interessados em participar do programa habitacional Minha Casa Minha Vida \u2013 Faixa 1 t\u00eam apenas at\u00e9 esta sexta-feira, 7 de novembro, para finalizar a inscri\u00e7\u00e3o. A data marca o encerramento do prazo estipulado pela Prefeitura para o cadastramento online. Embora algumas pessoas tenham relatado dificuldades t\u00e9cnicas ao acessar o sistema, o [&hellip;]<\/p>\n","protected":false},"author":12,"featured_media":8113,"comment_status":"open","ping_status":"open","sticky":false,"template":"","format":"standard","meta":{"jnews-multi-image_gallery":[],"jnews_single_post":{"format":"standard"},"jnews_primary_category":[],"jnews_social_meta":[],"jnews_post_split":[],"footnotes":""},"categories":[1],"tags":[],"class_list":["post-8112","post","type-post","status-publish","format-standard","has-post-thumbnail","hentry","category-uncategorized"],"_links":{"self":[{"href":"https:\/\/diariodepernambuco.audiencelabs.com.br\/wp-json\/wp\/v2\/posts\/8112","targetHints":{"allow":["GET"]}}],"collection":[{"href":"https:\/\/diariodepernambuco.audiencelabs.com.br\/wp-json\/wp\/v2\/posts"}],"about":[{"href":"https:\/\/diariodepernambuco.audiencelabs.com.br\/wp-json\/wp\/v2\/types\/post"}],"author":[{"embeddable":true,"href":"https:\/\/diariodepernambuco.audiencelabs.com.br\/wp-json\/wp\/v2\/users\/12"}],"replies":[{"embeddable":true,"href":"https:\/\/diariodepernambuco.audiencelabs.com.br\/wp-json\/wp\/v2\/comments?post=8112"}],"version-history":[{"count":1,"href":"https:\/\/diariodepernambuco.audiencelabs.com.br\/wp-json\/wp\/v2\/posts\/8112\/revisions"}],"predecessor-version":[{"id":8114,"href":"https:\/\/diariodepernambuco.audiencelabs.com.br\/wp-json\/wp\/v2\/posts\/8112\/revisions\/8114"}],"wp:featuredmedia":[{"embeddable":true,"href":"https:\/\/diariodepernambuco.audiencelabs.com.br\/wp-json\/wp\/v2\/media\/8113"}],"wp:attachment":[{"href":"https:\/\/diariodepernambuco.audiencelabs.com.br\/wp-json\/wp\/v2\/media?parent=8112"}],"wp:term":[{"taxonomy":"category","embeddable":true,"href":"https:\/\/diariodepernambuco.audiencelabs.com.br\/wp-json\/wp\/v2\/categories?post=8112"},{"taxonomy":"post_tag","embeddable":true,"href":"https:\/\/diariodepernambuco.audiencelabs.com.br\/wp-json\/wp\/v2\/tags?post=8112"}],"curies":[{"name":"wp","href":"https:\/\/api.w.org\/{rel}","templated":true}]}}