{"id":8115,"date":"2025-12-22T10:45:00","date_gmt":"2025-12-22T13:45:00","guid":{"rendered":"https:\/\/diariodepernambuco.audiencelabs.com.br\/?p=8115"},"modified":"2025-12-18T07:09:03","modified_gmt":"2025-12-18T10:09:03","slug":"14o-salario-de-natal-qual-a-verdade-sobre-esses-rumores","status":"publish","type":"post","link":"https:\/\/diariodepernambuco.audiencelabs.com.br\/14o-salario-de-natal-qual-a-verdade-sobre-esses-rumores\/","title":{"rendered":"14\u00ba sal\u00e1rio de Natal: qual a verdade sobre esses rumores?"},"content":{"rendered":"\n<p>Com a chegada das festas de fim de ano, cresce a expectativa entre trabalhadores e aposentados sobre poss\u00edveis pagamentos extras. Ap\u00f3s o dep\u00f3sito do 13\u00ba sal\u00e1rio, j\u00e1 antecipado pelo governo e empresas em 2025, muita gente tem voltado a aten\u00e7\u00e3o para a possibilidade de um 14\u00ba sal\u00e1rio ser liberado na \u00faltima semana de dezembro. <\/p>\n\n\n\n<p>A ideia, amplamente comentada nas redes sociais, \u00e9 de que o valor extra funcionaria como um b\u00f4nus de Natal: nas empresas privadas, seria pago por iniciativa dos patr\u00f5es; no caso dos aposentados e pensionistas do INSS, viria do governo federal. <\/p>\n\n\n\n<p>Mas ser\u00e1 que essa informa\u00e7\u00e3o \u00e9 verdadeira? Existe, de fato, esse pagamento? E quem recebe o valor extra neste final de ano?<\/p>\n\n\n\n<h2 class=\"wp-block-heading\">14\u00ba sal\u00e1rio de Natal: qual a verdade sobre esses rumores?<\/h2>\n\n\n\n<p>Na pr\u00e1tica, o chamado 14\u00ba sal\u00e1rio n\u00e3o est\u00e1 previsto na legisla\u00e7\u00e3o trabalhista brasileira. Ao contr\u00e1rio do 13\u00ba, que \u00e9 um direito garantido por lei a todos os trabalhadores com carteira assinada, o 14\u00ba sal\u00e1rio n\u00e3o \u00e9 obrigat\u00f3rio. <\/p>\n\n\n\n<p>Algumas empresas, principalmente de grande porte ou multinacionais, at\u00e9 adotam pol\u00edticas internas de bonifica\u00e7\u00e3o anual, oferecendo gratifica\u00e7\u00f5es que podem ser confundidas com um \u201c14\u00ba\u201d. <\/p>\n\n\n\n<p>No entanto, esses b\u00f4nus s\u00e3o decis\u00f5es empresariais espec\u00edficas e n\u00e3o seguem um padr\u00e3o legal ou obrigat\u00f3rio. <\/p>\n\n\n\n<p>Ou seja, mesmo que o trabalhador j\u00e1 tenha recebido o 13\u00ba, ele s\u00f3 ter\u00e1 direito a um valor adicional se a empresa decidir, por conta pr\u00f3pria, fazer esse pagamento, j\u00e1 que nenhum empregador tem tem essa obriga\u00e7\u00e3o.<\/p>\n\n\n\n<h3 class=\"wp-block-heading\">E o 14\u00ba sal\u00e1rio para aposentados e pensionistas do INSS em 2025?<\/h3>\n\n\n\n<p>No caso dos aposentados e pensionistas do Instituto Nacional do Seguro Social (INSS), a situa\u00e7\u00e3o \u00e9 semelhante, embora envolva um debate legislativo mais recente. <\/p>\n\n\n\n<p>Desde 2020, quando a crise da covid-19 afetou a economia do pa\u00eds, foi proposta a cria\u00e7\u00e3o de um 14\u00ba sal\u00e1rio emergencial para esse grupo. A ideia foi formalizada no <a href=\"https:\/\/www.camara.leg.br\/proposicoesWeb\/fichadetramitacao?idProposicao=2261044\" target=\"_blank\" rel=\"noopener\"><strong>Projeto de Lei 4367\/2020<\/strong><\/a>, apresentado na C\u00e2mara dos Deputados. <\/p>\n\n\n\n<p>A proposta chegou a avan\u00e7ar em algumas comiss\u00f5es, mas nunca foi aprovada pelo Congresso nem sancionada pelo Executivo, e portanto, esse repasse extra n\u00e3o existe oficialmente e nem \u00e9 obrigat\u00f3rio.<\/p>\n\n\n\n<p>Diante da proximidade do fim do ano e da persist\u00eancia dos boatos, o pr\u00f3prio INSS se manifestou. De forma clara, o \u00f3rg\u00e3o confirmou que n\u00e3o haver\u00e1 <a href=\"https:\/\/diariodepernambuco.com.br\/dpmais\/salario-minimo-deixa-de-servir-de-base-e-pode-alterar-pagamento-de-varios-brasileiros\/\" target=\"_blank\" rel=\"noopener\"><strong>pagamento<\/strong><\/a> de 14\u00ba sal\u00e1rio em 2025 para aposentados e pensionistas. <\/p>\n\n\n\n<p>O governo federal tamb\u00e9m n\u00e3o demonstrou interesse em transformar o projeto em medida provis\u00f3ria, o que seria necess\u00e1rio para viabilizar o repasse.<\/p>\n\n\n\n<p>Em resumo, o 14\u00ba sal\u00e1rio permanece como uma possibilidade te\u00f3rica, mas ainda distante da realidade. At\u00e9 segunda ordem, n\u00e3o h\u00e1 pagamento extra previsto al\u00e9m do 13\u00ba.<\/p>\n\n\n\n<p><\/p>\n","protected":false},"excerpt":{"rendered":"<p>Com a chegada das festas de fim de ano, cresce a expectativa entre trabalhadores e aposentados sobre poss\u00edveis pagamentos extras. Ap\u00f3s o dep\u00f3sito do 13\u00ba sal\u00e1rio, j\u00e1 antecipado pelo governo e empresas em 2025, muita gente tem voltado a aten\u00e7\u00e3o para a possibilidade de um 14\u00ba sal\u00e1rio ser liberado na \u00faltima semana de dezembro. A [&hellip;]<\/p>\n","protected":false},"author":12,"featured_media":8116,"comment_status":"open","ping_status":"open","sticky":false,"template":"","format":"standard","meta":{"jnews-multi-image_gallery":[],"jnews_single_post":{"format":"standard"},"jnews_primary_category":[],"jnews_social_meta":[],"jnews_post_split":[],"footnotes":""},"categories":[1],"tags":[],"class_list":["post-8115","post","type-post","status-publish","format-standard","has-post-thumbnail","hentry","category-uncategorized"],"_links":{"self":[{"href":"https:\/\/diariodepernambuco.audiencelabs.com.br\/wp-json\/wp\/v2\/posts\/8115","targetHints":{"allow":["GET"]}}],"collection":[{"href":"https:\/\/diariodepernambuco.audiencelabs.com.br\/wp-json\/wp\/v2\/posts"}],"about":[{"href":"https:\/\/diariodepernambuco.audiencelabs.com.br\/wp-json\/wp\/v2\/types\/post"}],"author":[{"embeddable":true,"href":"https:\/\/diariodepernambuco.audiencelabs.com.br\/wp-json\/wp\/v2\/users\/12"}],"replies":[{"embeddable":true,"href":"https:\/\/diariodepernambuco.audiencelabs.com.br\/wp-json\/wp\/v2\/comments?post=8115"}],"version-history":[{"count":1,"href":"https:\/\/diariodepernambuco.audiencelabs.com.br\/wp-json\/wp\/v2\/posts\/8115\/revisions"}],"predecessor-version":[{"id":8117,"href":"https:\/\/diariodepernambuco.audiencelabs.com.br\/wp-json\/wp\/v2\/posts\/8115\/revisions\/8117"}],"wp:featuredmedia":[{"embeddable":true,"href":"https:\/\/diariodepernambuco.audiencelabs.com.br\/wp-json\/wp\/v2\/media\/8116"}],"wp:attachment":[{"href":"https:\/\/diariodepernambuco.audiencelabs.com.br\/wp-json\/wp\/v2\/media?parent=8115"}],"wp:term":[{"taxonomy":"category","embeddable":true,"href":"https:\/\/diariodepernambuco.audiencelabs.com.br\/wp-json\/wp\/v2\/categories?post=8115"},{"taxonomy":"post_tag","embeddable":true,"href":"https:\/\/diariodepernambuco.audiencelabs.com.br\/wp-json\/wp\/v2\/tags?post=8115"}],"curies":[{"name":"wp","href":"https:\/\/api.w.org\/{rel}","templated":true}]}}