{"id":8118,"date":"2025-11-05T18:45:00","date_gmt":"2025-11-05T21:45:00","guid":{"rendered":"https:\/\/diariodepernambuco.audiencelabs.com.br\/?p=8118"},"modified":"2025-11-04T14:27:23","modified_gmt":"2025-11-04T17:27:23","slug":"oficial-conmebol-confirma-data-e-horario-da-final-da-libertadores","status":"publish","type":"post","link":"https:\/\/diariodepernambuco.audiencelabs.com.br\/oficial-conmebol-confirma-data-e-horario-da-final-da-libertadores\/","title":{"rendered":"Oficial! Conmebol confirma data e hor\u00e1rio da final da Libertadores"},"content":{"rendered":"\n<p>A <a href=\"https:\/\/www.conmebol.com\/pt-br\/\" target=\"_blank\" rel=\"noopener\"><strong>Conmebol<\/strong><\/a> anunciou oficialmente a data e o hor\u00e1rio da final da Copa Libertadores da Am\u00e9rica deste ano. <\/p>\n\n\n\n<p>A entidade que rege o futebol sul-americano divulgou a atualiza\u00e7\u00e3o por meio de suas redes sociais, confirmando o que muitos torcedores aguardavam com expectativa: a grande decis\u00e3o j\u00e1 tem dia, local e hora marcados. <\/p>\n\n\n\n<p>Em campo, estar\u00e3o dois dos clubes mais tradicionais e populares do Brasil, em um confronto que promete parar o pa\u00eds e atrair a aten\u00e7\u00e3o de toda a Am\u00e9rica do Sul.<\/p>\n\n\n\n<h2 class=\"wp-block-heading\">Oficial! Conmebol confirma data e hor\u00e1rio da final da Libertadores<\/h2>\n\n\n\n<p>A final entre <a href=\"https:\/\/diariodepernambuco.com.br\/dpmais\/flamengo-ganha-segunda-chance-e-vai-enfrentar-o-atletico-mineiro-na-copa-do-brasil-novamente\/\" target=\"_blank\" rel=\"noopener\"><strong>Flamengo<\/strong><\/a> e Palmeiras ser\u00e1 realizada no dia 29 de novembro, um s\u00e1bado, com in\u00edcio marcado para as 18h no hor\u00e1rio de Bras\u00edlia. O palco do duelo ser\u00e1 o Est\u00e1dio Monumental de Lima, no Peru, que volta a receber uma decis\u00e3o continental ap\u00f3s cinco anos. <\/p>\n\n\n\n<p>A mudan\u00e7a no hor\u00e1rio, que anteriormente estava previsto para as 17h, atende a uma solicita\u00e7\u00e3o feita nos bastidores e tem como objetivo evitar o forte calor na capital peruana no meio da tarde. Com a nova defini\u00e7\u00e3o, a partida ser\u00e1 disputada \u00e0s 16h no hor\u00e1rio local.<\/p>\n\n\n\n<p>Flamengo e Palmeiras reeditar\u00e3o a final de 2021, quando os paulistas levaram a melhor e levantaram a ta\u00e7a ap\u00f3s vit\u00f3ria por 2 a 1 na prorroga\u00e7\u00e3o. Agora, o reencontro coloca frente a frente dois elencos milion\u00e1rios e repletos de jogadores experientes. <\/p>\n\n\n\n<p>O time carioca garantiu sua vaga ao eliminar o Racing, da Argentina, enquanto o Verd\u00e3o protagonizou uma virada hist\u00f3rica sobre a LDU, goleando por 4 a 0 em casa depois de perder o jogo de ida por 3 a 0.<\/p>\n\n\n\n<h3 class=\"wp-block-heading\">Vit\u00f3ria na Libertadores garante vaga no Mundial de Clubes<\/h3>\n\n\n\n<p>A Copa Libertadores da Am\u00e9rica \u00e9 a competi\u00e7\u00e3o de clubes mais importante do continente sul-americano. Criada em 1960, re\u00fane os campe\u00f5es e melhores colocados dos principais campeonatos nacionais da Am\u00e9rica do Sul. <\/p>\n\n\n\n<p>Vencer a Libertadores significa alcan\u00e7ar prest\u00edgio internacional, al\u00e9m de garantir uma vaga no Mundial de Clubes da FIFA. <\/p>\n\n\n\n<p>Para Flamengo e Palmeiras, times que v\u00eam protagonizando o futebol brasileiro nos \u00faltimos anos, o t\u00edtulo representa mais do que gl\u00f3ria: \u00e9 uma afirma\u00e7\u00e3o de dom\u00ednio regional e uma oportunidade de marcar de vez seus nomes na hist\u00f3ria.<\/p>\n\n\n\n<p>Com dois gigantes em campo, uma final internacional e a paix\u00e3o de milh\u00f5es de torcedores envolvidos, a edi\u00e7\u00e3o 2025 da Libertadores promete ser hist\u00f3rica.<\/p>\n\n\n\n<p><\/p>\n","protected":false},"excerpt":{"rendered":"<p>A Conmebol anunciou oficialmente a data e o hor\u00e1rio da final da Copa Libertadores da Am\u00e9rica deste ano. A entidade que rege o futebol sul-americano divulgou a atualiza\u00e7\u00e3o por meio de suas redes sociais, confirmando o que muitos torcedores aguardavam com expectativa: a grande decis\u00e3o j\u00e1 tem dia, local e hora marcados. Em campo, estar\u00e3o [&hellip;]<\/p>\n","protected":false},"author":12,"featured_media":8132,"comment_status":"open","ping_status":"open","sticky":false,"template":"","format":"standard","meta":{"jnews-multi-image_gallery":[],"jnews_single_post":{"format":"standard"},"jnews_primary_category":[],"jnews_social_meta":[],"jnews_post_split":[],"footnotes":""},"categories":[1],"tags":[],"class_list":["post-8118","post","type-post","status-publish","format-standard","has-post-thumbnail","hentry","category-uncategorized"],"_links":{"self":[{"href":"https:\/\/diariodepernambuco.audiencelabs.com.br\/wp-json\/wp\/v2\/posts\/8118","targetHints":{"allow":["GET"]}}],"collection":[{"href":"https:\/\/diariodepernambuco.audiencelabs.com.br\/wp-json\/wp\/v2\/posts"}],"about":[{"href":"https:\/\/diariodepernambuco.audiencelabs.com.br\/wp-json\/wp\/v2\/types\/post"}],"author":[{"embeddable":true,"href":"https:\/\/diariodepernambuco.audiencelabs.com.br\/wp-json\/wp\/v2\/users\/12"}],"replies":[{"embeddable":true,"href":"https:\/\/diariodepernambuco.audiencelabs.com.br\/wp-json\/wp\/v2\/comments?post=8118"}],"version-history":[{"count":1,"href":"https:\/\/diariodepernambuco.audiencelabs.com.br\/wp-json\/wp\/v2\/posts\/8118\/revisions"}],"predecessor-version":[{"id":8136,"href":"https:\/\/diariodepernambuco.audiencelabs.com.br\/wp-json\/wp\/v2\/posts\/8118\/revisions\/8136"}],"wp:featuredmedia":[{"embeddable":true,"href":"https:\/\/diariodepernambuco.audiencelabs.com.br\/wp-json\/wp\/v2\/media\/8132"}],"wp:attachment":[{"href":"https:\/\/diariodepernambuco.audiencelabs.com.br\/wp-json\/wp\/v2\/media?parent=8118"}],"wp:term":[{"taxonomy":"category","embeddable":true,"href":"https:\/\/diariodepernambuco.audiencelabs.com.br\/wp-json\/wp\/v2\/categories?post=8118"},{"taxonomy":"post_tag","embeddable":true,"href":"https:\/\/diariodepernambuco.audiencelabs.com.br\/wp-json\/wp\/v2\/tags?post=8118"}],"curies":[{"name":"wp","href":"https:\/\/api.w.org\/{rel}","templated":true}]}}