{"id":8119,"date":"2025-11-05T15:00:00","date_gmt":"2025-11-05T18:00:00","guid":{"rendered":"https:\/\/diariodepernambuco.audiencelabs.com.br\/?p=8119"},"modified":"2025-11-04T13:50:41","modified_gmt":"2025-11-04T16:50:41","slug":"mudanca-nas-ferias-dos-trabalhadores-foi-confirmada","status":"publish","type":"post","link":"https:\/\/diariodepernambuco.audiencelabs.com.br\/mudanca-nas-ferias-dos-trabalhadores-foi-confirmada\/","title":{"rendered":"Mudan\u00e7a nas f\u00e9rias dos trabalhadores foi confirmada"},"content":{"rendered":"\n<p>Em 2025, a Consolida\u00e7\u00e3o das Leis do Trabalho (CLT) passou por uma nova atualiza\u00e7\u00e3o considerada importante. Embora o direito a 30 dias de f\u00e9rias remuneradas tenha sido mantido, as mudan\u00e7as introduzidas alteram a forma como empregadores e empregados devem se organizar. O prop\u00f3sito central da revis\u00e3o \u00e9 aumentar a previsibilidade, a transpar\u00eancia e o equil\u00edbrio nas rela\u00e7\u00f5es trabalhistas.<\/p>\n\n\n\n<p>Entre as novidades, destaca-se a exig\u00eancia de comunica\u00e7\u00e3o antecipada do per\u00edodo de f\u00e9rias. Agora, as empresas devem avisar os funcion\u00e1rios com pelo menos 30 dias de anteced\u00eancia, e o comunicado precisa ser feito por escrito. A medida busca eliminar pr\u00e1ticas comuns no passado, quando trabalhadores eram informados de \u00faltima hora sobre o in\u00edcio das f\u00e9rias.<\/p>\n\n\n\n<p>Outra altera\u00e7\u00e3o de grande relev\u00e2ncia \u00e9 a institui\u00e7\u00e3o da multa autom\u00e1tica para casos em que as f\u00e9rias n\u00e3o s\u00e3o concedidas dentro do prazo previsto em lei. Antes, o empregado precisava acionar a Justi\u00e7a para garantir o cumprimento do direito, o que tornava o processo lento e burocr\u00e1tico. Com a nova regra, a penalidade \u00e9 aplicada de forma imediata, refor\u00e7ando a fiscaliza\u00e7\u00e3o e assegurando maior prote\u00e7\u00e3o ao trabalhador.<\/p>\n\n\n\n<p>O fracionamento das f\u00e9rias foi mantido, mas passou a seguir crit\u00e9rios mais rigorosos. O primeiro per\u00edodo deve ter no m\u00ednimo 14 dias consecutivos, e os demais precisam contar com ao menos 10 dias cada. Per\u00edodos inferiores a uma semana deixaram de ser permitidos. Al\u00e9m disso, a empresa deve justificar formalmente a divis\u00e3o, e o empregado pode recusar o fracionamento, garantindo mais equil\u00edbrio na negocia\u00e7\u00e3o.<\/p>\n\n\n\n<h2 class=\"wp-block-heading\">Regras mais claras e maior prote\u00e7\u00e3o ao trabalhador<\/h2>\n\n\n\n<p>As novas diretrizes da CLT refletem uma tentativa de modernizar as rela\u00e7\u00f5es de trabalho e reduzir conflitos entre empregados e empregadores. Ao estabelecer prazos, crit\u00e9rios e puni\u00e7\u00f5es mais definidos, o governo busca criar um ambiente profissional mais previs\u00edvel e menos sujeito a abusos. A inten\u00e7\u00e3o \u00e9 garantir que o direito \u00e0s f\u00e9rias seja respeitado de forma integral.<\/p>\n\n\n\n<p>Especialistas em direito trabalhista avaliam que as mudan\u00e7as representam um avan\u00e7o na valoriza\u00e7\u00e3o do trabalhador e na transpar\u00eancia das rela\u00e7\u00f5es laborais. Com a comunica\u00e7\u00e3o obrigat\u00f3ria, a multa autom\u00e1tica e a limita\u00e7\u00e3o do fracionamento, as novas regras refor\u00e7am a import\u00e2ncia do planejamento e da negocia\u00e7\u00e3o entre as partes.<\/p>\n\n\n\n<p><\/p>\n","protected":false},"excerpt":{"rendered":"<p>Em 2025, a Consolida\u00e7\u00e3o das Leis do Trabalho (CLT) passou por uma nova atualiza\u00e7\u00e3o considerada importante. Embora o direito a 30 dias de f\u00e9rias remuneradas tenha sido mantido, as mudan\u00e7as introduzidas alteram a forma como empregadores e empregados devem se organizar. O prop\u00f3sito central da revis\u00e3o \u00e9 aumentar a previsibilidade, a transpar\u00eancia e o equil\u00edbrio [&hellip;]<\/p>\n","protected":false},"author":4,"featured_media":4343,"comment_status":"open","ping_status":"open","sticky":false,"template":"","format":"standard","meta":{"jnews-multi-image_gallery":[],"jnews_single_post":{"format":"standard"},"jnews_primary_category":[],"jnews_social_meta":[],"jnews_post_split":[],"footnotes":""},"categories":[1],"tags":[],"class_list":["post-8119","post","type-post","status-publish","format-standard","has-post-thumbnail","hentry","category-uncategorized"],"_links":{"self":[{"href":"https:\/\/diariodepernambuco.audiencelabs.com.br\/wp-json\/wp\/v2\/posts\/8119","targetHints":{"allow":["GET"]}}],"collection":[{"href":"https:\/\/diariodepernambuco.audiencelabs.com.br\/wp-json\/wp\/v2\/posts"}],"about":[{"href":"https:\/\/diariodepernambuco.audiencelabs.com.br\/wp-json\/wp\/v2\/types\/post"}],"author":[{"embeddable":true,"href":"https:\/\/diariodepernambuco.audiencelabs.com.br\/wp-json\/wp\/v2\/users\/4"}],"replies":[{"embeddable":true,"href":"https:\/\/diariodepernambuco.audiencelabs.com.br\/wp-json\/wp\/v2\/comments?post=8119"}],"version-history":[{"count":3,"href":"https:\/\/diariodepernambuco.audiencelabs.com.br\/wp-json\/wp\/v2\/posts\/8119\/revisions"}],"predecessor-version":[{"id":8452,"href":"https:\/\/diariodepernambuco.audiencelabs.com.br\/wp-json\/wp\/v2\/posts\/8119\/revisions\/8452"}],"wp:featuredmedia":[{"embeddable":true,"href":"https:\/\/diariodepernambuco.audiencelabs.com.br\/wp-json\/wp\/v2\/media\/4343"}],"wp:attachment":[{"href":"https:\/\/diariodepernambuco.audiencelabs.com.br\/wp-json\/wp\/v2\/media?parent=8119"}],"wp:term":[{"taxonomy":"category","embeddable":true,"href":"https:\/\/diariodepernambuco.audiencelabs.com.br\/wp-json\/wp\/v2\/categories?post=8119"},{"taxonomy":"post_tag","embeddable":true,"href":"https:\/\/diariodepernambuco.audiencelabs.com.br\/wp-json\/wp\/v2\/tags?post=8119"}],"curies":[{"name":"wp","href":"https:\/\/api.w.org\/{rel}","templated":true}]}}