{"id":8130,"date":"2025-11-05T17:30:00","date_gmt":"2025-11-05T20:30:00","guid":{"rendered":"https:\/\/diariodepernambuco.audiencelabs.com.br\/?p=8130"},"modified":"2025-11-06T11:42:35","modified_gmt":"2025-11-06T14:42:35","slug":"cidade-mais-quente-do-brasil-derrete-ate-asfaltos-e-tem-clima-de-deserto","status":"publish","type":"post","link":"https:\/\/diariodepernambuco.audiencelabs.com.br\/cidade-mais-quente-do-brasil-derrete-ate-asfaltos-e-tem-clima-de-deserto\/","title":{"rendered":"Cidade mais quente do Brasil derrete at\u00e9 asfaltos e tem clima de deserto"},"content":{"rendered":"\n<p>A pequena cidade de Oeiras, no interior do Piau\u00ed, est\u00e1 chamando aten\u00e7\u00e3o nacional \u2014 e n\u00e3o \u00e9 por causa de alguma atra\u00e7\u00e3o tur\u00edstica ou evento cultural. Nos \u00faltimos dois anos, o munic\u00edpio teve a maior temperatura e a menor umidade do ar do pa\u00eds. Em outubro, os term\u00f4metros chegaram a marcar 41,2\u202f\u00b0C e a umidade caiu para 10%.<\/p>\n\n\n\n<p>A umidade do ar tem ficado muito abaixo dos 40% recomendados pela Organiza\u00e7\u00e3o Mundial da Sa\u00fade (OMS), o que oferece riscos \u00e0 sa\u00fade da popula\u00e7\u00e3o. O clima quente e seco \u00e9 caracter\u00edstico do chamado B-R-O Br\u00f3 \u2014 per\u00edodo que se estende de setembro a dezembro e marca as temperaturas mais altas do ano no Piau\u00ed.<\/p>\n\n\n\n<h2 class=\"wp-block-heading\">Cidade mais quente do Brasil<\/h2>\n\n\n\n<p>Al\u00e9m de Oeiras, outras cinco cidades do estado apareceram nas listas do Instituto Nacional de Meteorologia (Inmet). S\u00e3o elas: Picos, Teresina, Valen\u00e7a do Piau\u00ed, S\u00e3o Jo\u00e3o do Piau\u00ed e Uru\u00e7u\u00ed. Em entrevista ao portal g1, o otorrinolaringologista Paulo Rog\u00e9rio afirmou que \u00e9 preciso redobrar os cuidados com a sa\u00fade nesse per\u00edodo.<\/p>\n\n\n\n<p>&#8220;Pode haver problemas na pele devido \u00e0 exposi\u00e7\u00e3o solar, ressecamento dos olhos, do nariz, da garganta e dos pulm\u00f5es. Sintomas como sangramento e infec\u00e7\u00f5es, mais graves em crian\u00e7as e idosos, exigem muita aten\u00e7\u00e3o&#8221;, disse o especialista.<\/p>\n\n\n\n<p>O calor intenso j\u00e1 faz parte do cotidiano dos moradores de Oeiras, que precisaram adaptar seus h\u00e1bitos \u00e0s altas temperaturas. Durante as horas mais quentes do dia, as ruas praticamente esvaziam, e boa parte da popula\u00e7\u00e3o opta por trabalhar nas primeiras horas da manh\u00e3 ou durante a madrugada.<\/p>\n\n\n<style>@media (min-width: 992px) {\n    .recomendadorV2Area1 {\n        width: 280px;\n    }\n    .recomendadorV2Area2 {\n        padding: 0px 20px;\n        width: calc(100% - 280px);\n    }\n}\n\n@media (max-width: 992px) {\n    .recomendadorV2Button {\n        margin: 0 auto;\n    }\n    .recomendadorV2Area {\n        flex-direction: column;\n        text-align: center;\n    }\n    .recomendadorV2Area2 {\n        padding: 0px 20px;\n    }\n}\n\n.recomendadorV2Area {\n    background: #eeeeee3d;\n    border-radius: 10px;\n    padding: 15px;\n    display: flex;\n    margin: 15px auto;\n    border: 1px solid #00000014;\n    max-width: 800px;\n}\n\n.recomendadorV2Area1 img {\n    width: 280px;\n    height: auto;\n    border-radius: 8px;\n}\n\n.linkrecomendadorv2 {\n    text-decoration: none !important;\n}\n\n.recomendadorV2Area2 .recomendadorV2Type {\n    text-transform: uppercase;\n    font-weight: 500;\n    font-size: 11px;\n    letter-spacing: 2px;\n    color: #666;\n    margin: 12px 0;\n    display: block;\n}\n\n.recomendadorV2Title h2 {\n    padding-top: 0px !important;\n    margin: 0px !important;\n    border-left: none !important;\n    padding-left: 0px !important;\n    line-height: 1.3;\n    color: #000 !important;\n    font-size: 24px;\n    margin-bottom: 12px !important;\n}\n\n.recomendadorV2Desc {\n    color: #333;\n    margin: 12px 0px !important;\n    font-size: 15px;\n    line-height: 1.5;\n}\n\n.recomendadorV2Button {\n    width: auto;\n    max-width: 200px;\n    margin: 0;\n    display: inline-flex;\n    align-items: center;\n    background: #1D3557;\n    border-radius: 8px;\n    color: #fff;\n    height: 36px;\n    justify-content: center;\n    text-align: center;\n    font-size: 14px;\n    padding: 0 20px;\n    transition: background-color 0.2s ease;\n}\n\n.recomendadorV2Button:hover {\n    background: #2a4d7a;\n}\n\n.recomendadorV2Button:after {\n    margin-top: -2px;\n    content: \"\u2192\";\n    padding: 0px 0px 0px 8px;\n}\n\n.recomendadorV2Alert {\n    text-align: left;\n    font-size: 11px;\n    margin-top: 8px;\n    color: #666;\n}\n\n.recomendadorFixedArea {\n    width: 100%;\n    display: flex;\n    justify-content: center;\n    align-items: center;\n}\n\n@media (min-width: 992px) {\n    #recomendadorFixed {\n        width: 32% !important;\n        left: 5%;\n    }\n    .recomendadorCloseFixed{\n        right: inherit !important;\n        left: 378px !important;\n    }\n}\n\n#recomendadorFixed {\n    width: 90%;\n    box-shadow: 0 10px 20px 0px #00000057;\n    display: none;\n    height: 90px;\n    background: #F6F6F6;\n    position: fixed;\n    flex-direction: row;\n    bottom: 10px;\n    z-index: 9999;\n    border-radius: 16px;\n    padding: 7px 10px;\n}\n\n.recomendadorLeftArea {\n    width: 160px;\n}\n\n.recomendadorRightArea h2 {\n    padding-top: 0px;\n    margin: 2px 0px 4px 0px !important;\n    font-weight: 400;\n    text-align: center;\n    padding-left: 0px !important;\n    color: #000 !important;\n    border-left: none !important;\n    line-height: 20px;\n    font-size: 12px !important;\n}\n\n.recomendadorImgFixed {\n    overflow: hidden;\n    padding: 8px 6px;\n    height: 100%;\n}\n\n.recomendadorImgFixed img {\n    height: 100% !important;\n    border-radius: 16px;\n}\n\n.recomendadorRightArea {\n    padding-top: 6px;\n    display: flex;\n    width: calc(100% - 130px);\n    justify-content: space-between;\n    align-items: center;\n    flex-direction: column;\n}\n\n.recomendadorButtonFixed {\n    margin: 0 auto;\n    background: #1D3557;\n    width: 80%;\n    text-align: center;\n    font-size: 10px;\n    color: #FFF;\n    padding: 2px 10px;\n    border-radius: 3px;\n}\n\n.recomendadorButtonFixed:after {\n    margin-top: -3px;\n    content: \"\u2192\";\n    padding: 0px 0px 0px 10px;\n}\n\n.recomendadorAlertFixed {\n    font-weight: 400;\n    text-align: center;\n    color: #484848;\n    font-size: 8px;\n}\n\n.recomendadorCloseFixed {\n    z-index: 99999;\n    display: none;\n    right: 0px;\n    left: inherit;\n    bottom: 99px;\n    position: fixed;\n    justify-content: center;\n    background: #F6F6F6;\n    width: 25px;\n    align-items: center;\n    height: 25px;\n    font-weight: 800;\n    border-radius: 50%;\n    border: 1px solid #EBEBEB;\n}\n\n.recomendadorV2Desc{\n    color: #000000;\n    margin: 20px 0px;\n}\n\n@media (max-width: 576px) {\n    .recomendadorV2Area {\n      padding: 10px;\n      max-width: 100%;\n    }\n  \n    .recomendadorV2Area1 img {\n      width: 100%;\n      border-radius: 6px;\n    }\n  \n    .recomendadorV2Area2 .recomendadorV2Type {\n      font-size: 9px;\n      letter-spacing: 1px;\n      margin: 8px 0;\n    }\n  \n    .recomendadorV2Title h2 {\n      font-size: 18px !important;\n      margin-bottom: 8px !important;\n      line-height: 1.2;\n    }\n  \n    .recomendadorV2Desc {\n      font-size: 14px;\n      margin: 8px 0 !important;\n      line-height: 1.4;\n    }\n  \n    .recomendadorV2Button {\n      font-size: 12px;\n      height: 30px;\n      padding: 0 12px;\n      max-width: 160px;\n    }\n  \n    .recomendadorV2Button:after {\n      padding-left: 6px;\n    }\n  }\n  <\/style>\n        <div class=\"lazyblock-recomendador-v2-2jDGz wp-block-lazyblock-recomendador-v2\">\n        <a class=\"linkrecomendadorv2\" href=\"https:\/\/diariodepernambuco.com.br\/dpmais\/cidade-mais-isolada-do-brasil-para-chegar-la-e-so-de-barco-ou-aviao\/?utm_source=lazy\" target=\"_blank\" rel=\"noopener\">\n            <div class=\"recomendadorV2Area\">\n            <div class=\"recomendadorV2Area1\">\n                <div class=\"recomendadorV2Img\">\n                <img class=\"lazyloaded\" decoding=\"async\" src=\"https:\/\/diariodepernambuco.audiencelabs.com.br\/wp-content\/uploads\/2025\/11\/Marechal-Thaumaturgo.jpg\" data-src=\"https:\/\/diariodepernambuco.audiencelabs.com.br\/wp-content\/uploads\/2025\/11\/Marechal-Thaumaturgo.jpg\" alt=\"\">\n                <\/div>\n            <\/div>\n            <div class=\"recomendadorV2Area2\">\n                <div class=\"recomendadorV2Type\">\n                    <span>Destino remoto<\/span>\n                <\/div>\n                <div class=\"recomendadorV2Title\">\n                <h2><span>Conhe\u00e7a a cidade mais isolada do Brasil \ud83c\udf0e<\/span><\/h2>\n                <\/div>\n                <div class=\"recomendadorV2Desc\">\n                <span>Descubra como chegar ao lugar que poucos visitam<\/span>\n                <\/div>\n                <div class=\"recomendadorV2Button\">Quero conhecer agora<\/div>\n                <div class=\"recomendadorV2Alert\"><\/div>\n            <\/div>\n            <\/div>\n        <\/a>\n        <div>\n            <div style=\"z-index:99999;\" id=\"buttonClose\" onclick=\"closeRecomendadorFixed()\">\n            <div class=\"recomendadorCloseFixed\">X<\/div>\n            <\/div>\n            <a href=\"https:\/\/diariodepernambuco.com.br\/dpmais\/cidade-mais-isolada-do-brasil-para-chegar-la-e-so-de-barco-ou-aviao\/?utm_source=lazy\" target=\"_blank\" rel=\"noopener\">\n            <div class=\"recomendadorFixedArea\">\n                <div id=\"recomendadorFixed\">\n                <div class=\"recomendadorLeftArea\">\n                    <div class=\"recomendadorImgFixed\">\n                    <img class=\"lazyload\" decoding=\"async\" src=\"https:\/\/diariodepernambuco.audiencelabs.com.br\/wp-content\/uploads\/2025\/11\/Marechal-Thaumaturgo.jpg\" alt=\"\">\n                    <\/div>\n                <\/div>\n                <div class=\"recomendadorRightArea\">\n                    <div class=\"recomendadorTitleFixed\">\n                    <h2><span>Conhe\u00e7a a cidade mais isolada do Brasil \ud83c\udf0e<\/span><\/h2>\n                    <\/div>\n                    <div class=\"recomendadorButtonFixed\">Quero conhecer agora<\/div>\n                    <div class=\"recomendadorAlertFixed\"><\/div>\n                <\/div>\n                <\/div>\n            <\/div>\n            <\/a>\n        <\/div>\n        <\/div>\n\n\n\n<h2 class=\"wp-block-heading\">Dicas para enfrentar o tempo seco<\/h2>\n\n\n\n<p>\ud83d\udca7 Beba bastante \u00e1gua \u2014 Mantenha-se hidratado ao longo do dia, mesmo sem sentir sede. A falta de reposi\u00e7\u00e3o h\u00eddrica \u00e9 um dos principais riscos em per\u00edodos de baixa umidade.<\/p>\n\n\n\n<p>\ud83c\udf3f Use umidificadores ou bacias com \u00e1gua \u2014 Coloque recipientes com \u00e1gua ou toalhas molhadas nos c\u00f4modos para aumentar a umidade do ar, especialmente durante a noite.<\/p>\n\n\n\n<p>\ud83d\udebf Evite banhos muito quentes \u2014 Eles ressecam ainda mais a pele. Prefira \u00e1gua morna e use hidratantes ap\u00f3s o banho.<\/p>\n\n\n\n<p>\ud83d\ude37 Proteja as vias respirat\u00f3rias \u2014 Inale vapor de \u00e1gua, use soro fisiol\u00f3gico no nariz e evite locais com muita poeira.<\/p>\n\n\n\n<p>\ud83d\udd76\ufe0f Evite atividades f\u00edsicas nas horas mais quentes \u2014 Pratique exerc\u00edcios antes das 10h ou ap\u00f3s as 17h, quando a temperatura est\u00e1 mais amena.<\/p>\n\n\n\n<p>\ud83e\ude9f Mantenha os ambientes arejados \u2014 Abra janelas nos hor\u00e1rios mais frescos do dia para renovar o ar e reduzir o calor acumulado.<\/p>\n\n\n\n<p>\ud83c\udf49 Consuma alimentos ricos em \u00e1gua \u2014 Frutas como melancia, laranja, abacaxi e pepino ajudam na hidrata\u00e7\u00e3o.<\/p>\n\n\n\n<p>\ud83e\uddf4 Hidrate a pele e os l\u00e1bios \u2014 Use cremes e protetores labiais para evitar rachaduras e ressecamento.<\/p>\n\n\n\n<p>\ud83d\udead Evite fuma\u00e7a e polui\u00e7\u00e3o \u2014 N\u00e3o queime lixo ou folhas secas, e fique longe de locais com fuma\u00e7a, pois o ar seco potencializa irrita\u00e7\u00f5es nas vias respirat\u00f3rias.<\/p>\n\n\n\n<p><\/p>\n","protected":false},"excerpt":{"rendered":"<p>A pequena cidade de Oeiras, no interior do Piau\u00ed, est\u00e1 chamando aten\u00e7\u00e3o nacional \u2014 e n\u00e3o \u00e9 por causa de alguma atra\u00e7\u00e3o tur\u00edstica ou evento cultural. Nos \u00faltimos dois anos, o munic\u00edpio teve a maior temperatura e a menor umidade do ar do pa\u00eds. Em outubro, os term\u00f4metros chegaram a marcar 41,2\u202f\u00b0C e a umidade [&hellip;]<\/p>\n","protected":false},"author":4,"featured_media":8133,"comment_status":"open","ping_status":"open","sticky":false,"template":"","format":"standard","meta":{"jnews-multi-image_gallery":[],"jnews_single_post":{"format":"standard"},"jnews_primary_category":[],"jnews_social_meta":[],"jnews_post_split":[],"footnotes":""},"categories":[1],"tags":[],"class_list":["post-8130","post","type-post","status-publish","format-standard","has-post-thumbnail","hentry","category-uncategorized"],"_links":{"self":[{"href":"https:\/\/diariodepernambuco.audiencelabs.com.br\/wp-json\/wp\/v2\/posts\/8130","targetHints":{"allow":["GET"]}}],"collection":[{"href":"https:\/\/diariodepernambuco.audiencelabs.com.br\/wp-json\/wp\/v2\/posts"}],"about":[{"href":"https:\/\/diariodepernambuco.audiencelabs.com.br\/wp-json\/wp\/v2\/types\/post"}],"author":[{"embeddable":true,"href":"https:\/\/diariodepernambuco.audiencelabs.com.br\/wp-json\/wp\/v2\/users\/4"}],"replies":[{"embeddable":true,"href":"https:\/\/diariodepernambuco.audiencelabs.com.br\/wp-json\/wp\/v2\/comments?post=8130"}],"version-history":[{"count":5,"href":"https:\/\/diariodepernambuco.audiencelabs.com.br\/wp-json\/wp\/v2\/posts\/8130\/revisions"}],"predecessor-version":[{"id":8451,"href":"https:\/\/diariodepernambuco.audiencelabs.com.br\/wp-json\/wp\/v2\/posts\/8130\/revisions\/8451"}],"wp:featuredmedia":[{"embeddable":true,"href":"https:\/\/diariodepernambuco.audiencelabs.com.br\/wp-json\/wp\/v2\/media\/8133"}],"wp:attachment":[{"href":"https:\/\/diariodepernambuco.audiencelabs.com.br\/wp-json\/wp\/v2\/media?parent=8130"}],"wp:term":[{"taxonomy":"category","embeddable":true,"href":"https:\/\/diariodepernambuco.audiencelabs.com.br\/wp-json\/wp\/v2\/categories?post=8130"},{"taxonomy":"post_tag","embeddable":true,"href":"https:\/\/diariodepernambuco.audiencelabs.com.br\/wp-json\/wp\/v2\/tags?post=8130"}],"curies":[{"name":"wp","href":"https:\/\/api.w.org\/{rel}","templated":true}]}}