{"id":8200,"date":"2025-11-05T10:11:28","date_gmt":"2025-11-05T13:11:28","guid":{"rendered":"https:\/\/diariodepernambuco.audiencelabs.com.br\/?p=8200"},"modified":"2025-11-05T11:45:00","modified_gmt":"2025-11-05T14:45:00","slug":"nome-masculino-que-todas-maes-colocavam-nos-bebes-desapareceu","status":"publish","type":"post","link":"https:\/\/diariodepernambuco.audiencelabs.com.br\/nome-masculino-que-todas-maes-colocavam-nos-bebes-desapareceu\/","title":{"rendered":"Nome masculino que todas m\u00e3es colocavam nos beb\u00eas desapareceu"},"content":{"rendered":"\n<p>O Instituto Brasileiro de Geografia e Estat\u00edstica (<a href=\"https:\/\/censo2010.ibge.gov.br\/nomes\/\" target=\"_blank\" rel=\"noopener\"><strong>IBGE<\/strong><\/a>) divulgou nesta semana os dados do <a href=\"https:\/\/diariodepernambuco.com.br\/dpmais\/menor-cidade-do-brasil-tem-menos-de-1-mil-moradores-e-fica-escondida-de-todos\/\" target=\"_blank\" rel=\"noopener\"><strong>Censo de 2022<\/strong><\/a> sobre os nomes mais comuns no Brasil. <\/p>\n\n\n\n<p>Al\u00e9m de revelar os campe\u00f5es de popularidade entre os brasileiros, a pesquisa tamb\u00e9m chamou aten\u00e7\u00e3o para uma tend\u00eancia silenciosa, mas reveladora: o sumi\u00e7o gradual de nomes masculinos que, durante d\u00e9cadas, foram escolhas quase autom\u00e1ticas entre os pais e m\u00e3es na hora de registrar os filhos.<\/p>\n\n\n\n<h2 class=\"wp-block-heading\">Nome masculino que todas m\u00e3es colocavam nos beb\u00eas desapareceu<\/h2>\n\n\n\n<p>Nomes como Everaldo, Osvaldo, Genival, Cl\u00e1udio e Valdemar, que um dia foram praticamente onipresentes em salas de aula, batismos e documentos por todo o pa\u00eds, hoje mal aparecem nas certid\u00f5es de nascimento.<\/p>\n\n\n\n<p>Embora tenham carregado prest\u00edgio, seriedade e tradi\u00e7\u00e3o, essas denomina\u00e7\u00f5es v\u00eam sendo substitu\u00eddas por op\u00e7\u00f5es consideradas mais modernas, curtas e internacionalizadas. <\/p>\n\n\n\n<p>Especialistas apontam que mudan\u00e7as culturais, influ\u00eancia da m\u00eddia e o desejo dos pais por escolhas \u201c\u00fanicas\u201d ou com sonoridade atual contribuem para o abandono desses cl\u00e1ssicos.<\/p>\n\n\n\n<p>Al\u00e9m disso, h\u00e1 uma percep\u00e7\u00e3o geracional envolvida: Osvaldo ou Genival s\u00e3o hoje automaticamente associados a figuras paternas ou av\u00f4s, o que faz com que muitos pais evitem repeti-los nos filhos, mesmo quando essas denomina\u00e7\u00f5es t\u00eam forte valor afetivo ou hist\u00f3rico na fam\u00edlia.<\/p>\n\n\n\n<h3 class=\"wp-block-heading\">Mas nem todos os tradicionais desapareceram<\/h3>\n\n\n\n<p>Por outro lado, o Censo 2022 mostra que alguns nomes tradicionais resistem ao tempo. O levantamento indica que Maria e Jos\u00e9 continuam liderando o ranking nacional, com mais de 12 milh\u00f5es e 5 milh\u00f5es de registros, respectivamente. <\/p>\n\n\n\n<p>O dado mostra que, embora muitos nomes tenham perdido for\u00e7a, alguns ainda mant\u00eam uma liga\u00e7\u00e3o cultural profunda com o pa\u00eds.<\/p>\n\n\n\n<p>Entre os nomes masculinos mais comuns atualmente est\u00e3o Jo\u00e3o, Ant\u00f4nio, Francisco, Pedro e Carlos, que resistem \u00e0 passagem do tempo. <\/p>\n\n\n\n<p>Tamb\u00e9m se destacam escolhas mais recentes na prefer\u00eancia dos brasileiros, como Lucas, Gabriel, Miguel e Davi. Gabriel, por exemplo, n\u00e3o estava no top 10 em 2010, mas agora figura entre os mais registrados, indicando uma renova\u00e7\u00e3o no gosto dos pais.<\/p>\n\n\n\n<p>O levantamento analisou mais de 128 mil nomes pr\u00f3prios usados por brasileiros e, pela primeira vez, trouxe tamb\u00e9m dados detalhados sobre 195 mil sobrenomes. <\/p>\n\n\n\n<p>Al\u00e9m de mudan\u00e7as geracionais nos escolhidos, os dados refletem transforma\u00e7\u00f5es sociais, culturais e at\u00e9 midi\u00e1ticas que influenciam diretamente como as fam\u00edlias escolhem chamar seus filhos.<\/p>\n\n\n\n<p><\/p>\n","protected":false},"excerpt":{"rendered":"<p>O Instituto Brasileiro de Geografia e Estat\u00edstica (IBGE) divulgou nesta semana os dados do Censo de 2022 sobre os nomes mais comuns no Brasil. Al\u00e9m de revelar os campe\u00f5es de popularidade entre os brasileiros, a pesquisa tamb\u00e9m chamou aten\u00e7\u00e3o para uma tend\u00eancia silenciosa, mas reveladora: o sumi\u00e7o gradual de nomes masculinos que, durante d\u00e9cadas, foram [&hellip;]<\/p>\n","protected":false},"author":12,"featured_media":8201,"comment_status":"open","ping_status":"open","sticky":false,"template":"","format":"standard","meta":{"jnews-multi-image_gallery":[],"jnews_single_post":{"format":"standard"},"jnews_primary_category":[],"jnews_social_meta":[],"jnews_post_split":[],"footnotes":""},"categories":[1],"tags":[],"class_list":["post-8200","post","type-post","status-publish","format-standard","has-post-thumbnail","hentry","category-uncategorized"],"_links":{"self":[{"href":"https:\/\/diariodepernambuco.audiencelabs.com.br\/wp-json\/wp\/v2\/posts\/8200","targetHints":{"allow":["GET"]}}],"collection":[{"href":"https:\/\/diariodepernambuco.audiencelabs.com.br\/wp-json\/wp\/v2\/posts"}],"about":[{"href":"https:\/\/diariodepernambuco.audiencelabs.com.br\/wp-json\/wp\/v2\/types\/post"}],"author":[{"embeddable":true,"href":"https:\/\/diariodepernambuco.audiencelabs.com.br\/wp-json\/wp\/v2\/users\/12"}],"replies":[{"embeddable":true,"href":"https:\/\/diariodepernambuco.audiencelabs.com.br\/wp-json\/wp\/v2\/comments?post=8200"}],"version-history":[{"count":2,"href":"https:\/\/diariodepernambuco.audiencelabs.com.br\/wp-json\/wp\/v2\/posts\/8200\/revisions"}],"predecessor-version":[{"id":8258,"href":"https:\/\/diariodepernambuco.audiencelabs.com.br\/wp-json\/wp\/v2\/posts\/8200\/revisions\/8258"}],"wp:featuredmedia":[{"embeddable":true,"href":"https:\/\/diariodepernambuco.audiencelabs.com.br\/wp-json\/wp\/v2\/media\/8201"}],"wp:attachment":[{"href":"https:\/\/diariodepernambuco.audiencelabs.com.br\/wp-json\/wp\/v2\/media?parent=8200"}],"wp:term":[{"taxonomy":"category","embeddable":true,"href":"https:\/\/diariodepernambuco.audiencelabs.com.br\/wp-json\/wp\/v2\/categories?post=8200"},{"taxonomy":"post_tag","embeddable":true,"href":"https:\/\/diariodepernambuco.audiencelabs.com.br\/wp-json\/wp\/v2\/tags?post=8200"}],"curies":[{"name":"wp","href":"https:\/\/api.w.org\/{rel}","templated":true}]}}