{"id":8206,"date":"2025-11-05T12:10:55","date_gmt":"2025-11-05T15:10:55","guid":{"rendered":"https:\/\/diariodepernambuco.audiencelabs.com.br\/?p=8206"},"modified":"2025-11-07T10:06:31","modified_gmt":"2025-11-07T13:06:31","slug":"alimento-que-todo-brasileiro-consome-vira-vilao-da-saude-e-pode-causar-doencas","status":"publish","type":"post","link":"https:\/\/diariodepernambuco.audiencelabs.com.br\/alimento-que-todo-brasileiro-consome-vira-vilao-da-saude-e-pode-causar-doencas\/","title":{"rendered":"Alimento que todo brasileiro consome vira vil\u00e3o da sa\u00fade e pode causar doen\u00e7as"},"content":{"rendered":"\n<p>\u00c9 amplamente conhecido que a alimenta\u00e7\u00e3o exerce um papel decisivo na manuten\u00e7\u00e3o da sa\u00fade. Desde cedo, ouvimos m\u00e9dicos e especialistas afirmarem que uma dieta equilibrada com bons alimentos \u00e9 essencial para o bom funcionamento do corpo. <\/p>\n\n\n\n<p>No entanto, o que nem sempre \u00e9 dito com a mesma \u00eanfase \u00e9 que o contr\u00e1rio tamb\u00e9m \u00e9 verdadeiro: alimentos consumidos rotineiramente por grande parte da popula\u00e7\u00e3o podem, quando ingeridos em excesso ou fora de um contexto de h\u00e1bitos saud\u00e1veis, se transformar em amea\u00e7as silenciosas \u00e0 sa\u00fade.<\/p>\n\n\n\n<h2 class=\"wp-block-heading\">Alimento que todo brasileiro consome vira vil\u00e3o da sa\u00fade e pode causar doen\u00e7as<\/h2>\n\n\n\n<p>Um exemplo cl\u00e1ssico \u00e9 o refrigerante. Embora esteja presente em festas, almo\u00e7os de fim de semana e at\u00e9 no cotidiano de muitas pessoas, essa bebida re\u00fane uma combina\u00e7\u00e3o preocupante: alto teor de a\u00e7\u00facar, aditivos qu\u00edmicos e nenhuma contribui\u00e7\u00e3o nutricional relevante. <\/p>\n\n\n\n<p>O consumo frequente est\u00e1 associado a ganho de peso, aumento da press\u00e3o arterial e maior risco de doen\u00e7as cardiovasculares.<\/p>\n\n\n<style>@media (min-width: 992px) {\n    .recomendadorV2Area1 {\n        width: 280px;\n    }\n    .recomendadorV2Area2 {\n        padding: 0px 20px;\n        width: calc(100% - 280px);\n    }\n}\n\n@media (max-width: 992px) {\n    .recomendadorV2Button {\n        margin: 0 auto;\n    }\n    .recomendadorV2Area {\n        flex-direction: column;\n        text-align: center;\n    }\n    .recomendadorV2Area2 {\n        padding: 0px 20px;\n    }\n}\n\n.recomendadorV2Area {\n    background: #eeeeee3d;\n    border-radius: 10px;\n    padding: 15px;\n    display: flex;\n    margin: 15px auto;\n    border: 1px solid #00000014;\n    max-width: 800px;\n}\n\n.recomendadorV2Area1 img {\n    width: 280px;\n    height: auto;\n    border-radius: 8px;\n}\n\n.linkrecomendadorv2 {\n    text-decoration: none !important;\n}\n\n.recomendadorV2Area2 .recomendadorV2Type {\n    text-transform: uppercase;\n    font-weight: 500;\n    font-size: 11px;\n    letter-spacing: 2px;\n    color: #666;\n    margin: 12px 0;\n    display: block;\n}\n\n.recomendadorV2Title h2 {\n    padding-top: 0px !important;\n    margin: 0px !important;\n    border-left: none !important;\n    padding-left: 0px !important;\n    line-height: 1.3;\n    color: #000 !important;\n    font-size: 24px;\n    margin-bottom: 12px !important;\n}\n\n.recomendadorV2Desc {\n    color: #333;\n    margin: 12px 0px !important;\n    font-size: 15px;\n    line-height: 1.5;\n}\n\n.recomendadorV2Button {\n    width: auto;\n    max-width: 200px;\n    margin: 0;\n    display: inline-flex;\n    align-items: center;\n    background: #1D3557;\n    border-radius: 8px;\n    color: #fff;\n    height: 36px;\n    justify-content: center;\n    text-align: center;\n    font-size: 14px;\n    padding: 0 20px;\n    transition: background-color 0.2s ease;\n}\n\n.recomendadorV2Button:hover {\n    background: #2a4d7a;\n}\n\n.recomendadorV2Button:after {\n    margin-top: -2px;\n    content: \"\u2192\";\n    padding: 0px 0px 0px 8px;\n}\n\n.recomendadorV2Alert {\n    text-align: left;\n    font-size: 11px;\n    margin-top: 8px;\n    color: #666;\n}\n\n.recomendadorFixedArea {\n    width: 100%;\n    display: flex;\n    justify-content: center;\n    align-items: center;\n}\n\n@media (min-width: 992px) {\n    #recomendadorFixed {\n        width: 32% !important;\n        left: 5%;\n    }\n    .recomendadorCloseFixed{\n        right: inherit !important;\n        left: 378px !important;\n    }\n}\n\n#recomendadorFixed {\n    width: 90%;\n    box-shadow: 0 10px 20px 0px #00000057;\n    display: none;\n    height: 90px;\n    background: #F6F6F6;\n    position: fixed;\n    flex-direction: row;\n    bottom: 10px;\n    z-index: 9999;\n    border-radius: 16px;\n    padding: 7px 10px;\n}\n\n.recomendadorLeftArea {\n    width: 160px;\n}\n\n.recomendadorRightArea h2 {\n    padding-top: 0px;\n    margin: 2px 0px 4px 0px !important;\n    font-weight: 400;\n    text-align: center;\n    padding-left: 0px !important;\n    color: #000 !important;\n    border-left: none !important;\n    line-height: 20px;\n    font-size: 12px !important;\n}\n\n.recomendadorImgFixed {\n    overflow: hidden;\n    padding: 8px 6px;\n    height: 100%;\n}\n\n.recomendadorImgFixed img {\n    height: 100% !important;\n    border-radius: 16px;\n}\n\n.recomendadorRightArea {\n    padding-top: 6px;\n    display: flex;\n    width: calc(100% - 130px);\n    justify-content: space-between;\n    align-items: center;\n    flex-direction: column;\n}\n\n.recomendadorButtonFixed {\n    margin: 0 auto;\n    background: #1D3557;\n    width: 80%;\n    text-align: center;\n    font-size: 10px;\n    color: #FFF;\n    padding: 2px 10px;\n    border-radius: 3px;\n}\n\n.recomendadorButtonFixed:after {\n    margin-top: -3px;\n    content: \"\u2192\";\n    padding: 0px 0px 0px 10px;\n}\n\n.recomendadorAlertFixed {\n    font-weight: 400;\n    text-align: center;\n    color: #484848;\n    font-size: 8px;\n}\n\n.recomendadorCloseFixed {\n    z-index: 99999;\n    display: none;\n    right: 0px;\n    left: inherit;\n    bottom: 99px;\n    position: fixed;\n    justify-content: center;\n    background: #F6F6F6;\n    width: 25px;\n    align-items: center;\n    height: 25px;\n    font-weight: 800;\n    border-radius: 50%;\n    border: 1px solid #EBEBEB;\n}\n\n.recomendadorV2Desc{\n    color: #000000;\n    margin: 20px 0px;\n}\n\n@media (max-width: 576px) {\n    .recomendadorV2Area {\n      padding: 10px;\n      max-width: 100%;\n    }\n  \n    .recomendadorV2Area1 img {\n      width: 100%;\n      border-radius: 6px;\n    }\n  \n    .recomendadorV2Area2 .recomendadorV2Type {\n      font-size: 9px;\n      letter-spacing: 1px;\n      margin: 8px 0;\n    }\n  \n    .recomendadorV2Title h2 {\n      font-size: 18px !important;\n      margin-bottom: 8px !important;\n      line-height: 1.2;\n    }\n  \n    .recomendadorV2Desc {\n      font-size: 14px;\n      margin: 8px 0 !important;\n      line-height: 1.4;\n    }\n  \n    .recomendadorV2Button {\n      font-size: 12px;\n      height: 30px;\n      padding: 0 12px;\n      max-width: 160px;\n    }\n  \n    .recomendadorV2Button:after {\n      padding-left: 6px;\n    }\n  }\n  <\/style>\n        <div class=\"lazyblock-recomendador-v2-2jDGz wp-block-lazyblock-recomendador-v2\">\n        <a class=\"linkrecomendadorv2\" href=\"https:\/\/diariodepernambuco.com.br\/dpmais\/marca-de-cafe-amada-pelos-brasileiros-caiu-na-anvisa\/?utm_source=lazy\" target=\"_blank\" rel=\"noopener\">\n            <div class=\"recomendadorV2Area\">\n            <div class=\"recomendadorV2Area1\">\n                <div class=\"recomendadorV2Img\">\n                <img class=\"lazyloaded\" decoding=\"async\" src=\"https:\/\/diariodepernambuco.audiencelabs.com.br\/wp-content\/uploads\/2025\/08\/Cafe.jpg\" data-src=\"https:\/\/diariodepernambuco.audiencelabs.com.br\/wp-content\/uploads\/2025\/08\/Cafe.jpg\" alt=\"\">\n                <\/div>\n            <\/div>\n            <div class=\"recomendadorV2Area2\">\n                <div class=\"recomendadorV2Type\">\n                    <span>Alerta Anvisa<\/span>\n                <\/div>\n                <div class=\"recomendadorV2Title\">\n                <h2><span>Caf\u00e9 famoso \u00e9 suspenso \u2615<\/span><\/h2>\n                <\/div>\n                <div class=\"recomendadorV2Desc\">\n                <span>Veja o motivo da proibi\u00e7\u00e3o pela Anvisa<\/span>\n                <\/div>\n                <div class=\"recomendadorV2Button\">Confira a marca envolvida<\/div>\n                <div class=\"recomendadorV2Alert\"><\/div>\n            <\/div>\n            <\/div>\n        <\/a>\n        <div>\n            <div style=\"z-index:99999;\" id=\"buttonClose\" onclick=\"closeRecomendadorFixed()\">\n            <div class=\"recomendadorCloseFixed\">X<\/div>\n            <\/div>\n            <a href=\"https:\/\/diariodepernambuco.com.br\/dpmais\/marca-de-cafe-amada-pelos-brasileiros-caiu-na-anvisa\/?utm_source=lazy\" target=\"_blank\" rel=\"noopener\">\n            <div class=\"recomendadorFixedArea\">\n                <div id=\"recomendadorFixed\">\n                <div class=\"recomendadorLeftArea\">\n                    <div class=\"recomendadorImgFixed\">\n                    <img class=\"lazyload\" decoding=\"async\" src=\"https:\/\/diariodepernambuco.audiencelabs.com.br\/wp-content\/uploads\/2025\/08\/Cafe.jpg\" alt=\"\">\n                    <\/div>\n                <\/div>\n                <div class=\"recomendadorRightArea\">\n                    <div class=\"recomendadorTitleFixed\">\n                    <h2><span>Caf\u00e9 famoso \u00e9 suspenso \u2615<\/span><\/h2>\n                    <\/div>\n                    <div class=\"recomendadorButtonFixed\">Confira a marca envolvida<\/div>\n                    <div class=\"recomendadorAlertFixed\"><\/div>\n                <\/div>\n                <\/div>\n            <\/div>\n            <\/a>\n        <\/div>\n        <\/div>\n\n\n\n<p>Outro item bastante comum \u00e0 mesa do brasileiro \u00e9 o arroz branco. Por passar por um processo de refinamento, ele perde grande parte das fibras e micronutrientes presentes no gr\u00e3o integral. <\/p>\n\n\n\n<p>Quando consumido em grandes quantidades, especialmente em refei\u00e7\u00f5es com pouco teor de prote\u00edna ou vegetais, pode contribuir para picos glic\u00eamicos e favorecer o ac\u00famulo de gordura corporal.<\/p>\n\n\n\n<p>O <a href=\"https:\/\/diariodepernambuco.com.br\/dpmais\/po-de-cafe-queridinho-dos-brasileiros-foi-proibido-pela-anvisa\/\" target=\"_blank\" rel=\"noopener\"><strong>caf\u00e9<\/strong><\/a>, um verdadeiro s\u00edmbolo da cultura nacional, tamb\u00e9m exige aten\u00e7\u00e3o. Embora seus efeitos estimulantes e antioxidantes sejam bem documentados, o problema aparece quando ele \u00e9 ado\u00e7ado em excesso ou consumido em grandes quantidades ao longo do dia. <\/p>\n\n\n\n<p>O h\u00e1bito de adicionar a\u00e7\u00facar em cada x\u00edcara pode, com o tempo, contribuir para desequil\u00edbrios metab\u00f3licos.<\/p>\n\n\n\n<p>J\u00e1 o tradicional p\u00e3o franc\u00eas, presen\u00e7a constante nas padarias e nas manh\u00e3s brasileiras, carrega um alto \u00edndice glic\u00eamico. <\/p>\n\n\n\n<p>Isso significa que ele \u00e9 rapidamente digerido, elevando o n\u00edvel de a\u00e7\u00facar no sangue e provocando maior libera\u00e7\u00e3o de insulina, um processo que, a longo prazo, pode aumentar o risco de obesidade e diabetes tipo 2.<\/p>\n\n\n\n<h3 class=\"wp-block-heading\">Alimentos n\u00e3o precisam ser eliminados da dieta<\/h3>\n\n\n\n<p>Esses alimentos n\u00e3o s\u00e3o, por si s\u00f3, vil\u00f5es. O perigo est\u00e1 na frequ\u00eancia e no volume com que s\u00e3o consumidos, especialmente em dietas pobres em frutas, legumes, fibras e prote\u00ednas de qualidade. <\/p>\n\n\n\n<p>Ao inv\u00e9s de elimin\u00e1-los completamente, o ideal \u00e9 incorpor\u00e1-los com equil\u00edbrio, dentro de uma rotina alimentar mais consciente, acompanhada por atividade f\u00edsica e h\u00e1bitos saud\u00e1veis. <\/p>\n\n\n\n<p>A chave est\u00e1 na modera\u00e7\u00e3o e na informa\u00e7\u00e3o.<\/p>\n\n\n\n<p><\/p>\n","protected":false},"excerpt":{"rendered":"<p>\u00c9 amplamente conhecido que a alimenta\u00e7\u00e3o exerce um papel decisivo na manuten\u00e7\u00e3o da sa\u00fade. Desde cedo, ouvimos m\u00e9dicos e especialistas afirmarem que uma dieta equilibrada com bons alimentos \u00e9 essencial para o bom funcionamento do corpo. No entanto, o que nem sempre \u00e9 dito com a mesma \u00eanfase \u00e9 que o contr\u00e1rio tamb\u00e9m \u00e9 verdadeiro: [&hellip;]<\/p>\n","protected":false},"author":12,"featured_media":8211,"comment_status":"open","ping_status":"open","sticky":false,"template":"","format":"standard","meta":{"jnews-multi-image_gallery":[],"jnews_single_post":{"format":"standard"},"jnews_primary_category":[],"jnews_social_meta":[],"jnews_post_split":[],"footnotes":""},"categories":[1],"tags":[],"class_list":["post-8206","post","type-post","status-publish","format-standard","has-post-thumbnail","hentry","category-uncategorized"],"_links":{"self":[{"href":"https:\/\/diariodepernambuco.audiencelabs.com.br\/wp-json\/wp\/v2\/posts\/8206","targetHints":{"allow":["GET"]}}],"collection":[{"href":"https:\/\/diariodepernambuco.audiencelabs.com.br\/wp-json\/wp\/v2\/posts"}],"about":[{"href":"https:\/\/diariodepernambuco.audiencelabs.com.br\/wp-json\/wp\/v2\/types\/post"}],"author":[{"embeddable":true,"href":"https:\/\/diariodepernambuco.audiencelabs.com.br\/wp-json\/wp\/v2\/users\/12"}],"replies":[{"embeddable":true,"href":"https:\/\/diariodepernambuco.audiencelabs.com.br\/wp-json\/wp\/v2\/comments?post=8206"}],"version-history":[{"count":2,"href":"https:\/\/diariodepernambuco.audiencelabs.com.br\/wp-json\/wp\/v2\/posts\/8206\/revisions"}],"predecessor-version":[{"id":8500,"href":"https:\/\/diariodepernambuco.audiencelabs.com.br\/wp-json\/wp\/v2\/posts\/8206\/revisions\/8500"}],"wp:featuredmedia":[{"embeddable":true,"href":"https:\/\/diariodepernambuco.audiencelabs.com.br\/wp-json\/wp\/v2\/media\/8211"}],"wp:attachment":[{"href":"https:\/\/diariodepernambuco.audiencelabs.com.br\/wp-json\/wp\/v2\/media?parent=8206"}],"wp:term":[{"taxonomy":"category","embeddable":true,"href":"https:\/\/diariodepernambuco.audiencelabs.com.br\/wp-json\/wp\/v2\/categories?post=8206"},{"taxonomy":"post_tag","embeddable":true,"href":"https:\/\/diariodepernambuco.audiencelabs.com.br\/wp-json\/wp\/v2\/tags?post=8206"}],"curies":[{"name":"wp","href":"https:\/\/api.w.org\/{rel}","templated":true}]}}