{"id":8215,"date":"2025-11-06T13:00:00","date_gmt":"2025-11-06T16:00:00","guid":{"rendered":"https:\/\/diariodepernambuco.audiencelabs.com.br\/?p=8215"},"modified":"2025-11-06T16:31:11","modified_gmt":"2025-11-06T19:31:11","slug":"sol-vai-sumir-do-ceu-e-o-mundo-ja-pode-comecar-a-se-preparar","status":"publish","type":"post","link":"https:\/\/diariodepernambuco.audiencelabs.com.br\/sol-vai-sumir-do-ceu-e-o-mundo-ja-pode-comecar-a-se-preparar\/","title":{"rendered":"Sol vai sumir do c\u00e9u e o mundo j\u00e1 pode come\u00e7ar a se preparar"},"content":{"rendered":"\n<p>No dia 2 de agosto de 2027, o mundo presenciar\u00e1 um dos eventos astron\u00f4micos mais esperados do s\u00e9culo: um eclipse solar total que ter\u00e1 dura\u00e7\u00e3o m\u00e1xima de 6 minutos e 23 segundos. Segundo a NASA, ser\u00e1 o eclipse mais longo do s\u00e9culo XXI, podendo ser visto em sua totalidade em regi\u00f5es da Europa, do norte da \u00c1frica e do Oriente M\u00e9dio.<\/p>\n\n\n\n<p>Durante o fen\u00f4meno, a Lua bloquear\u00e1 completamente a luz do Sol em uma estreita faixa da Terra, transformando o dia em noite por breves minutos. Milh\u00f5es de pessoas estar\u00e3o na rota da totalidade, enquanto outras poder\u00e3o acompanhar o espet\u00e1culo em transmiss\u00f5es ao vivo ao redor do mundo.<\/p>\n\n\n\n<h2 class=\"wp-block-heading\">Eclipse solar<\/h2>\n\n\n\n<p>Um eclipse solar total acontece quando a Lua se alinha perfeitamente entre a Terra e o Sol, bloqueando completamente a luz solar em algumas regi\u00f5es do planeta. Durante a fase de totalidade, o c\u00e9u escurece como se fosse noite, e a coroa solar \u2014 a camada mais externa da atmosfera da estrela\u2014 pode ser observada a olho nu, desde que com a prote\u00e7\u00e3o adequada.<\/p>\n\n\n\n<p>Eventos como esse sempre despertaram fasc\u00ednio e curiosidade, al\u00e9m de fornecerem informa\u00e7\u00f5es valiosas para a ci\u00eancia sobre o comportamento da estrela central do Sistema. A faixa de totalidade do eclipse de 2027 ter\u00e1 cerca de 200 quil\u00f4metros de largura e atravessar\u00e1 tr\u00eas continentes.<\/p>\n\n\n\n<h2 class=\"wp-block-heading\">Expectativa global e cuidados para observar o fen\u00f4meno<\/h2>\n\n\n<style>@media (min-width: 992px) {\n    .recomendadorV2Area1 {\n        width: 280px;\n    }\n    .recomendadorV2Area2 {\n        padding: 0px 20px;\n        width: calc(100% - 280px);\n    }\n}\n\n@media (max-width: 992px) {\n    .recomendadorV2Button {\n        margin: 0 auto;\n    }\n    .recomendadorV2Area {\n        flex-direction: column;\n        text-align: center;\n    }\n    .recomendadorV2Area2 {\n        padding: 0px 20px;\n    }\n}\n\n.recomendadorV2Area {\n    background: #eeeeee3d;\n    border-radius: 10px;\n    padding: 15px;\n    display: flex;\n    margin: 15px auto;\n    border: 1px solid #00000014;\n    max-width: 800px;\n}\n\n.recomendadorV2Area1 img {\n    width: 280px;\n    height: auto;\n    border-radius: 8px;\n}\n\n.linkrecomendadorv2 {\n    text-decoration: none !important;\n}\n\n.recomendadorV2Area2 .recomendadorV2Type {\n    text-transform: uppercase;\n    font-weight: 500;\n    font-size: 11px;\n    letter-spacing: 2px;\n    color: #666;\n    margin: 12px 0;\n    display: block;\n}\n\n.recomendadorV2Title h2 {\n    padding-top: 0px !important;\n    margin: 0px !important;\n    border-left: none !important;\n    padding-left: 0px !important;\n    line-height: 1.3;\n    color: #000 !important;\n    font-size: 24px;\n    margin-bottom: 12px !important;\n}\n\n.recomendadorV2Desc {\n    color: #333;\n    margin: 12px 0px !important;\n    font-size: 15px;\n    line-height: 1.5;\n}\n\n.recomendadorV2Button {\n    width: auto;\n    max-width: 200px;\n    margin: 0;\n    display: inline-flex;\n    align-items: center;\n    background: #1D3557;\n    border-radius: 8px;\n    color: #fff;\n    height: 36px;\n    justify-content: center;\n    text-align: center;\n    font-size: 14px;\n    padding: 0 20px;\n    transition: background-color 0.2s ease;\n}\n\n.recomendadorV2Button:hover {\n    background: #2a4d7a;\n}\n\n.recomendadorV2Button:after {\n    margin-top: -2px;\n    content: \"\u2192\";\n    padding: 0px 0px 0px 8px;\n}\n\n.recomendadorV2Alert {\n    text-align: left;\n    font-size: 11px;\n    margin-top: 8px;\n    color: #666;\n}\n\n.recomendadorFixedArea {\n    width: 100%;\n    display: flex;\n    justify-content: center;\n    align-items: center;\n}\n\n@media (min-width: 992px) {\n    #recomendadorFixed {\n        width: 32% !important;\n        left: 5%;\n    }\n    .recomendadorCloseFixed{\n        right: inherit !important;\n        left: 378px !important;\n    }\n}\n\n#recomendadorFixed {\n    width: 90%;\n    box-shadow: 0 10px 20px 0px #00000057;\n    display: none;\n    height: 90px;\n    background: #F6F6F6;\n    position: fixed;\n    flex-direction: row;\n    bottom: 10px;\n    z-index: 9999;\n    border-radius: 16px;\n    padding: 7px 10px;\n}\n\n.recomendadorLeftArea {\n    width: 160px;\n}\n\n.recomendadorRightArea h2 {\n    padding-top: 0px;\n    margin: 2px 0px 4px 0px !important;\n    font-weight: 400;\n    text-align: center;\n    padding-left: 0px !important;\n    color: #000 !important;\n    border-left: none !important;\n    line-height: 20px;\n    font-size: 12px !important;\n}\n\n.recomendadorImgFixed {\n    overflow: hidden;\n    padding: 8px 6px;\n    height: 100%;\n}\n\n.recomendadorImgFixed img {\n    height: 100% !important;\n    border-radius: 16px;\n}\n\n.recomendadorRightArea {\n    padding-top: 6px;\n    display: flex;\n    width: calc(100% - 130px);\n    justify-content: space-between;\n    align-items: center;\n    flex-direction: column;\n}\n\n.recomendadorButtonFixed {\n    margin: 0 auto;\n    background: #1D3557;\n    width: 80%;\n    text-align: center;\n    font-size: 10px;\n    color: #FFF;\n    padding: 2px 10px;\n    border-radius: 3px;\n}\n\n.recomendadorButtonFixed:after {\n    margin-top: -3px;\n    content: \"\u2192\";\n    padding: 0px 0px 0px 10px;\n}\n\n.recomendadorAlertFixed {\n    font-weight: 400;\n    text-align: center;\n    color: #484848;\n    font-size: 8px;\n}\n\n.recomendadorCloseFixed {\n    z-index: 99999;\n    display: none;\n    right: 0px;\n    left: inherit;\n    bottom: 99px;\n    position: fixed;\n    justify-content: center;\n    background: #F6F6F6;\n    width: 25px;\n    align-items: center;\n    height: 25px;\n    font-weight: 800;\n    border-radius: 50%;\n    border: 1px solid #EBEBEB;\n}\n\n.recomendadorV2Desc{\n    color: #000000;\n    margin: 20px 0px;\n}\n\n@media (max-width: 576px) {\n    .recomendadorV2Area {\n      padding: 10px;\n      max-width: 100%;\n    }\n  \n    .recomendadorV2Area1 img {\n      width: 100%;\n      border-radius: 6px;\n    }\n  \n    .recomendadorV2Area2 .recomendadorV2Type {\n      font-size: 9px;\n      letter-spacing: 1px;\n      margin: 8px 0;\n    }\n  \n    .recomendadorV2Title h2 {\n      font-size: 18px !important;\n      margin-bottom: 8px !important;\n      line-height: 1.2;\n    }\n  \n    .recomendadorV2Desc {\n      font-size: 14px;\n      margin: 8px 0 !important;\n      line-height: 1.4;\n    }\n  \n    .recomendadorV2Button {\n      font-size: 12px;\n      height: 30px;\n      padding: 0 12px;\n      max-width: 160px;\n    }\n  \n    .recomendadorV2Button:after {\n      padding-left: 6px;\n    }\n  }\n  <\/style>\n        <div class=\"lazyblock-recomendador-v2-2jDGz wp-block-lazyblock-recomendador-v2\">\n        <a class=\"linkrecomendadorv2\" href=\"https:\/\/diariodepernambuco.com.br\/dpmais\/7-estados-do-brasil-recebem-alerta-de-rajadas-violentas-de-vento\/?utm_source=lazy\" target=\"_blank\" rel=\"noopener\">\n            <div class=\"recomendadorV2Area\">\n            <div class=\"recomendadorV2Area1\">\n                <div class=\"recomendadorV2Img\">\n                <img class=\"lazyloaded\" decoding=\"async\" src=\"https:\/\/diariodepernambuco.audiencelabs.com.br\/wp-content\/uploads\/2025\/11\/vento.jpg\" data-src=\"https:\/\/diariodepernambuco.audiencelabs.com.br\/wp-content\/uploads\/2025\/11\/vento.jpg\" alt=\"\">\n                <\/div>\n            <\/div>\n            <div class=\"recomendadorV2Area2\">\n                <div class=\"recomendadorV2Type\">\n                    <span>Alerta clim\u00e1tico<\/span>\n                <\/div>\n                <div class=\"recomendadorV2Title\">\n                <h2><span>7 estados recebem aviso de ventos fortes \ud83c\udf2c\ufe0f<\/span><\/h2>\n                <\/div>\n                <div class=\"recomendadorV2Desc\">\n                <span>Rajadas violentas podem atingir diferentes regi\u00f5es<\/span>\n                <\/div>\n                <div class=\"recomendadorV2Button\">Veja os detalhes<\/div>\n                <div class=\"recomendadorV2Alert\"><\/div>\n            <\/div>\n            <\/div>\n        <\/a>\n        <div>\n            <div style=\"z-index:99999;\" id=\"buttonClose\" onclick=\"closeRecomendadorFixed()\">\n            <div class=\"recomendadorCloseFixed\">X<\/div>\n            <\/div>\n            <a href=\"https:\/\/diariodepernambuco.com.br\/dpmais\/7-estados-do-brasil-recebem-alerta-de-rajadas-violentas-de-vento\/?utm_source=lazy\" target=\"_blank\" rel=\"noopener\">\n            <div class=\"recomendadorFixedArea\">\n                <div id=\"recomendadorFixed\">\n                <div class=\"recomendadorLeftArea\">\n                    <div class=\"recomendadorImgFixed\">\n                    <img class=\"lazyload\" decoding=\"async\" src=\"https:\/\/diariodepernambuco.audiencelabs.com.br\/wp-content\/uploads\/2025\/11\/vento.jpg\" alt=\"\">\n                    <\/div>\n                <\/div>\n                <div class=\"recomendadorRightArea\">\n                    <div class=\"recomendadorTitleFixed\">\n                    <h2><span>7 estados recebem aviso de ventos fortes \ud83c\udf2c\ufe0f<\/span><\/h2>\n                    <\/div>\n                    <div class=\"recomendadorButtonFixed\">Veja os detalhes<\/div>\n                    <div class=\"recomendadorAlertFixed\"><\/div>\n                <\/div>\n                <\/div>\n            <\/div>\n            <\/a>\n        <\/div>\n        <\/div>\n\n\n\n<p>Astr\u00f4nomos e entusiastas do espa\u00e7o j\u00e1 se preparam para o grande espet\u00e1culo celeste. Diversos pa\u00edses que estar\u00e3o na rota da totalidade planejam eventos especiais, transmiss\u00f5es e at\u00e9 expedi\u00e7\u00f5es cient\u00edficas para estudar o comportamento da estrela durante os minutos de escurid\u00e3o.<\/p>\n\n\n\n<p>Especialistas refor\u00e7am a import\u00e2ncia de observar o fen\u00f4meno com seguran\u00e7a. Olhar diretamente para o Sol, mesmo durante um eclipse parcial, pode causar danos irrevers\u00edveis \u00e0 vis\u00e3o. O uso de \u00f3culos com filtros apropriados ou equipamentos certificados \u00e9 essencial para apreciar o evento sem riscos.<\/p>\n\n\n\n<p><\/p>\n","protected":false},"excerpt":{"rendered":"<p>No dia 2 de agosto de 2027, o mundo presenciar\u00e1 um dos eventos astron\u00f4micos mais esperados do s\u00e9culo: um eclipse solar total que ter\u00e1 dura\u00e7\u00e3o m\u00e1xima de 6 minutos e 23 segundos. Segundo a NASA, ser\u00e1 o eclipse mais longo do s\u00e9culo XXI, podendo ser visto em sua totalidade em regi\u00f5es da Europa, do norte [&hellip;]<\/p>\n","protected":false},"author":4,"featured_media":1370,"comment_status":"open","ping_status":"open","sticky":false,"template":"","format":"standard","meta":{"jnews-multi-image_gallery":[],"jnews_single_post":{"format":"standard"},"jnews_primary_category":[],"jnews_social_meta":[],"jnews_post_split":[],"footnotes":""},"categories":[1],"tags":[],"class_list":["post-8215","post","type-post","status-publish","format-standard","has-post-thumbnail","hentry","category-uncategorized"],"_links":{"self":[{"href":"https:\/\/diariodepernambuco.audiencelabs.com.br\/wp-json\/wp\/v2\/posts\/8215","targetHints":{"allow":["GET"]}}],"collection":[{"href":"https:\/\/diariodepernambuco.audiencelabs.com.br\/wp-json\/wp\/v2\/posts"}],"about":[{"href":"https:\/\/diariodepernambuco.audiencelabs.com.br\/wp-json\/wp\/v2\/types\/post"}],"author":[{"embeddable":true,"href":"https:\/\/diariodepernambuco.audiencelabs.com.br\/wp-json\/wp\/v2\/users\/4"}],"replies":[{"embeddable":true,"href":"https:\/\/diariodepernambuco.audiencelabs.com.br\/wp-json\/wp\/v2\/comments?post=8215"}],"version-history":[{"count":5,"href":"https:\/\/diariodepernambuco.audiencelabs.com.br\/wp-json\/wp\/v2\/posts\/8215\/revisions"}],"predecessor-version":[{"id":8485,"href":"https:\/\/diariodepernambuco.audiencelabs.com.br\/wp-json\/wp\/v2\/posts\/8215\/revisions\/8485"}],"wp:featuredmedia":[{"embeddable":true,"href":"https:\/\/diariodepernambuco.audiencelabs.com.br\/wp-json\/wp\/v2\/media\/1370"}],"wp:attachment":[{"href":"https:\/\/diariodepernambuco.audiencelabs.com.br\/wp-json\/wp\/v2\/media?parent=8215"}],"wp:term":[{"taxonomy":"category","embeddable":true,"href":"https:\/\/diariodepernambuco.audiencelabs.com.br\/wp-json\/wp\/v2\/categories?post=8215"},{"taxonomy":"post_tag","embeddable":true,"href":"https:\/\/diariodepernambuco.audiencelabs.com.br\/wp-json\/wp\/v2\/tags?post=8215"}],"curies":[{"name":"wp","href":"https:\/\/api.w.org\/{rel}","templated":true}]}}