{"id":8230,"date":"2025-11-06T15:30:00","date_gmt":"2025-11-06T18:30:00","guid":{"rendered":"https:\/\/diariodepernambuco.audiencelabs.com.br\/?p=8230"},"modified":"2025-11-05T11:17:21","modified_gmt":"2025-11-05T14:17:21","slug":"onde-e-quando-sera-o-sorteio-da-copa-do-mundo-de-2026","status":"publish","type":"post","link":"https:\/\/diariodepernambuco.audiencelabs.com.br\/onde-e-quando-sera-o-sorteio-da-copa-do-mundo-de-2026\/","title":{"rendered":"Onde e quando ser\u00e1 o sorteio da Copa do Mundo de 2026?"},"content":{"rendered":"\n<p>O sorteio dos grupos da Copa do Mundo de 2026 est\u00e1 marcado para o dia 5 de dezembro, em Washington D.C., nos Estados Unidos, a partir das 13h (hor\u00e1rio de Bras\u00edlia). O evento, que acontecer\u00e1 no renomado Kennedy Center, dar\u00e1 in\u00edcio oficial \u00e0 contagem regressiva para o Mundial que ser\u00e1 sediado em tr\u00eas pa\u00edses: Canad\u00e1, M\u00e9xico e EUA.<\/p>\n\n\n\n<p>Na cerim\u00f4nia, ser\u00e3o definidos os 12 grupos da fase inicial, contemplando as 48 sele\u00e7\u00f5es classificadas \u2014 n\u00famero recorde em rela\u00e7\u00e3o ao antigo formato, que contava com 32 equipes. At\u00e9 dezembro, 42 sele\u00e7\u00f5es j\u00e1 estar\u00e3o garantidas, enquanto as seis vagas restantes ser\u00e3o disputadas em torneios de repescagem, previstos para o m\u00eas de mar\u00e7o.<\/p>\n\n\n\n<p>A transmiss\u00e3o do sorteio ficar\u00e1 a cargo dos detentores oficiais dos direitos da Copa: Globo, Caz\u00e9TV e SBT. Ocupando atualmente a s\u00e9tima posi\u00e7\u00e3o no ranking da FIFA, a Sele\u00e7\u00e3o Brasileira ser\u00e1 uma das cabe\u00e7as de chave do evento. A classifica\u00e7\u00e3o no ranking tamb\u00e9m servir\u00e1 como base para a forma\u00e7\u00e3o dos Potes 2, 3 e 4, que distribuir\u00e3o as demais sele\u00e7\u00f5es participantes.<\/p>\n\n\n\n<p>Os pa\u00edses-sede j\u00e1 t\u00eam suas posi\u00e7\u00f5es garantidas: M\u00e9xico (Grupo A1), Canad\u00e1 (Grupo B1) e Estados Unidos (Grupo D1). A abertura do torneio acontecer\u00e1 em 11 de junho de 2026, no Est\u00e1dio Azteca, na Cidade do M\u00e9xico. J\u00e1 a grande final est\u00e1 marcada para 19 de julho, no MetLife Stadium, localizado entre Nova York e Nova Jersey.<\/p>\n\n\n\n<h2 class=\"wp-block-heading\">As 28 sele\u00e7\u00f5es j\u00e1 garantidas na Copa do Mundo de 2026<\/h2>\n\n\n\n<ul class=\"wp-block-list\">\n<li>Am\u00e9rica do Sul: Argentina, Equador, Col\u00f4mbia, Uruguai, Brasil e Paraguai;<\/li>\n\n\n\n<li>Oceania: Nova Zel\u00e2ndia;<\/li>\n\n\n\n<li>Europa: Inglaterra;<\/li>\n\n\n\n<li>\u00c1frica: Senegal, Costa do Marfim, \u00c1frica do Sul, Cabo Verde, Gana, Arg\u00e9lia, Egito, Marrocos e Tun\u00edsia;<\/li>\n\n\n\n<li>\u00c1sia: Ar\u00e1bia Saudita, Catar, Ir\u00e3, Coreia do Sul, Jap\u00e3o, Uzbequist\u00e3o, Jord\u00e2nia e Austr\u00e1lia;<\/li>\n\n\n\n<li>Am\u00e9rica do Norte e Central: Canad\u00e1, Estados Unidos e M\u00e9xico.<\/li>\n<\/ul>\n\n\n\n<p><\/p>\n","protected":false},"excerpt":{"rendered":"<p>O sorteio dos grupos da Copa do Mundo de 2026 est\u00e1 marcado para o dia 5 de dezembro, em Washington D.C., nos Estados Unidos, a partir das 13h (hor\u00e1rio de Bras\u00edlia). O evento, que acontecer\u00e1 no renomado Kennedy Center, dar\u00e1 in\u00edcio oficial \u00e0 contagem regressiva para o Mundial que ser\u00e1 sediado em tr\u00eas pa\u00edses: Canad\u00e1, [&hellip;]<\/p>\n","protected":false},"author":4,"featured_media":6156,"comment_status":"open","ping_status":"open","sticky":false,"template":"","format":"standard","meta":{"jnews-multi-image_gallery":[],"jnews_single_post":[],"jnews_primary_category":[],"jnews_social_meta":[],"jnews_post_split":[],"footnotes":""},"categories":[1],"tags":[],"class_list":["post-8230","post","type-post","status-publish","format-standard","has-post-thumbnail","hentry","category-uncategorized"],"_links":{"self":[{"href":"https:\/\/diariodepernambuco.audiencelabs.com.br\/wp-json\/wp\/v2\/posts\/8230","targetHints":{"allow":["GET"]}}],"collection":[{"href":"https:\/\/diariodepernambuco.audiencelabs.com.br\/wp-json\/wp\/v2\/posts"}],"about":[{"href":"https:\/\/diariodepernambuco.audiencelabs.com.br\/wp-json\/wp\/v2\/types\/post"}],"author":[{"embeddable":true,"href":"https:\/\/diariodepernambuco.audiencelabs.com.br\/wp-json\/wp\/v2\/users\/4"}],"replies":[{"embeddable":true,"href":"https:\/\/diariodepernambuco.audiencelabs.com.br\/wp-json\/wp\/v2\/comments?post=8230"}],"version-history":[{"count":2,"href":"https:\/\/diariodepernambuco.audiencelabs.com.br\/wp-json\/wp\/v2\/posts\/8230\/revisions"}],"predecessor-version":[{"id":8232,"href":"https:\/\/diariodepernambuco.audiencelabs.com.br\/wp-json\/wp\/v2\/posts\/8230\/revisions\/8232"}],"wp:featuredmedia":[{"embeddable":true,"href":"https:\/\/diariodepernambuco.audiencelabs.com.br\/wp-json\/wp\/v2\/media\/6156"}],"wp:attachment":[{"href":"https:\/\/diariodepernambuco.audiencelabs.com.br\/wp-json\/wp\/v2\/media?parent=8230"}],"wp:term":[{"taxonomy":"category","embeddable":true,"href":"https:\/\/diariodepernambuco.audiencelabs.com.br\/wp-json\/wp\/v2\/categories?post=8230"},{"taxonomy":"post_tag","embeddable":true,"href":"https:\/\/diariodepernambuco.audiencelabs.com.br\/wp-json\/wp\/v2\/tags?post=8230"}],"curies":[{"name":"wp","href":"https:\/\/api.w.org\/{rel}","templated":true}]}}