{"id":8272,"date":"2025-11-06T06:14:00","date_gmt":"2025-11-06T09:14:00","guid":{"rendered":"https:\/\/diariodepernambuco.audiencelabs.com.br\/?p=8272"},"modified":"2025-11-05T15:01:15","modified_gmt":"2025-11-05T18:01:15","slug":"brasileiros-recebem-pior-noticia-do-ano-sobre-juros-de-15","status":"publish","type":"post","link":"https:\/\/diariodepernambuco.audiencelabs.com.br\/brasileiros-recebem-pior-noticia-do-ano-sobre-juros-de-15\/","title":{"rendered":"Brasileiros recebem pior not\u00edcia do ano sobre juros de 15%"},"content":{"rendered":"\n<p>A semana trouxe um duro golpe para os brasileiros. O Comit\u00ea de Pol\u00edtica Monet\u00e1ria (<a href=\"https:\/\/www.bcb.gov.br\/controleinflacao\/copom\" target=\"_blank\" rel=\"noopener\"><strong>Copom<\/strong><\/a>) divulgou ontem, ter\u00e7a-feira, dia 04 de novembro, a ata de sua \u00faltima reuni\u00e3o, confirmando que a taxa b\u00e1sica de juros, a Selic, seguir\u00e1 em 15% ao ano.<\/p>\n\n\n\n<p>E o que mais preocupou no an\u00fancio \u00e9 que, segundo o \u00f3rg\u00e3o, a <a href=\"https:\/\/diariodepernambuco.com.br\/dpmais\/o-que-acontece-se-voce-colocar-r-100-mil-para-render-no-banco\/\" target=\"_blank\" rel=\"noopener\"><strong>Selic<\/strong><\/a> deve continuar nesse n\u00edvel elevado por um per\u00edodo mais longo do que o inicialmente previsto. <\/p>\n\n\n\n<p>Para a popula\u00e7\u00e3o, isso significa um cen\u00e1rio prolongado de cr\u00e9dito caro, consumo retra\u00eddo e crescimento econ\u00f4mico ainda mais dif\u00edcil.<\/p>\n\n\n\n<h2 class=\"wp-block-heading\">Brasileiros recebem pior not\u00edcia do ano sobre juros de 15%<\/h2>\n\n\n\n<p>No documento, o Banco Central deixou claro que a decis\u00e3o de manter os juros altos est\u00e1 ancorada na tentativa de controlar a infla\u00e7\u00e3o, que ainda apresenta resist\u00eancia em convergir para a meta oficial. <\/p>\n\n\n\n<p>Apesar de alguns sinais de arrefecimento na economia, o Copom refor\u00e7a que o ambiente ainda exige cautela. <\/p>\n\n\n\n<p>A preocupa\u00e7\u00e3o central \u00e9 evitar que a infla\u00e7\u00e3o volte a subir, o que poderia comprometer a confian\u00e7a no Banco Central e nos fundamentos econ\u00f4micos do pa\u00eds.<\/p>\n\n\n\n<p>A taxa Selic \u00e9 o principal instrumento usado pelo Banco Central para influenciar a economia. <\/p>\n\n\n\n<p>Ela representa o custo do dinheiro entre os bancos e serve como refer\u00eancia para todas as outras taxas de juros cobradas no mercado, como financiamentos, empr\u00e9stimos e rotativo do cart\u00e3o de cr\u00e9dito. <\/p>\n\n\n\n<p>Quando a Selic est\u00e1 alta, tudo que depende de cr\u00e9dito encarece, desde a compra de um carro at\u00e9 o capital de giro de pequenas empresas.<\/p>\n\n\n\n<p>Esse patamar elevado afeta diretamente o bolso do consumidor e o ritmo da atividade econ\u00f4mica. Com menos acesso a cr\u00e9dito e condi\u00e7\u00f5es financeiras mais restritivas, fam\u00edlias tendem a consumir menos, e empresas adiam investimentos. <\/p>\n\n\n\n<p>Na pr\u00e1tica, juros altos prolongados significam menos emprego, menor renda e crescimento travado.<\/p>\n\n\n\n<h3 class=\"wp-block-heading\">Corte na taxa de juros s\u00f3 deve ocorrer em 2026<\/h3>\n\n\n\n<p>O comunicado do Copom ainda reconhece que h\u00e1 sinais de perda de f\u00f4lego no consumo e queda nos pre\u00e7os de alimentos, mas considera esses movimentos insuficientes para justificar uma mudan\u00e7a imediata na pol\u00edtica monet\u00e1ria. <\/p>\n\n\n\n<p>Al\u00e9m disso, o aumento recente do diferencial de juros entre o Brasil e os Estados Unidos atrai capital estrangeiro, o que pode trazer algum al\u00edvio cambial e estabilidade, mas n\u00e3o altera o aperto sentido internamente.<\/p>\n\n\n\n<p>Com isso, especialistas j\u00e1 revisam suas previs\u00f5es e indicam que um corte na Selic s\u00f3 deve ocorrer em 2026. <\/p>\n\n\n\n<p>At\u00e9 l\u00e1, o brasileiro segue enfrentando a realidade de juros altos, um freio persistente sobre a economia e sobre a vida financeira de milh\u00f5es.<\/p>\n","protected":false},"excerpt":{"rendered":"<p>A semana trouxe um duro golpe para os brasileiros. O Comit\u00ea de Pol\u00edtica Monet\u00e1ria (Copom) divulgou ontem, ter\u00e7a-feira, dia 04 de novembro, a ata de sua \u00faltima reuni\u00e3o, confirmando que a taxa b\u00e1sica de juros, a Selic, seguir\u00e1 em 15% ao ano. E o que mais preocupou no an\u00fancio \u00e9 que, segundo o \u00f3rg\u00e3o, a [&hellip;]<\/p>\n","protected":false},"author":12,"featured_media":8299,"comment_status":"open","ping_status":"open","sticky":false,"template":"","format":"standard","meta":{"jnews-multi-image_gallery":[],"jnews_single_post":{"format":"standard"},"jnews_primary_category":[],"jnews_social_meta":[],"jnews_post_split":[],"footnotes":""},"categories":[1],"tags":[],"class_list":["post-8272","post","type-post","status-publish","format-standard","has-post-thumbnail","hentry","category-uncategorized"],"_links":{"self":[{"href":"https:\/\/diariodepernambuco.audiencelabs.com.br\/wp-json\/wp\/v2\/posts\/8272","targetHints":{"allow":["GET"]}}],"collection":[{"href":"https:\/\/diariodepernambuco.audiencelabs.com.br\/wp-json\/wp\/v2\/posts"}],"about":[{"href":"https:\/\/diariodepernambuco.audiencelabs.com.br\/wp-json\/wp\/v2\/types\/post"}],"author":[{"embeddable":true,"href":"https:\/\/diariodepernambuco.audiencelabs.com.br\/wp-json\/wp\/v2\/users\/12"}],"replies":[{"embeddable":true,"href":"https:\/\/diariodepernambuco.audiencelabs.com.br\/wp-json\/wp\/v2\/comments?post=8272"}],"version-history":[{"count":1,"href":"https:\/\/diariodepernambuco.audiencelabs.com.br\/wp-json\/wp\/v2\/posts\/8272\/revisions"}],"predecessor-version":[{"id":8304,"href":"https:\/\/diariodepernambuco.audiencelabs.com.br\/wp-json\/wp\/v2\/posts\/8272\/revisions\/8304"}],"wp:featuredmedia":[{"embeddable":true,"href":"https:\/\/diariodepernambuco.audiencelabs.com.br\/wp-json\/wp\/v2\/media\/8299"}],"wp:attachment":[{"href":"https:\/\/diariodepernambuco.audiencelabs.com.br\/wp-json\/wp\/v2\/media?parent=8272"}],"wp:term":[{"taxonomy":"category","embeddable":true,"href":"https:\/\/diariodepernambuco.audiencelabs.com.br\/wp-json\/wp\/v2\/categories?post=8272"},{"taxonomy":"post_tag","embeddable":true,"href":"https:\/\/diariodepernambuco.audiencelabs.com.br\/wp-json\/wp\/v2\/tags?post=8272"}],"curies":[{"name":"wp","href":"https:\/\/api.w.org\/{rel}","templated":true}]}}