{"id":8297,"date":"2025-11-08T20:01:00","date_gmt":"2025-11-08T23:01:00","guid":{"rendered":"https:\/\/diariodepernambuco.audiencelabs.com.br\/?p=8297"},"modified":"2025-11-05T14:49:29","modified_gmt":"2025-11-05T17:49:29","slug":"rede-de-sorvetes-infelizmente-chega-ao-fim-e-decreta-falencia","status":"publish","type":"post","link":"https:\/\/diariodepernambuco.audiencelabs.com.br\/rede-de-sorvetes-infelizmente-chega-ao-fim-e-decreta-falencia\/","title":{"rendered":"Rede de sorvetes infelizmente chega ao fim e decreta fal\u00eancia"},"content":{"rendered":"\n<p>A Thrifty Ice Cream, famosa por seus cones quadrados e sabores criativos, sente os impactos da crise financeira da Rite Aid, empresa controladora da marca. O pedido de fal\u00eancia da rede de farm\u00e1cias gerou d\u00favidas sobre a continuidade da venda dos sorvetes em suas lojas.<\/p>\n\n\n\n<p>O caso ilustra como marcas tradicionais podem ser diretamente afetadas pelas dificuldades financeiras de parceiros estrat\u00e9gicos. Fundada na Calif\u00f3rnia, a Thrifty mant\u00e9m h\u00e1 d\u00e9cadas uma base fiel de consumidores, especialmente na Costa Oeste dos Estados Unidos.<\/p>\n\n\n\n<p>O fechamento das farm\u00e1cias Rite Aid resultar\u00e1 na desativa\u00e7\u00e3o de aproximadamente 500 balc\u00f5es de sorvetes Thrifty localizados dentro das lojas. Como esses pontos n\u00e3o podem ser vendidos separadamente, a presen\u00e7a f\u00edsica da marca fica diretamente em risco.<\/p>\n\n\n\n<p>Ainda assim, os sorvetes Thrifty continuam dispon\u00edveis nas se\u00e7\u00f5es de congelados de redes como Albertsons, Vons e em algumas lojas no M\u00e9xico. No entanto, a continuidade dessa distribui\u00e7\u00e3o depender\u00e1 do interesse de novos compradores durante o processo de fal\u00eancia.<\/p>\n\n\n\n<p>O futuro da Thrifty Ice Cream depende da venda de ativos no processo de fal\u00eancia. Um novo investidor poderia garantir a continuidade da produ\u00e7\u00e3o e da distribui\u00e7\u00e3o. Contudo, os rumos ainda s\u00e3o incertos: o comprador pode decidir preservar a identidade da Thrifty, redirecionar a f\u00e1brica para outros produtos ou at\u00e9 mesmo encerrar as opera\u00e7\u00f5es.<\/p>\n\n\n\n<h2 class=\"wp-block-heading\">Tudo sobre a Thrifty Ice Cream<\/h2>\n\n\n\n<p>\ud83c\udf66 Diferencial: Famosa pelo sorvete servido em cone de formato quadrado e pelos sabores criativos.<\/p>\n\n\n\n<p>\ud83c\udfe2 Origem: Marca tradicional com ra\u00edzes na Calif\u00f3rnia, conquistando popularidade sobretudo na Costa Oeste dos EUA.<\/p>\n\n\n\n<p>\ud83d\uded2 Canais de venda: Presente em balc\u00f5es integrados \u00e0s farm\u00e1cias Rite Aid e nas se\u00e7\u00f5es de congelados de redes como Albertsons e Vons, al\u00e9m de atua\u00e7\u00e3o em algumas regi\u00f5es do M\u00e9xico.<\/p>\n\n\n\n<p>\u26a0\ufe0f Situa\u00e7\u00e3o atual: Impactada pelo pedido de fal\u00eancia da controladora Rite Aid, o que amea\u00e7a cerca de 500 balc\u00f5es de sorvetes.<\/p>\n\n\n\n<p>\ud83d\udd2e Futuro incerto: A continuidade da marca depende da venda de ativos no processo de fal\u00eancia; tudo varia conforme o interesse de potenciais compradores.<\/p>\n\n\n\n<p><\/p>\n","protected":false},"excerpt":{"rendered":"<p>A Thrifty Ice Cream, famosa por seus cones quadrados e sabores criativos, sente os impactos da crise financeira da Rite Aid, empresa controladora da marca. O pedido de fal\u00eancia da rede de farm\u00e1cias gerou d\u00favidas sobre a continuidade da venda dos sorvetes em suas lojas. O caso ilustra como marcas tradicionais podem ser diretamente afetadas [&hellip;]<\/p>\n","protected":false},"author":4,"featured_media":4885,"comment_status":"open","ping_status":"open","sticky":false,"template":"","format":"standard","meta":{"jnews-multi-image_gallery":[],"jnews_single_post":{"format":"standard"},"jnews_primary_category":[],"jnews_social_meta":[],"jnews_post_split":[],"footnotes":""},"categories":[1],"tags":[],"class_list":["post-8297","post","type-post","status-publish","format-standard","has-post-thumbnail","hentry","category-uncategorized"],"_links":{"self":[{"href":"https:\/\/diariodepernambuco.audiencelabs.com.br\/wp-json\/wp\/v2\/posts\/8297","targetHints":{"allow":["GET"]}}],"collection":[{"href":"https:\/\/diariodepernambuco.audiencelabs.com.br\/wp-json\/wp\/v2\/posts"}],"about":[{"href":"https:\/\/diariodepernambuco.audiencelabs.com.br\/wp-json\/wp\/v2\/types\/post"}],"author":[{"embeddable":true,"href":"https:\/\/diariodepernambuco.audiencelabs.com.br\/wp-json\/wp\/v2\/users\/4"}],"replies":[{"embeddable":true,"href":"https:\/\/diariodepernambuco.audiencelabs.com.br\/wp-json\/wp\/v2\/comments?post=8297"}],"version-history":[{"count":2,"href":"https:\/\/diariodepernambuco.audiencelabs.com.br\/wp-json\/wp\/v2\/posts\/8297\/revisions"}],"predecessor-version":[{"id":8301,"href":"https:\/\/diariodepernambuco.audiencelabs.com.br\/wp-json\/wp\/v2\/posts\/8297\/revisions\/8301"}],"wp:featuredmedia":[{"embeddable":true,"href":"https:\/\/diariodepernambuco.audiencelabs.com.br\/wp-json\/wp\/v2\/media\/4885"}],"wp:attachment":[{"href":"https:\/\/diariodepernambuco.audiencelabs.com.br\/wp-json\/wp\/v2\/media?parent=8297"}],"wp:term":[{"taxonomy":"category","embeddable":true,"href":"https:\/\/diariodepernambuco.audiencelabs.com.br\/wp-json\/wp\/v2\/categories?post=8297"},{"taxonomy":"post_tag","embeddable":true,"href":"https:\/\/diariodepernambuco.audiencelabs.com.br\/wp-json\/wp\/v2\/tags?post=8297"}],"curies":[{"name":"wp","href":"https:\/\/api.w.org\/{rel}","templated":true}]}}