{"id":8305,"date":"2025-11-06T15:45:00","date_gmt":"2025-11-06T18:45:00","guid":{"rendered":"https:\/\/diariodepernambuco.audiencelabs.com.br\/?p=8305"},"modified":"2025-11-05T15:21:40","modified_gmt":"2025-11-05T18:21:40","slug":"calendario-com-todos-os-pagamentos-do-bolsa-familia-em-novembro-foi-divulgado","status":"publish","type":"post","link":"https:\/\/diariodepernambuco.audiencelabs.com.br\/calendario-com-todos-os-pagamentos-do-bolsa-familia-em-novembro-foi-divulgado\/","title":{"rendered":"Calend\u00e1rio com todos os pagamentos do Bolsa Fam\u00edlia em novembro foi divulgado"},"content":{"rendered":"\n<p>O Minist\u00e9rio do Desenvolvimento e Assist\u00eancia Social (<a href=\"https:\/\/www.gov.br\/mds\/pt-br\" target=\"_blank\" rel=\"noopener\"><strong>MDS<\/strong><\/a>), em conjunto com a <a href=\"https:\/\/diariodepernambuco.com.br\/dpmais\/caixa-deposita-pagamento-extra-de-r-150-para-brasileiros\/\" target=\"_blank\" rel=\"noopener\"><strong>Caixa Econ\u00f4mica Federal<\/strong><\/a>, tornou p\u00fablico o cronograma de pagamentos do Bolsa Fam\u00edlia referente ao m\u00eas de novembro de 2025. <\/p>\n\n\n\n<p>As informa\u00e7\u00f5es incluem as datas exatas em que os repasses ser\u00e3o realizados, conforme o N\u00famero de Identifica\u00e7\u00e3o Social (NIS), al\u00e9m dos valores que os benefici\u00e1rios devem receber. <\/p>\n\n\n\n<p>O programa, que atualmente atende mais de 19 milh\u00f5es de fam\u00edlias em situa\u00e7\u00e3o de vulnerabilidade, segue com as diretrizes atualizadas para este pen\u00faltimo m\u00eas do ano.<\/p>\n\n\n\n<h2 class=\"wp-block-heading\">Calend\u00e1rio com todos os pagamentos do Bolsa Fam\u00edlia em novembro foi divulgado<\/h2>\n\n\n\n<p>A log\u00edstica dos pagamentos continua sendo escalonada. Isso significa que os dep\u00f3sitos n\u00e3o s\u00e3o feitos todos de uma vez, mas sim de forma gradual ao longo de dias \u00fateis, de acordo com o \u00faltimo n\u00famero do NIS de cada titular do benef\u00edcio. <\/p>\n\n\n\n<p>Essa estrat\u00e9gia tem como objetivo evitar congestionamentos nas ag\u00eancias da Caixa e nas casas lot\u00e9ricas, al\u00e9m de garantir maior organiza\u00e7\u00e3o no repasse dos recursos.<\/p>\n\n\n\n<p>Em novembro, o pagamento do Bolsa Fam\u00edlia come\u00e7a no dia 17, uma segunda-feira, para quem tem NIS terminado em 1. <\/p>\n\n\n\n<p>No entanto, como j\u00e1 \u00e9 praxe, quando a data cai numa segunda-feira, h\u00e1 possibilidade de antecipa\u00e7\u00e3o para o s\u00e1bado anterior, o que neste caso significa que os dep\u00f3sitos para esse grupo podem come\u00e7ar j\u00e1 no dia 15. <\/p>\n\n\n\n<p>O cronograma se estende at\u00e9 o dia 28, sexta-feira, quando ser\u00e3o liberados os valores para os benefici\u00e1rios com NIS final 0.<\/p>\n\n\n\n<p>Veja a seguir a tabela com todas as datas de pagamento do Bolsa Fam\u00edlia em novembro de 2025:<\/p>\n\n\n\n<figure class=\"wp-block-table is-style-stripes\"><table class=\"has-fixed-layout\"><thead><tr><th>Final do NIS<\/th><th>Data do Pagamento<\/th><\/tr><\/thead><tbody><tr><td>1<\/td><td>17\/11 (ou 15\/11 antecipado)<\/td><\/tr><tr><td>2<\/td><td>18\/11<\/td><\/tr><tr><td>3<\/td><td>19\/11<\/td><\/tr><tr><td>4<\/td><td>20\/11<\/td><\/tr><tr><td>5<\/td><td>21\/11<\/td><\/tr><tr><td>6<\/td><td>24\/11 (ou 22\/11 antecipado)<\/td><\/tr><tr><td>7<\/td><td>25\/11<\/td><\/tr><tr><td>8<\/td><td>26\/11<\/td><\/tr><tr><td>9<\/td><td>27\/11<\/td><\/tr><tr><td>0<\/td><td>28\/11<\/td><\/tr><\/tbody><\/table><\/figure>\n\n\n\n<h3 class=\"wp-block-heading\">Pagamentos do Bolsa Fam\u00edlia em novembro<\/h3>\n\n\n\n<p>T\u00eam direito ao benef\u00edcio as fam\u00edlias com renda mensal per capita de at\u00e9 R$ 218, desde que estejam registradas no Cadastro \u00danico. <\/p>\n\n\n\n<p>Al\u00e9m disso, \u00e9 necess\u00e1rio cumprir exig\u00eancias como a vacina\u00e7\u00e3o em dia, frequ\u00eancia escolar de crian\u00e7as e adolescentes, e acompanhamento pr\u00e9-natal para gestantes. <\/p>\n\n\n\n<p>O valor m\u00ednimo garantido por fam\u00edlia \u00e9 de R$ 600, podendo chegar a cifras maiores com os adicionais previstos: R$ 150 por crian\u00e7a de at\u00e9 6 anos, e R$ 50 para gestantes, lactantes e jovens entre 7 e 18 anos. <\/p>\n\n\n\n<p>Com esses acr\u00e9scimos, o valor m\u00e9dio por lar gira em torno de R$ 685.<\/p>\n\n\n\n<p>Os valores podem ser acessados diretamente pelo aplicativo Caixa Tem, ou sacados nas ag\u00eancias da Caixa, terminais de autoatendimento e unidades lot\u00e9ricas.<\/p>\n\n\n\n<p><\/p>\n","protected":false},"excerpt":{"rendered":"<p>O Minist\u00e9rio do Desenvolvimento e Assist\u00eancia Social (MDS), em conjunto com a Caixa Econ\u00f4mica Federal, tornou p\u00fablico o cronograma de pagamentos do Bolsa Fam\u00edlia referente ao m\u00eas de novembro de 2025. As informa\u00e7\u00f5es incluem as datas exatas em que os repasses ser\u00e3o realizados, conforme o N\u00famero de Identifica\u00e7\u00e3o Social (NIS), al\u00e9m dos valores que os [&hellip;]<\/p>\n","protected":false},"author":12,"featured_media":8306,"comment_status":"open","ping_status":"open","sticky":false,"template":"","format":"standard","meta":{"jnews-multi-image_gallery":[],"jnews_single_post":{"format":"standard"},"jnews_primary_category":[],"jnews_social_meta":[],"jnews_post_split":[],"footnotes":""},"categories":[1],"tags":[],"class_list":["post-8305","post","type-post","status-publish","format-standard","has-post-thumbnail","hentry","category-uncategorized"],"_links":{"self":[{"href":"https:\/\/diariodepernambuco.audiencelabs.com.br\/wp-json\/wp\/v2\/posts\/8305","targetHints":{"allow":["GET"]}}],"collection":[{"href":"https:\/\/diariodepernambuco.audiencelabs.com.br\/wp-json\/wp\/v2\/posts"}],"about":[{"href":"https:\/\/diariodepernambuco.audiencelabs.com.br\/wp-json\/wp\/v2\/types\/post"}],"author":[{"embeddable":true,"href":"https:\/\/diariodepernambuco.audiencelabs.com.br\/wp-json\/wp\/v2\/users\/12"}],"replies":[{"embeddable":true,"href":"https:\/\/diariodepernambuco.audiencelabs.com.br\/wp-json\/wp\/v2\/comments?post=8305"}],"version-history":[{"count":1,"href":"https:\/\/diariodepernambuco.audiencelabs.com.br\/wp-json\/wp\/v2\/posts\/8305\/revisions"}],"predecessor-version":[{"id":8314,"href":"https:\/\/diariodepernambuco.audiencelabs.com.br\/wp-json\/wp\/v2\/posts\/8305\/revisions\/8314"}],"wp:featuredmedia":[{"embeddable":true,"href":"https:\/\/diariodepernambuco.audiencelabs.com.br\/wp-json\/wp\/v2\/media\/8306"}],"wp:attachment":[{"href":"https:\/\/diariodepernambuco.audiencelabs.com.br\/wp-json\/wp\/v2\/media?parent=8305"}],"wp:term":[{"taxonomy":"category","embeddable":true,"href":"https:\/\/diariodepernambuco.audiencelabs.com.br\/wp-json\/wp\/v2\/categories?post=8305"},{"taxonomy":"post_tag","embeddable":true,"href":"https:\/\/diariodepernambuco.audiencelabs.com.br\/wp-json\/wp\/v2\/tags?post=8305"}],"curies":[{"name":"wp","href":"https:\/\/api.w.org\/{rel}","templated":true}]}}