{"id":8315,"date":"2025-11-06T18:45:00","date_gmt":"2025-11-06T21:45:00","guid":{"rendered":"https:\/\/diariodepernambuco.audiencelabs.com.br\/?p=8315"},"modified":"2025-11-07T17:21:33","modified_gmt":"2025-11-07T20:21:33","slug":"lei-em-vigor-traz-otima-noticia-sobre-feriado-prolongado-no-brasil","status":"publish","type":"post","link":"https:\/\/diariodepernambuco.audiencelabs.com.br\/lei-em-vigor-traz-otima-noticia-sobre-feriado-prolongado-no-brasil\/","title":{"rendered":"Lei em vigor traz \u00f3tima not\u00edcia sobre feriado prolongado no Brasil"},"content":{"rendered":"\n<p>Neste m\u00eas de novembro, uma boa not\u00edcia j\u00e1 anima milh\u00f5es de brasileiros: uma nova lei em vigor garante um feriado nacional que poder\u00e1 ser prolongado nos pr\u00f3ximos dias. <\/p>\n\n\n\n<p>A medida, v\u00e1lida em todo o territ\u00f3rio nacional, deve permitir que trabalhadores de diversos setores aproveitem um raro descanso estendido antes da correria do fim de ano. <\/p>\n\n\n\n<p>Gra\u00e7as \u00e0 legisla\u00e7\u00e3o sancionada recentemente, muitos poder\u00e3o transformar uma simples folga em um fim de semana prolongado, algo sempre bem-vindo na rotina apertada dos brasileiros.<\/p>\n\n\n\n<h2 class=\"wp-block-heading\">Lei em vigor traz \u00f3tima not\u00edcia sobre feriado prolongado no Brasil<\/h2>\n\n\n<style>@media (min-width: 992px) {\n    .recomendadorV2Area1 {\n        width: 280px;\n    }\n    .recomendadorV2Area2 {\n        padding: 0px 20px;\n        width: calc(100% - 280px);\n    }\n}\n\n@media (max-width: 992px) {\n    .recomendadorV2Button {\n        margin: 0 auto;\n    }\n    .recomendadorV2Area {\n        flex-direction: column;\n        text-align: center;\n    }\n    .recomendadorV2Area2 {\n        padding: 0px 20px;\n    }\n}\n\n.recomendadorV2Area {\n    background: #eeeeee3d;\n    border-radius: 10px;\n    padding: 15px;\n    display: flex;\n    margin: 15px auto;\n    border: 1px solid #00000014;\n    max-width: 800px;\n}\n\n.recomendadorV2Area1 img {\n    width: 280px;\n    height: auto;\n    border-radius: 8px;\n}\n\n.linkrecomendadorv2 {\n    text-decoration: none !important;\n}\n\n.recomendadorV2Area2 .recomendadorV2Type {\n    text-transform: uppercase;\n    font-weight: 500;\n    font-size: 11px;\n    letter-spacing: 2px;\n    color: #666;\n    margin: 12px 0;\n    display: block;\n}\n\n.recomendadorV2Title h2 {\n    padding-top: 0px !important;\n    margin: 0px !important;\n    border-left: none !important;\n    padding-left: 0px !important;\n    line-height: 1.3;\n    color: #000 !important;\n    font-size: 24px;\n    margin-bottom: 12px !important;\n}\n\n.recomendadorV2Desc {\n    color: #333;\n    margin: 12px 0px !important;\n    font-size: 15px;\n    line-height: 1.5;\n}\n\n.recomendadorV2Button {\n    width: auto;\n    max-width: 200px;\n    margin: 0;\n    display: inline-flex;\n    align-items: center;\n    background: #1D3557;\n    border-radius: 8px;\n    color: #fff;\n    height: 36px;\n    justify-content: center;\n    text-align: center;\n    font-size: 14px;\n    padding: 0 20px;\n    transition: background-color 0.2s ease;\n}\n\n.recomendadorV2Button:hover {\n    background: #2a4d7a;\n}\n\n.recomendadorV2Button:after {\n    margin-top: -2px;\n    content: \"\u2192\";\n    padding: 0px 0px 0px 8px;\n}\n\n.recomendadorV2Alert {\n    text-align: left;\n    font-size: 11px;\n    margin-top: 8px;\n    color: #666;\n}\n\n.recomendadorFixedArea {\n    width: 100%;\n    display: flex;\n    justify-content: center;\n    align-items: center;\n}\n\n@media (min-width: 992px) {\n    #recomendadorFixed {\n        width: 32% !important;\n        left: 5%;\n    }\n    .recomendadorCloseFixed{\n        right: inherit !important;\n        left: 378px !important;\n    }\n}\n\n#recomendadorFixed {\n    width: 90%;\n    box-shadow: 0 10px 20px 0px #00000057;\n    display: none;\n    height: 90px;\n    background: #F6F6F6;\n    position: fixed;\n    flex-direction: row;\n    bottom: 10px;\n    z-index: 9999;\n    border-radius: 16px;\n    padding: 7px 10px;\n}\n\n.recomendadorLeftArea {\n    width: 160px;\n}\n\n.recomendadorRightArea h2 {\n    padding-top: 0px;\n    margin: 2px 0px 4px 0px !important;\n    font-weight: 400;\n    text-align: center;\n    padding-left: 0px !important;\n    color: #000 !important;\n    border-left: none !important;\n    line-height: 20px;\n    font-size: 12px !important;\n}\n\n.recomendadorImgFixed {\n    overflow: hidden;\n    padding: 8px 6px;\n    height: 100%;\n}\n\n.recomendadorImgFixed img {\n    height: 100% !important;\n    border-radius: 16px;\n}\n\n.recomendadorRightArea {\n    padding-top: 6px;\n    display: flex;\n    width: calc(100% - 130px);\n    justify-content: space-between;\n    align-items: center;\n    flex-direction: column;\n}\n\n.recomendadorButtonFixed {\n    margin: 0 auto;\n    background: #1D3557;\n    width: 80%;\n    text-align: center;\n    font-size: 10px;\n    color: #FFF;\n    padding: 2px 10px;\n    border-radius: 3px;\n}\n\n.recomendadorButtonFixed:after {\n    margin-top: -3px;\n    content: \"\u2192\";\n    padding: 0px 0px 0px 10px;\n}\n\n.recomendadorAlertFixed {\n    font-weight: 400;\n    text-align: center;\n    color: #484848;\n    font-size: 8px;\n}\n\n.recomendadorCloseFixed {\n    z-index: 99999;\n    display: none;\n    right: 0px;\n    left: inherit;\n    bottom: 99px;\n    position: fixed;\n    justify-content: center;\n    background: #F6F6F6;\n    width: 25px;\n    align-items: center;\n    height: 25px;\n    font-weight: 800;\n    border-radius: 50%;\n    border: 1px solid #EBEBEB;\n}\n\n.recomendadorV2Desc{\n    color: #000000;\n    margin: 20px 0px;\n}\n\n@media (max-width: 576px) {\n    .recomendadorV2Area {\n      padding: 10px;\n      max-width: 100%;\n    }\n  \n    .recomendadorV2Area1 img {\n      width: 100%;\n      border-radius: 6px;\n    }\n  \n    .recomendadorV2Area2 .recomendadorV2Type {\n      font-size: 9px;\n      letter-spacing: 1px;\n      margin: 8px 0;\n    }\n  \n    .recomendadorV2Title h2 {\n      font-size: 18px !important;\n      margin-bottom: 8px !important;\n      line-height: 1.2;\n    }\n  \n    .recomendadorV2Desc {\n      font-size: 14px;\n      margin: 8px 0 !important;\n      line-height: 1.4;\n    }\n  \n    .recomendadorV2Button {\n      font-size: 12px;\n      height: 30px;\n      padding: 0 12px;\n      max-width: 160px;\n    }\n  \n    .recomendadorV2Button:after {\n      padding-left: 6px;\n    }\n  }\n  <\/style>\n        <div class=\"lazyblock-recomendador-v2-2jDGz wp-block-lazyblock-recomendador-v2\">\n        <a class=\"linkrecomendadorv2\" href=\"https:\/\/diariodepernambuco.com.br\/dpmais\/lei-em-vigor-traz-novas-regras-sobre-licenca-paternidade\/?utm_source=lazy\" target=\"_blank\" rel=\"noopener\">\n            <div class=\"recomendadorV2Area\">\n            <div class=\"recomendadorV2Area1\">\n                <div class=\"recomendadorV2Img\">\n                <img class=\"lazyloaded\" decoding=\"async\" src=\"https:\/\/diariodepernambuco.audiencelabs.com.br\/wp-content\/uploads\/2025\/11\/Licenca-Paternidade.jpg\" data-src=\"https:\/\/diariodepernambuco.audiencelabs.com.br\/wp-content\/uploads\/2025\/11\/Licenca-Paternidade.jpg\" alt=\"\">\n                <\/div>\n            <\/div>\n            <div class=\"recomendadorV2Area2\">\n                <div class=\"recomendadorV2Type\">\n                    <span>Nova regra<\/span>\n                <\/div>\n                <div class=\"recomendadorV2Title\">\n                <h2><span>Licen\u00e7a paternidade ampliada \ud83d\udc68\u200d\ud83c\udf7c<\/span><\/h2>\n                <\/div>\n                <div class=\"recomendadorV2Desc\">\n                <span>Entenda as novas regras em vigor<\/span>\n                <\/div>\n                <div class=\"recomendadorV2Button\">Confira os detalhes<\/div>\n                <div class=\"recomendadorV2Alert\"><\/div>\n            <\/div>\n            <\/div>\n        <\/a>\n        <div>\n            <div style=\"z-index:99999;\" id=\"buttonClose\" onclick=\"closeRecomendadorFixed()\">\n            <div class=\"recomendadorCloseFixed\">X<\/div>\n            <\/div>\n            <a href=\"https:\/\/diariodepernambuco.com.br\/dpmais\/lei-em-vigor-traz-novas-regras-sobre-licenca-paternidade\/?utm_source=lazy\" target=\"_blank\" rel=\"noopener\">\n            <div class=\"recomendadorFixedArea\">\n                <div id=\"recomendadorFixed\">\n                <div class=\"recomendadorLeftArea\">\n                    <div class=\"recomendadorImgFixed\">\n                    <img class=\"lazyload\" decoding=\"async\" src=\"https:\/\/diariodepernambuco.audiencelabs.com.br\/wp-content\/uploads\/2025\/11\/Licenca-Paternidade.jpg\" alt=\"\">\n                    <\/div>\n                <\/div>\n                <div class=\"recomendadorRightArea\">\n                    <div class=\"recomendadorTitleFixed\">\n                    <h2><span>Licen\u00e7a paternidade ampliada \ud83d\udc68\u200d\ud83c\udf7c<\/span><\/h2>\n                    <\/div>\n                    <div class=\"recomendadorButtonFixed\">Confira os detalhes<\/div>\n                    <div class=\"recomendadorAlertFixed\"><\/div>\n                <\/div>\n                <\/div>\n            <\/div>\n            <\/a>\n        <\/div>\n        <\/div>\n\n\n\n<p>A novidade se refere ao feriado do Dia da Consci\u00eancia Negra, celebrado em 20 de novembro. <\/p>\n\n\n\n<p>Embora a data j\u00e1 fosse reconhecida em algumas cidades e estados, foi apenas em dezembro de 2023 que ela passou a ter status de feriado nacional, ap\u00f3s a san\u00e7\u00e3o da<a href=\"https:\/\/www.planalto.gov.br\/ccivil_03\/_ato2023-2026\/2023\/lei\/l14759.htm\" target=\"_blank\" rel=\"noopener\"><strong> Lei n\u00ba 14.759<\/strong><\/a> pelo presidente Luiz In\u00e1cio Lula da Silva (PT). <\/p>\n\n\n\n<p>O feriado presta homenagem a Zumbi dos Palmares, importante figura hist\u00f3rica da resist\u00eancia negra \u00e0 escravid\u00e3o no Brasil, morto em 1695. <\/p>\n\n\n\n<p>Al\u00e9m disso, a data tem um forte simbolismo na luta por igualdade racial e combate ao racismo ainda presente na sociedade.<\/p>\n\n\n\n<p>A origem do feriado remonta \u00e0 Lei n\u00ba 12.519, criada em 2011 durante o governo da ent\u00e3o presidenta Dilma Rousseff (PT). <\/p>\n\n\n\n<p>No entanto, por mais de uma d\u00e9cada, cabia a estados e munic\u00edpios decidirem se o 20 de novembro seria ou n\u00e3o considerado feriado local. <\/p>\n\n\n\n<p>A nova legisla\u00e7\u00e3o mudou esse cen\u00e1rio ao estabelecer a data como descanso oficial em todo o pa\u00eds, ampliando seu alcance e impacto.<\/p>\n\n\n\n<h3 class=\"wp-block-heading\">Feriado de 20 de novembro ser\u00e1 prolongado<\/h3>\n\n\n\n<p>Neste ano, o Dia da Consci\u00eancia Negra cair\u00e1 em uma quinta-feira (20), o que abre a <a href=\"https:\/\/diariodepernambuco.com.br\/dpmais\/quantos-dias-de-folga-serao-liberados-no-feriado-da-consciencia-negra\/\" target=\"_blank\" rel=\"noopener\"><strong>possibilidade de emenda<\/strong><\/a> com a sexta-feira (21) seguinte, dependendo da decis\u00e3o das empresas e \u00f3rg\u00e3os p\u00fablicos. <\/p>\n\n\n\n<p>Para muitos trabalhadores, isso significa quatro dias consecutivos de folga, uma pausa estrat\u00e9gica antes das festas de fim de ano. <\/p>\n\n\n\n<p>Vale lembrar que setores essenciais como sa\u00fade, transporte e seguran\u00e7a podem continuar operando normalmente, com esquemas especiais de plant\u00e3o.<\/p>\n\n\n\n<p>Este ser\u00e1 a \u00faltima pausa nacional de 2025 antes do Natal e do Ano-Novo, que acontecem nos dias 25 de dezembro e 1\u00ba de janeiro, respectivamente. <\/p>\n\n\n\n<h3 class=\"wp-block-heading\">Feriados em 2026<\/h3>\n\n\n\n<p>J\u00e1 em 2026, o calend\u00e1rio prev\u00ea folgas em diversas datas: o ano come\u00e7a com o feriado da Confraterniza\u00e7\u00e3o Universal em 1\u00ba de janeiro (quinta-feira), seguido pelo Carnaval em 16 e 17 de fevereiro.<\/p>\n\n\n\n<p>Depois, vem a Paix\u00e3o de Cristo em 3 de abril, Tiradentes em 21 de abril (ter\u00e7a-feira), Dia do Trabalho em 1\u00ba de maio (sexta-feira) e Corpus Christi em 4 de junho (quinta-feira).<\/p>\n\n\n\n<p>Haver\u00e1 ainda feriados prolongados em 7 de setembro, 12 de outubro, 2 de novembro, al\u00e9m da Consci\u00eancia Negra em 20 de novembro (sexta-feira) e o Natal em 25 de dezembro (sexta-feira).<\/p>\n","protected":false},"excerpt":{"rendered":"<p>Neste m\u00eas de novembro, uma boa not\u00edcia j\u00e1 anima milh\u00f5es de brasileiros: uma nova lei em vigor garante um feriado nacional que poder\u00e1 ser prolongado nos pr\u00f3ximos dias. A medida, v\u00e1lida em todo o territ\u00f3rio nacional, deve permitir que trabalhadores de diversos setores aproveitem um raro descanso estendido antes da correria do fim de ano. [&hellip;]<\/p>\n","protected":false},"author":12,"featured_media":8318,"comment_status":"open","ping_status":"open","sticky":false,"template":"","format":"standard","meta":{"jnews-multi-image_gallery":[],"jnews_single_post":{"format":"standard"},"jnews_primary_category":[],"jnews_social_meta":[],"jnews_post_split":[],"footnotes":""},"categories":[1],"tags":[],"class_list":["post-8315","post","type-post","status-publish","format-standard","has-post-thumbnail","hentry","category-uncategorized"],"_links":{"self":[{"href":"https:\/\/diariodepernambuco.audiencelabs.com.br\/wp-json\/wp\/v2\/posts\/8315","targetHints":{"allow":["GET"]}}],"collection":[{"href":"https:\/\/diariodepernambuco.audiencelabs.com.br\/wp-json\/wp\/v2\/posts"}],"about":[{"href":"https:\/\/diariodepernambuco.audiencelabs.com.br\/wp-json\/wp\/v2\/types\/post"}],"author":[{"embeddable":true,"href":"https:\/\/diariodepernambuco.audiencelabs.com.br\/wp-json\/wp\/v2\/users\/12"}],"replies":[{"embeddable":true,"href":"https:\/\/diariodepernambuco.audiencelabs.com.br\/wp-json\/wp\/v2\/comments?post=8315"}],"version-history":[{"count":2,"href":"https:\/\/diariodepernambuco.audiencelabs.com.br\/wp-json\/wp\/v2\/posts\/8315\/revisions"}],"predecessor-version":[{"id":8628,"href":"https:\/\/diariodepernambuco.audiencelabs.com.br\/wp-json\/wp\/v2\/posts\/8315\/revisions\/8628"}],"wp:featuredmedia":[{"embeddable":true,"href":"https:\/\/diariodepernambuco.audiencelabs.com.br\/wp-json\/wp\/v2\/media\/8318"}],"wp:attachment":[{"href":"https:\/\/diariodepernambuco.audiencelabs.com.br\/wp-json\/wp\/v2\/media?parent=8315"}],"wp:term":[{"taxonomy":"category","embeddable":true,"href":"https:\/\/diariodepernambuco.audiencelabs.com.br\/wp-json\/wp\/v2\/categories?post=8315"},{"taxonomy":"post_tag","embeddable":true,"href":"https:\/\/diariodepernambuco.audiencelabs.com.br\/wp-json\/wp\/v2\/tags?post=8315"}],"curies":[{"name":"wp","href":"https:\/\/api.w.org\/{rel}","templated":true}]}}