{"id":8324,"date":"2025-12-22T15:15:00","date_gmt":"2025-12-22T18:15:00","guid":{"rendered":"https:\/\/diariodepernambuco.audiencelabs.com.br\/?p=8324"},"modified":"2025-12-22T10:47:30","modified_gmt":"2025-12-22T13:47:30","slug":"truque-que-ninguem-conhecia-ensina-a-limpar-o-micro-ondas-em-casa","status":"publish","type":"post","link":"https:\/\/diariodepernambuco.audiencelabs.com.br\/truque-que-ninguem-conhecia-ensina-a-limpar-o-micro-ondas-em-casa\/","title":{"rendered":"Truque que ningu\u00e9m conhecia ensina a limpar o micro-ondas"},"content":{"rendered":"\n<p>Presente em praticamente todas as cozinhas, o micro-ondas \u00e9 um dos eletrodom\u00e9sticos mais usados no dia a dia. Seja para esquentar um caf\u00e9, descongelar alimentos ou preparar refei\u00e7\u00f5es r\u00e1pidas, ele se tornou sin\u00f4nimo de praticidade. <\/p>\n\n\n\n<p>No entanto, essa mesma frequ\u00eancia de uso acaba acumulando respingos, restos de comida e odores fortes no interior do aparelho. Muitos usu\u00e1rios relatam dificuldade na hora da limpeza, especialmente quando a sujeira est\u00e1 impregnada. <\/p>\n\n\n\n<p>O que pouca gente sabe \u00e9 que existe um m\u00e9todo simples, eficaz e acess\u00edvel para resolver o problema com pouco esfor\u00e7o, e usando apenas dois ingredientes que todo mundo tem em casa.<\/p>\n\n\n\n<h2 class=\"wp-block-heading\">Truque que ningu\u00e9m conhecia ensina a limpar o micro-ondas em casa<\/h2>\n\n\n\n<p>O truque consiste em aproveitar o poder do vapor combinado com as propriedades do vinagre branco.<\/p>\n\n\n\n<p>Para aplic\u00e1-lo, basta utilizar um recipiente pr\u00f3prio para micro-ondas, como uma tigela de vidro ou uma caneca resistente ao calor. Nele, deve-se colocar cerca de 250 ml de \u00e1gua junto com uma ou duas colheres de sopa de vinagre branco destilado. <\/p>\n\n\n\n<p>Em seguida, o recipiente vai ao micro-ondas em pot\u00eancia alta por aproximadamente cinco minutos, ou at\u00e9 que o vapor se forme intensamente dentro do aparelho.<\/p>\n\n\n\n<p>Depois desse tempo, recomenda-se manter a porta fechada por mais dois ou tr\u00eas minutos. Esse intervalo extra permite que o vapor penetre nas crostas de gordura e restos de alimentos, amolecendo a sujeira e facilitando a remo\u00e7\u00e3o. <\/p>\n\n\n\n<p>Com cuidado, o recipiente deve ser retirado, assim como o prato girat\u00f3rio, que pode ser lavado separadamente com \u00e1gua morna e detergente. Um pano \u00famido ou uma esponja macia \u00e9 suficiente para remover os res\u00edduos das paredes internas. <\/p>\n\n\n\n<p>O resultado costuma surpreender: sujeiras soltam com facilidade, e o interior do micro-ondas fica livre de odores fortes.<\/p>\n\n\n\n<h3 class=\"wp-block-heading\">Outras dicas para manter o micro-ondas limpo<\/h3>\n\n\n\n<p>Al\u00e9m desse m\u00e9todo com <a href=\"https:\/\/diariodepernambuco.com.br\/dpmais\/tecnica-secreta-para-limpar-capinha-do-celular-e-deixar-brilhando\/\" target=\"_blank\" rel=\"noopener\"><strong>vinagre<\/strong><\/a>, outras boas pr\u00e1ticas ajudam a manter o micro-ondas sempre limpo. <\/p>\n\n\n\n<p>Cobrir alimentos durante o aquecimento evita respingos, enquanto a limpeza semanal com pano \u00famido e detergente neutro impede o ac\u00famulo de gordura. <\/p>\n\n\n\n<p>Tamb\u00e9m \u00e9 importante <a href=\"https:\/\/blog.frigelar.com.br\/cuidados-basicos-para-o-micro-ondas\/\" target=\"_blank\" rel=\"noopener\"><strong>evitar o uso de produtos abrasivos ou palhas de a\u00e7o<\/strong><\/a>, que podem danificar o interior do aparelho. <\/p>\n\n\n\n<p>E, ao notar cheiros persistentes, uma rodela de lim\u00e3o aquecida na \u00e1gua por alguns minutos tamb\u00e9m ajuda a neutralizar o odor.<\/p>\n\n\n\n<p>Simples, eficaz e barato, esse truque caseiro \u00e9 uma solu\u00e7\u00e3o pr\u00e1tica que muitos desconhecem, e que pode transformar a forma como se cuida do micro-ondas em casa.<\/p>\n\n\n\n<p><\/p>\n","protected":false},"excerpt":{"rendered":"<p>Presente em praticamente todas as cozinhas, o micro-ondas \u00e9 um dos eletrodom\u00e9sticos mais usados no dia a dia. Seja para esquentar um caf\u00e9, descongelar alimentos ou preparar refei\u00e7\u00f5es r\u00e1pidas, ele se tornou sin\u00f4nimo de praticidade. No entanto, essa mesma frequ\u00eancia de uso acaba acumulando respingos, restos de comida e odores fortes no interior do aparelho. [&hellip;]<\/p>\n","protected":false},"author":12,"featured_media":8325,"comment_status":"open","ping_status":"open","sticky":false,"template":"","format":"standard","meta":{"jnews-multi-image_gallery":[],"jnews_single_post":{"format":"standard"},"jnews_primary_category":[],"jnews_social_meta":[],"jnews_post_split":[],"footnotes":""},"categories":[1],"tags":[],"class_list":["post-8324","post","type-post","status-publish","format-standard","has-post-thumbnail","hentry","category-uncategorized"],"_links":{"self":[{"href":"https:\/\/diariodepernambuco.audiencelabs.com.br\/wp-json\/wp\/v2\/posts\/8324","targetHints":{"allow":["GET"]}}],"collection":[{"href":"https:\/\/diariodepernambuco.audiencelabs.com.br\/wp-json\/wp\/v2\/posts"}],"about":[{"href":"https:\/\/diariodepernambuco.audiencelabs.com.br\/wp-json\/wp\/v2\/types\/post"}],"author":[{"embeddable":true,"href":"https:\/\/diariodepernambuco.audiencelabs.com.br\/wp-json\/wp\/v2\/users\/12"}],"replies":[{"embeddable":true,"href":"https:\/\/diariodepernambuco.audiencelabs.com.br\/wp-json\/wp\/v2\/comments?post=8324"}],"version-history":[{"count":2,"href":"https:\/\/diariodepernambuco.audiencelabs.com.br\/wp-json\/wp\/v2\/posts\/8324\/revisions"}],"predecessor-version":[{"id":12265,"href":"https:\/\/diariodepernambuco.audiencelabs.com.br\/wp-json\/wp\/v2\/posts\/8324\/revisions\/12265"}],"wp:featuredmedia":[{"embeddable":true,"href":"https:\/\/diariodepernambuco.audiencelabs.com.br\/wp-json\/wp\/v2\/media\/8325"}],"wp:attachment":[{"href":"https:\/\/diariodepernambuco.audiencelabs.com.br\/wp-json\/wp\/v2\/media?parent=8324"}],"wp:term":[{"taxonomy":"category","embeddable":true,"href":"https:\/\/diariodepernambuco.audiencelabs.com.br\/wp-json\/wp\/v2\/categories?post=8324"},{"taxonomy":"post_tag","embeddable":true,"href":"https:\/\/diariodepernambuco.audiencelabs.com.br\/wp-json\/wp\/v2\/tags?post=8324"}],"curies":[{"name":"wp","href":"https:\/\/api.w.org\/{rel}","templated":true}]}}