{"id":8327,"date":"2025-12-24T09:15:00","date_gmt":"2025-12-24T12:15:00","guid":{"rendered":"https:\/\/diariodepernambuco.audiencelabs.com.br\/?p=8327"},"modified":"2025-12-18T07:10:52","modified_gmt":"2025-12-18T10:10:52","slug":"governo-confirmou-presente-de-natal-e-salario-minimo-vai-aumentar","status":"publish","type":"post","link":"https:\/\/diariodepernambuco.audiencelabs.com.br\/governo-confirmou-presente-de-natal-e-salario-minimo-vai-aumentar\/","title":{"rendered":"Governo confirmou presente de Natal e sal\u00e1rio m\u00ednimo vai aumentar"},"content":{"rendered":"\n<p>O governo federal confirmou nesta semana que pretende aumentar o sal\u00e1rio m\u00ednimo em 2026, e o valor proposto j\u00e1 foi revelado: R$ 1.631. <\/p>\n\n\n\n<p>A medida ainda depende da aprova\u00e7\u00e3o do <a href=\"https:\/\/www.gov.br\/planejamento\/pt-br\/assuntos\/orcamento\/orcamentos-anuais\/2026\" target=\"_blank\" rel=\"noopener\"><strong>Or\u00e7amento de 2026<\/strong><\/a> pelo Congresso Nacional, que deve acontecer at\u00e9 o final deste ano. <\/p>\n\n\n\n<p>Caso seja confirmado pelos parlamentares, o novo valor come\u00e7ar\u00e1 a valer em 1\u00ba de janeiro e ser\u00e1 visto como um verdadeiro presente de Natal para milh\u00f5es de brasileiros, especialmente para os que recebem o piso nacional como principal ou \u00fanica fonte de renda.<\/p>\n\n\n\n<h2 class=\"wp-block-heading\">Governo confirmou presente de natal e sal\u00e1rio m\u00ednimo vai aumentar<\/h2>\n\n\n\n<p>A proposta representa um acr\u00e9scimo de R$ 113 em rela\u00e7\u00e3o ao sal\u00e1rio m\u00ednimo atual, que \u00e9 de R$ 1.518. <\/p>\n\n\n\n<p>O reajuste segue a nova pol\u00edtica de valoriza\u00e7\u00e3o, que combina a infla\u00e7\u00e3o do ano anterior com o crescimento real do Produto Interno Bruto (PIB) de dois anos antes, limitada a um teto de 2,5% de ganho real, conforme definido no novo regime fiscal aprovado em 2023. <\/p>\n\n\n\n<p>Na pr\u00e1tica, isso significa que o aumento de 7,44% para 2026 incorpora a infla\u00e7\u00e3o estimada de 3,6% em 2025, somada a um ganho real dentro do limite estabelecido.<\/p>\n\n\n\n<p>O impacto desse reajuste vai muito al\u00e9m da folha de pagamento dos trabalhadores formais. Cerca de 23 milh\u00f5es de aposentados e pensionistas do INSS que recebem o sal\u00e1rio m\u00ednimo tamb\u00e9m ter\u00e3o seus benef\u00edcios reajustados automaticamente. <\/p>\n\n\n\n<p>O mesmo ocorre com os benefici\u00e1rios do BPC (Benef\u00edcio de Presta\u00e7\u00e3o Continuada), que paga exatamente o valor do piso nacional, e com fam\u00edlias atendidas pelo programa <a href=\"https:\/\/diariodepernambuco.com.br\/dpmais\/bolsa-familia-de-novembro-datas-e-valores-para-receber\/\" target=\"_blank\" rel=\"noopener\"><strong>Bolsa Fam\u00edlia<\/strong><\/a>, que usam o sal\u00e1rio m\u00ednimo como base para defini\u00e7\u00e3o de elegibilidade.<\/p>\n\n\n\n<h3 class=\"wp-block-heading\">Novo salario m\u00ednimo aumenta poder de compra de trabalhadores<\/h3>\n\n\n\n<p>Para os trabalhadores formais, o novo valor significa mais poder de compra e al\u00edvio no or\u00e7amento dom\u00e9stico, sobretudo em um contexto de alta no custo de vida. <\/p>\n\n\n\n<p>O aumento, embora limitado pelo teto fiscal, \u00e9 considerado positivo porque preserva o poder de compra e contribui para o aquecimento da economia no in\u00edcio do ano, per\u00edodo em que tradicionalmente h\u00e1 maior movimenta\u00e7\u00e3o no com\u00e9rcio e nos servi\u00e7os.<\/p>\n\n\n\n<p>Ainda que entidades sindicais pressionem por reajustes mais expressivos, o aumento proposto j\u00e1 representa uma vit\u00f3ria parcial para a popula\u00e7\u00e3o de baixa renda. <\/p>\n\n\n\n<p>Se aprovado a tempo, o novo sal\u00e1rio m\u00ednimo pode, de fato, chegar como um al\u00edvio no bolso e um gesto simb\u00f3lico do governo \u00e0s v\u00e9speras das festas de fim de ano.<\/p>\n","protected":false},"excerpt":{"rendered":"<p>O governo federal confirmou nesta semana que pretende aumentar o sal\u00e1rio m\u00ednimo em 2026, e o valor proposto j\u00e1 foi revelado: R$ 1.631. A medida ainda depende da aprova\u00e7\u00e3o do Or\u00e7amento de 2026 pelo Congresso Nacional, que deve acontecer at\u00e9 o final deste ano. Caso seja confirmado pelos parlamentares, o novo valor come\u00e7ar\u00e1 a valer [&hellip;]<\/p>\n","protected":false},"author":12,"featured_media":8328,"comment_status":"open","ping_status":"open","sticky":false,"template":"","format":"standard","meta":{"jnews-multi-image_gallery":[],"jnews_single_post":{"format":"standard"},"jnews_primary_category":[],"jnews_social_meta":[],"jnews_post_split":[],"footnotes":""},"categories":[1],"tags":[],"class_list":["post-8327","post","type-post","status-publish","format-standard","has-post-thumbnail","hentry","category-uncategorized"],"_links":{"self":[{"href":"https:\/\/diariodepernambuco.audiencelabs.com.br\/wp-json\/wp\/v2\/posts\/8327","targetHints":{"allow":["GET"]}}],"collection":[{"href":"https:\/\/diariodepernambuco.audiencelabs.com.br\/wp-json\/wp\/v2\/posts"}],"about":[{"href":"https:\/\/diariodepernambuco.audiencelabs.com.br\/wp-json\/wp\/v2\/types\/post"}],"author":[{"embeddable":true,"href":"https:\/\/diariodepernambuco.audiencelabs.com.br\/wp-json\/wp\/v2\/users\/12"}],"replies":[{"embeddable":true,"href":"https:\/\/diariodepernambuco.audiencelabs.com.br\/wp-json\/wp\/v2\/comments?post=8327"}],"version-history":[{"count":2,"href":"https:\/\/diariodepernambuco.audiencelabs.com.br\/wp-json\/wp\/v2\/posts\/8327\/revisions"}],"predecessor-version":[{"id":8551,"href":"https:\/\/diariodepernambuco.audiencelabs.com.br\/wp-json\/wp\/v2\/posts\/8327\/revisions\/8551"}],"wp:featuredmedia":[{"embeddable":true,"href":"https:\/\/diariodepernambuco.audiencelabs.com.br\/wp-json\/wp\/v2\/media\/8328"}],"wp:attachment":[{"href":"https:\/\/diariodepernambuco.audiencelabs.com.br\/wp-json\/wp\/v2\/media?parent=8327"}],"wp:term":[{"taxonomy":"category","embeddable":true,"href":"https:\/\/diariodepernambuco.audiencelabs.com.br\/wp-json\/wp\/v2\/categories?post=8327"},{"taxonomy":"post_tag","embeddable":true,"href":"https:\/\/diariodepernambuco.audiencelabs.com.br\/wp-json\/wp\/v2\/tags?post=8327"}],"curies":[{"name":"wp","href":"https:\/\/api.w.org\/{rel}","templated":true}]}}