{"id":8361,"date":"2025-11-07T14:00:00","date_gmt":"2025-11-07T17:00:00","guid":{"rendered":"https:\/\/diariodepernambuco.audiencelabs.com.br\/?p=8361"},"modified":"2025-11-07T17:20:28","modified_gmt":"2025-11-07T20:20:28","slug":"lei-em-vigor-traz-novas-regras-sobre-licenca-paternidade","status":"publish","type":"post","link":"https:\/\/diariodepernambuco.audiencelabs.com.br\/lei-em-vigor-traz-novas-regras-sobre-licenca-paternidade\/","title":{"rendered":"Nova lei pode mudar regras sobre licen\u00e7a-paternidade"},"content":{"rendered":"\n<p>A C\u00e2mara dos Deputados aprovou, na \u00faltima ter\u00e7a-feira (4), um projeto de lei que regulamenta a licen\u00e7a-paternidade no Brasil. A proposta amplia o n\u00famero de dias de afastamento concedidos aos pais ap\u00f3s o nascimento ou ado\u00e7\u00e3o de um filho e garante o pagamento integral da remunera\u00e7\u00e3o durante o per\u00edodo.<\/p>\n\n\n\n<p>Atualmente, n\u00e3o existe uma lei espec\u00edfica que regulamente o tema. As regras em vigor baseiam-se em um dispositivo transit\u00f3rio da Constitui\u00e7\u00e3o de 1988, que estabelece apenas cinco dias de licen\u00e7a e determina que o Congresso Nacional crie uma legisla\u00e7\u00e3o definitiva sobre o benef\u00edcio.<\/p>\n\n\n\n<p>De forma geral, o texto aprovado amplia a licen\u00e7a-paternidade dos atuais cinco dias para 20, com aumento progressivo at\u00e9 2027. A proposta inicial previa um benef\u00edcio de 60 dias, mas o relator, deputado Pedro Campos (PSB-PE), chegou a um acordo com o governo e apresentou um novo parecer com ajustes.<\/p>\n\n\n\n<h2 class=\"wp-block-heading\">Licen\u00e7a-paternidade<\/h2>\n\n\n\n<p>O parlamentar ainda tentou incluir uma vers\u00e3o intermedi\u00e1ria, com licen\u00e7a de 30 dias, mas, diante da falta de consenso, reduziu o per\u00edodo para 20 dias. O texto final tamb\u00e9m permite que a licen\u00e7a seja fracionada \u2014 desde que a primeira parte corresponda a pelo menos metade do total e o restante seja utilizado at\u00e9 180 dias ap\u00f3s o nascimento ou ado\u00e7\u00e3o.<\/p>\n\n\n\n<p>Ap\u00f3s a aprova\u00e7\u00e3o do texto pela C\u00e2mara dos Deputados, a proposta segue para an\u00e1lise no Senado Federal. Se for aprovada sem modifica\u00e7\u00f5es, ser\u00e1 encaminhada para san\u00e7\u00e3o do presidente da Rep\u00fablica, Luiz In\u00e1cio Lula da Silva (PT). Caso n\u00e3o haja veto presidencial, a nova regra entra em vigor a partir da san\u00e7\u00e3o, tornando-se oficialmente uma lei.<\/p>\n\n\n\n<p>Na vers\u00e3o original, o projeto previa ampliar a licen\u00e7a-paternidade dos atuais cinco dias para 30 nos dois primeiros anos, a partir de 2027. Em seguida, o benef\u00edcio seria estendido para 45 dias no terceiro e quarto ano, chegando a 60 dias no quinto. Ap\u00f3s negocia\u00e7\u00f5es, o texto aprovado adotou um aumento mais gradual: 10 dias no primeiro e segundo ano, 15 no terceiro e quarto, e 20 dias a partir do quinto ano.<\/p>\n\n\n\n<p><\/p>\n","protected":false},"excerpt":{"rendered":"<p>A C\u00e2mara dos Deputados aprovou, na \u00faltima ter\u00e7a-feira (4), um projeto de lei que regulamenta a licen\u00e7a-paternidade no Brasil. A proposta amplia o n\u00famero de dias de afastamento concedidos aos pais ap\u00f3s o nascimento ou ado\u00e7\u00e3o de um filho e garante o pagamento integral da remunera\u00e7\u00e3o durante o per\u00edodo. Atualmente, n\u00e3o existe uma lei espec\u00edfica [&hellip;]<\/p>\n","protected":false},"author":4,"featured_media":8364,"comment_status":"open","ping_status":"open","sticky":false,"template":"","format":"standard","meta":{"jnews-multi-image_gallery":[],"jnews_single_post":{"format":"standard"},"jnews_primary_category":[],"jnews_social_meta":[],"jnews_post_split":[],"footnotes":""},"categories":[1],"tags":[],"class_list":["post-8361","post","type-post","status-publish","format-standard","has-post-thumbnail","hentry","category-uncategorized"],"_links":{"self":[{"href":"https:\/\/diariodepernambuco.audiencelabs.com.br\/wp-json\/wp\/v2\/posts\/8361","targetHints":{"allow":["GET"]}}],"collection":[{"href":"https:\/\/diariodepernambuco.audiencelabs.com.br\/wp-json\/wp\/v2\/posts"}],"about":[{"href":"https:\/\/diariodepernambuco.audiencelabs.com.br\/wp-json\/wp\/v2\/types\/post"}],"author":[{"embeddable":true,"href":"https:\/\/diariodepernambuco.audiencelabs.com.br\/wp-json\/wp\/v2\/users\/4"}],"replies":[{"embeddable":true,"href":"https:\/\/diariodepernambuco.audiencelabs.com.br\/wp-json\/wp\/v2\/comments?post=8361"}],"version-history":[{"count":4,"href":"https:\/\/diariodepernambuco.audiencelabs.com.br\/wp-json\/wp\/v2\/posts\/8361\/revisions"}],"predecessor-version":[{"id":8624,"href":"https:\/\/diariodepernambuco.audiencelabs.com.br\/wp-json\/wp\/v2\/posts\/8361\/revisions\/8624"}],"wp:featuredmedia":[{"embeddable":true,"href":"https:\/\/diariodepernambuco.audiencelabs.com.br\/wp-json\/wp\/v2\/media\/8364"}],"wp:attachment":[{"href":"https:\/\/diariodepernambuco.audiencelabs.com.br\/wp-json\/wp\/v2\/media?parent=8361"}],"wp:term":[{"taxonomy":"category","embeddable":true,"href":"https:\/\/diariodepernambuco.audiencelabs.com.br\/wp-json\/wp\/v2\/categories?post=8361"},{"taxonomy":"post_tag","embeddable":true,"href":"https:\/\/diariodepernambuco.audiencelabs.com.br\/wp-json\/wp\/v2\/tags?post=8361"}],"curies":[{"name":"wp","href":"https:\/\/api.w.org\/{rel}","templated":true}]}}