{"id":8369,"date":"2025-11-07T15:30:00","date_gmt":"2025-11-07T18:30:00","guid":{"rendered":"https:\/\/diariodepernambuco.audiencelabs.com.br\/?p=8369"},"modified":"2025-11-06T16:32:46","modified_gmt":"2025-11-06T19:32:46","slug":"3-signos-vao-ganhar-muito-dinheiro-nos-proximos-dias","status":"publish","type":"post","link":"https:\/\/diariodepernambuco.audiencelabs.com.br\/3-signos-vao-ganhar-muito-dinheiro-nos-proximos-dias\/","title":{"rendered":"3 signos v\u00e3o ganhar muito dinheiro nos pr\u00f3ximos dias"},"content":{"rendered":"\n<p>Com a aproxima\u00e7\u00e3o do fim de 2025 e o movimento dos astros que marcam essa transi\u00e7\u00e3o, tr\u00eas signos do zod\u00edaco se destacam por suas promissoras oportunidades de crescimento financeiro e pessoal. A influ\u00eancia de J\u00fapiter em G\u00eameos, aliada \u00e0s energias de V\u00eanus e Saturno, favorece um per\u00edodo de estabilidade e prosperidade, especialmente para Touro, Escorpi\u00e3o e Aqu\u00e1rio.<\/p>\n\n\n\n<p>Touro entra em uma fase de colheita. Depois de meses de esfor\u00e7o e disciplina, os taurinos podem ver seus projetos finalmente dando retorno. O per\u00edodo \u00e9 ideal para renegociar contratos, investir em algo pr\u00f3prio ou at\u00e9 receber um reconhecimento profissional h\u00e1 muito esperado. A presen\u00e7a de V\u00eanus, seu planeta regente, refor\u00e7a a sorte em quest\u00f5es materiais e estimula decis\u00f5es financeiras seguras e rent\u00e1veis.<\/p>\n\n\n\n<p>Escorpi\u00e3o, por sua vez, vive um momento de transforma\u00e7\u00e3o positiva. J\u00fapiter abre caminhos para ganhos inesperados, principalmente por meio de parcerias, b\u00f4nus ou oportunidades fora do comum. \u00c9 um bom momento para se arriscar de maneira estrat\u00e9gica, desde que com foco e planejamento. A energia intensa do signo se traduz em poder de atra\u00e7\u00e3o \u2014 tanto para boas conex\u00f5es quanto para novas fontes de renda.<\/p>\n\n\n\n<p>J\u00e1 Aqu\u00e1rio se destaca pela inova\u00e7\u00e3o. Com Saturno estabilizando suas ideias e J\u00fapiter impulsionando seus planos, o signo pode transformar criatividade em lucro. Neg\u00f3cios digitais, tecnologia e comunica\u00e7\u00f5es ganham for\u00e7a, abrindo espa\u00e7o para empreendimentos originais ou promo\u00e7\u00f5es profissionais. Os pr\u00f3ximos dias prometem n\u00e3o apenas ganhos financeiros, mas tamb\u00e9m uma sensa\u00e7\u00e3o de conquista e prop\u00f3sito renovado.<\/p>\n\n\n\n<h2 class=\"wp-block-heading\">Energia favor\u00e1vel para decis\u00f5es e novos come\u00e7os<\/h2>\n\n\n<style>@media (min-width: 992px) {\n    .recomendadorV2Area1 {\n        width: 280px;\n    }\n    .recomendadorV2Area2 {\n        padding: 0px 20px;\n        width: calc(100% - 280px);\n    }\n}\n\n@media (max-width: 992px) {\n    .recomendadorV2Button {\n        margin: 0 auto;\n    }\n    .recomendadorV2Area {\n        flex-direction: column;\n        text-align: center;\n    }\n    .recomendadorV2Area2 {\n        padding: 0px 20px;\n    }\n}\n\n.recomendadorV2Area {\n    background: #eeeeee3d;\n    border-radius: 10px;\n    padding: 15px;\n    display: flex;\n    margin: 15px auto;\n    border: 1px solid #00000014;\n    max-width: 800px;\n}\n\n.recomendadorV2Area1 img {\n    width: 280px;\n    height: auto;\n    border-radius: 8px;\n}\n\n.linkrecomendadorv2 {\n    text-decoration: none !important;\n}\n\n.recomendadorV2Area2 .recomendadorV2Type {\n    text-transform: uppercase;\n    font-weight: 500;\n    font-size: 11px;\n    letter-spacing: 2px;\n    color: #666;\n    margin: 12px 0;\n    display: block;\n}\n\n.recomendadorV2Title h2 {\n    padding-top: 0px !important;\n    margin: 0px !important;\n    border-left: none !important;\n    padding-left: 0px !important;\n    line-height: 1.3;\n    color: #000 !important;\n    font-size: 24px;\n    margin-bottom: 12px !important;\n}\n\n.recomendadorV2Desc {\n    color: #333;\n    margin: 12px 0px !important;\n    font-size: 15px;\n    line-height: 1.5;\n}\n\n.recomendadorV2Button {\n    width: auto;\n    max-width: 200px;\n    margin: 0;\n    display: inline-flex;\n    align-items: center;\n    background: #1D3557;\n    border-radius: 8px;\n    color: #fff;\n    height: 36px;\n    justify-content: center;\n    text-align: center;\n    font-size: 14px;\n    padding: 0 20px;\n    transition: background-color 0.2s ease;\n}\n\n.recomendadorV2Button:hover {\n    background: #2a4d7a;\n}\n\n.recomendadorV2Button:after {\n    margin-top: -2px;\n    content: \"\u2192\";\n    padding: 0px 0px 0px 8px;\n}\n\n.recomendadorV2Alert {\n    text-align: left;\n    font-size: 11px;\n    margin-top: 8px;\n    color: #666;\n}\n\n.recomendadorFixedArea {\n    width: 100%;\n    display: flex;\n    justify-content: center;\n    align-items: center;\n}\n\n@media (min-width: 992px) {\n    #recomendadorFixed {\n        width: 32% !important;\n        left: 5%;\n    }\n    .recomendadorCloseFixed{\n        right: inherit !important;\n        left: 378px !important;\n    }\n}\n\n#recomendadorFixed {\n    width: 90%;\n    box-shadow: 0 10px 20px 0px #00000057;\n    display: none;\n    height: 90px;\n    background: #F6F6F6;\n    position: fixed;\n    flex-direction: row;\n    bottom: 10px;\n    z-index: 9999;\n    border-radius: 16px;\n    padding: 7px 10px;\n}\n\n.recomendadorLeftArea {\n    width: 160px;\n}\n\n.recomendadorRightArea h2 {\n    padding-top: 0px;\n    margin: 2px 0px 4px 0px !important;\n    font-weight: 400;\n    text-align: center;\n    padding-left: 0px !important;\n    color: #000 !important;\n    border-left: none !important;\n    line-height: 20px;\n    font-size: 12px !important;\n}\n\n.recomendadorImgFixed {\n    overflow: hidden;\n    padding: 8px 6px;\n    height: 100%;\n}\n\n.recomendadorImgFixed img {\n    height: 100% !important;\n    border-radius: 16px;\n}\n\n.recomendadorRightArea {\n    padding-top: 6px;\n    display: flex;\n    width: calc(100% - 130px);\n    justify-content: space-between;\n    align-items: center;\n    flex-direction: column;\n}\n\n.recomendadorButtonFixed {\n    margin: 0 auto;\n    background: #1D3557;\n    width: 80%;\n    text-align: center;\n    font-size: 10px;\n    color: #FFF;\n    padding: 2px 10px;\n    border-radius: 3px;\n}\n\n.recomendadorButtonFixed:after {\n    margin-top: -3px;\n    content: \"\u2192\";\n    padding: 0px 0px 0px 10px;\n}\n\n.recomendadorAlertFixed {\n    font-weight: 400;\n    text-align: center;\n    color: #484848;\n    font-size: 8px;\n}\n\n.recomendadorCloseFixed {\n    z-index: 99999;\n    display: none;\n    right: 0px;\n    left: inherit;\n    bottom: 99px;\n    position: fixed;\n    justify-content: center;\n    background: #F6F6F6;\n    width: 25px;\n    align-items: center;\n    height: 25px;\n    font-weight: 800;\n    border-radius: 50%;\n    border: 1px solid #EBEBEB;\n}\n\n.recomendadorV2Desc{\n    color: #000000;\n    margin: 20px 0px;\n}\n\n@media (max-width: 576px) {\n    .recomendadorV2Area {\n      padding: 10px;\n      max-width: 100%;\n    }\n  \n    .recomendadorV2Area1 img {\n      width: 100%;\n      border-radius: 6px;\n    }\n  \n    .recomendadorV2Area2 .recomendadorV2Type {\n      font-size: 9px;\n      letter-spacing: 1px;\n      margin: 8px 0;\n    }\n  \n    .recomendadorV2Title h2 {\n      font-size: 18px !important;\n      margin-bottom: 8px !important;\n      line-height: 1.2;\n    }\n  \n    .recomendadorV2Desc {\n      font-size: 14px;\n      margin: 8px 0 !important;\n      line-height: 1.4;\n    }\n  \n    .recomendadorV2Button {\n      font-size: 12px;\n      height: 30px;\n      padding: 0 12px;\n      max-width: 160px;\n    }\n  \n    .recomendadorV2Button:after {\n      padding-left: 6px;\n    }\n  }\n  <\/style>\n        <div class=\"lazyblock-recomendador-v2-2jDGz wp-block-lazyblock-recomendador-v2\">\n        <a class=\"linkrecomendadorv2\" href=\"https:\/\/diariodepernambuco.com.br\/dpmais\/sol-vai-sumir-do-ceu-e-o-mundo-ja-pode-comecar-a-se-preparar\/?utm_source=lazy\" target=\"_blank\" rel=\"noopener\">\n            <div class=\"recomendadorV2Area\">\n            <div class=\"recomendadorV2Area1\">\n                <div class=\"recomendadorV2Img\">\n                <img class=\"lazyloaded\" decoding=\"async\" src=\"https:\/\/diariodepernambuco.audiencelabs.com.br\/wp-content\/uploads\/2025\/08\/playa-4898712_1280.jpg\" data-src=\"https:\/\/diariodepernambuco.audiencelabs.com.br\/wp-content\/uploads\/2025\/08\/playa-4898712_1280.jpg\" alt=\"\">\n                <\/div>\n            <\/div>\n            <div class=\"recomendadorV2Area2\">\n                <div class=\"recomendadorV2Type\">\n                    <span>Eclipse solar<\/span>\n                <\/div>\n                <div class=\"recomendadorV2Title\">\n                <h2><span>Dia vira noite com solar que &quot;desaparece&quot; \ud83c\udf12<\/span><\/h2>\n                <\/div>\n                <div class=\"recomendadorV2Desc\">\n                <span>Prepare-se para o eclipse total de 2027<\/span>\n                <\/div>\n                <div class=\"recomendadorV2Button\">Saiba mais<\/div>\n                <div class=\"recomendadorV2Alert\"><\/div>\n            <\/div>\n            <\/div>\n        <\/a>\n        <div>\n            <div style=\"z-index:99999;\" id=\"buttonClose\" onclick=\"closeRecomendadorFixed()\">\n            <div class=\"recomendadorCloseFixed\">X<\/div>\n            <\/div>\n            <a href=\"https:\/\/diariodepernambuco.com.br\/dpmais\/sol-vai-sumir-do-ceu-e-o-mundo-ja-pode-comecar-a-se-preparar\/?utm_source=lazy\" target=\"_blank\" rel=\"noopener\">\n            <div class=\"recomendadorFixedArea\">\n                <div id=\"recomendadorFixed\">\n                <div class=\"recomendadorLeftArea\">\n                    <div class=\"recomendadorImgFixed\">\n                    <img class=\"lazyload\" decoding=\"async\" src=\"https:\/\/diariodepernambuco.audiencelabs.com.br\/wp-content\/uploads\/2025\/08\/playa-4898712_1280.jpg\" alt=\"\">\n                    <\/div>\n                <\/div>\n                <div class=\"recomendadorRightArea\">\n                    <div class=\"recomendadorTitleFixed\">\n                    <h2><span>Dia vira noite com solar que &quot;desaparece&quot; \ud83c\udf12<\/span><\/h2>\n                    <\/div>\n                    <div class=\"recomendadorButtonFixed\">Saiba mais<\/div>\n                    <div class=\"recomendadorAlertFixed\"><\/div>\n                <\/div>\n                <\/div>\n            <\/div>\n            <\/a>\n        <\/div>\n        <\/div>\n\n\n\n<p>Al\u00e9m do aumento financeiro, os pr\u00f3ximos dias tamb\u00e9m trazem um impulso importante para a vida pessoal desses tr\u00eas signos. O per\u00edodo favorece decis\u00f5es estrat\u00e9gicas, planejamento de metas e at\u00e9 mudan\u00e7as de carreira. J\u00fapiter estimula a confian\u00e7a e a clareza mental, enquanto V\u00eanus suaviza as rela\u00e7\u00f5es profissionais, ajudando a atrair boas parcerias e oportunidades que exigem diplomacia e equil\u00edbrio.<\/p>\n\n\n\n<p>Para quem pertence a Touro, Escorpi\u00e3o ou Aqu\u00e1rio, este \u00e9 o momento ideal para agir com coragem e aproveitar as portas que se abrem. Projetos iniciados agora tendem a ter resultados duradouros, especialmente se forem guiados por prop\u00f3sito e organiza\u00e7\u00e3o.<\/p>\n\n\n\n<p><\/p>\n","protected":false},"excerpt":{"rendered":"<p>Com a aproxima\u00e7\u00e3o do fim de 2025 e o movimento dos astros que marcam essa transi\u00e7\u00e3o, tr\u00eas signos do zod\u00edaco se destacam por suas promissoras oportunidades de crescimento financeiro e pessoal. A influ\u00eancia de J\u00fapiter em G\u00eameos, aliada \u00e0s energias de V\u00eanus e Saturno, favorece um per\u00edodo de estabilidade e prosperidade, especialmente para Touro, Escorpi\u00e3o [&hellip;]<\/p>\n","protected":false},"author":4,"featured_media":8370,"comment_status":"open","ping_status":"open","sticky":false,"template":"","format":"standard","meta":{"jnews-multi-image_gallery":[],"jnews_single_post":{"format":"standard"},"jnews_primary_category":[],"jnews_social_meta":[],"jnews_post_split":[],"footnotes":""},"categories":[1],"tags":[],"class_list":["post-8369","post","type-post","status-publish","format-standard","has-post-thumbnail","hentry","category-uncategorized"],"_links":{"self":[{"href":"https:\/\/diariodepernambuco.audiencelabs.com.br\/wp-json\/wp\/v2\/posts\/8369","targetHints":{"allow":["GET"]}}],"collection":[{"href":"https:\/\/diariodepernambuco.audiencelabs.com.br\/wp-json\/wp\/v2\/posts"}],"about":[{"href":"https:\/\/diariodepernambuco.audiencelabs.com.br\/wp-json\/wp\/v2\/types\/post"}],"author":[{"embeddable":true,"href":"https:\/\/diariodepernambuco.audiencelabs.com.br\/wp-json\/wp\/v2\/users\/4"}],"replies":[{"embeddable":true,"href":"https:\/\/diariodepernambuco.audiencelabs.com.br\/wp-json\/wp\/v2\/comments?post=8369"}],"version-history":[{"count":4,"href":"https:\/\/diariodepernambuco.audiencelabs.com.br\/wp-json\/wp\/v2\/posts\/8369\/revisions"}],"predecessor-version":[{"id":8489,"href":"https:\/\/diariodepernambuco.audiencelabs.com.br\/wp-json\/wp\/v2\/posts\/8369\/revisions\/8489"}],"wp:featuredmedia":[{"embeddable":true,"href":"https:\/\/diariodepernambuco.audiencelabs.com.br\/wp-json\/wp\/v2\/media\/8370"}],"wp:attachment":[{"href":"https:\/\/diariodepernambuco.audiencelabs.com.br\/wp-json\/wp\/v2\/media?parent=8369"}],"wp:term":[{"taxonomy":"category","embeddable":true,"href":"https:\/\/diariodepernambuco.audiencelabs.com.br\/wp-json\/wp\/v2\/categories?post=8369"},{"taxonomy":"post_tag","embeddable":true,"href":"https:\/\/diariodepernambuco.audiencelabs.com.br\/wp-json\/wp\/v2\/tags?post=8369"}],"curies":[{"name":"wp","href":"https:\/\/api.w.org\/{rel}","templated":true}]}}