{"id":8373,"date":"2025-11-07T16:30:00","date_gmt":"2025-11-07T19:30:00","guid":{"rendered":"https:\/\/diariodepernambuco.audiencelabs.com.br\/?p=8373"},"modified":"2025-11-07T17:34:14","modified_gmt":"2025-11-07T20:34:14","slug":"adeus-aposentadoria-aos-67-anos-nova-idade-esta-oficializada-para-toda-populacao-neste-pais","status":"publish","type":"post","link":"https:\/\/diariodepernambuco.audiencelabs.com.br\/adeus-aposentadoria-aos-67-anos-nova-idade-esta-oficializada-para-toda-populacao-neste-pais\/","title":{"rendered":"Adeus aposentadoria aos 67 anos! Nova idade est\u00e1 oficializada para toda popula\u00e7\u00e3o neste pa\u00eds"},"content":{"rendered":"\n<p>A Nova Zel\u00e2ndia est\u00e1 promovendo uma transforma\u00e7\u00e3o significativa em seu sistema previdenci\u00e1rio, abandonando a idade fixa de aposentadoria e adotando um modelo mais flex\u00edvel, baseado nos anos de contribui\u00e7\u00e3o. A nova estrutura promete redefinir o futuro financeiro dos trabalhadores e servir de exemplo para outros pa\u00edses que discutem reformas semelhantes.<\/p>\n\n\n\n<p>Com a mudan\u00e7a, a aposentadoria deixa de depender de uma idade \u00fanica e passa a considerar o tempo efetivo de contribui\u00e7\u00e3o ao longo da vida profissional. Isso beneficia especialmente quem come\u00e7ou a trabalhar mais jovem ou manteve uma carreira longa, alterando de forma profunda o planejamento e as expectativas de muitos cidad\u00e3os.<\/p>\n\n\n\n<p>O aumento da popula\u00e7\u00e3o idosa e da expectativa de vida tem colocado em risco a sustentabilidade do Sistema de Superannuation. Diante desse desafio, a reforma foi vista como essencial para evitar um poss\u00edvel colapso no futuro. Al\u00e9m de se adaptar \u00e0s transforma\u00e7\u00f5es demogr\u00e1ficas, a mudan\u00e7a busca reconhecer quem contribuiu por mais tempo ou iniciou a vida profissional mais cedo.<\/p>\n\n\n\n<p>A nova pol\u00edtica aposenta a idade fixa e passa a relacionar o direito \u00e0 aposentadoria diretamente ao tempo de contribui\u00e7\u00e3o. A mudan\u00e7a est\u00e1 sendo implementada de forma gradual, levando em conta os diferentes perfis de trabalhadores e reconhecendo especialmente as profiss\u00f5es manuais, que costumam ingressar mais cedo no mercado.<\/p>\n\n\n\n<h2 class=\"wp-block-heading\">Transi\u00e7\u00e3o gradual e impacto social da nova aposentadoria<\/h2>\n\n\n\n<p>A transi\u00e7\u00e3o para o novo modelo previdenci\u00e1rio na Nova Zel\u00e2ndia est\u00e1 sendo feita de forma planejada, com fases que garantem adapta\u00e7\u00e3o tanto para o governo quanto para os cidad\u00e3os. O objetivo \u00e9 evitar rupturas bruscas e permitir que os trabalhadores compreendam as novas regras antes de se aposentarem.<\/p>\n\n\n\n<p>Al\u00e9m disso, o governo est\u00e1 investindo em campanhas informativas e suporte t\u00e9cnico para esclarecer d\u00favidas sobre tempo de contribui\u00e7\u00e3o, c\u00e1lculos e benef\u00edcios. Ao valorizar quem come\u00e7ou a trabalhar cedo e garantir mais equidade no sistema, a medida tende a reduzir desigualdades hist\u00f3ricas entre diferentes grupos profissionais.<\/p>\n\n\n\n<p><\/p>\n","protected":false},"excerpt":{"rendered":"<p>A Nova Zel\u00e2ndia est\u00e1 promovendo uma transforma\u00e7\u00e3o significativa em seu sistema previdenci\u00e1rio, abandonando a idade fixa de aposentadoria e adotando um modelo mais flex\u00edvel, baseado nos anos de contribui\u00e7\u00e3o. A nova estrutura promete redefinir o futuro financeiro dos trabalhadores e servir de exemplo para outros pa\u00edses que discutem reformas semelhantes. Com a mudan\u00e7a, a aposentadoria [&hellip;]<\/p>\n","protected":false},"author":4,"featured_media":8380,"comment_status":"open","ping_status":"open","sticky":false,"template":"","format":"standard","meta":{"jnews-multi-image_gallery":[],"jnews_single_post":{"format":"standard"},"jnews_primary_category":[],"jnews_social_meta":[],"jnews_post_split":[],"footnotes":""},"categories":[1],"tags":[],"class_list":["post-8373","post","type-post","status-publish","format-standard","has-post-thumbnail","hentry","category-uncategorized"],"_links":{"self":[{"href":"https:\/\/diariodepernambuco.audiencelabs.com.br\/wp-json\/wp\/v2\/posts\/8373","targetHints":{"allow":["GET"]}}],"collection":[{"href":"https:\/\/diariodepernambuco.audiencelabs.com.br\/wp-json\/wp\/v2\/posts"}],"about":[{"href":"https:\/\/diariodepernambuco.audiencelabs.com.br\/wp-json\/wp\/v2\/types\/post"}],"author":[{"embeddable":true,"href":"https:\/\/diariodepernambuco.audiencelabs.com.br\/wp-json\/wp\/v2\/users\/4"}],"replies":[{"embeddable":true,"href":"https:\/\/diariodepernambuco.audiencelabs.com.br\/wp-json\/wp\/v2\/comments?post=8373"}],"version-history":[{"count":2,"href":"https:\/\/diariodepernambuco.audiencelabs.com.br\/wp-json\/wp\/v2\/posts\/8373\/revisions"}],"predecessor-version":[{"id":8382,"href":"https:\/\/diariodepernambuco.audiencelabs.com.br\/wp-json\/wp\/v2\/posts\/8373\/revisions\/8382"}],"wp:featuredmedia":[{"embeddable":true,"href":"https:\/\/diariodepernambuco.audiencelabs.com.br\/wp-json\/wp\/v2\/media\/8380"}],"wp:attachment":[{"href":"https:\/\/diariodepernambuco.audiencelabs.com.br\/wp-json\/wp\/v2\/media?parent=8373"}],"wp:term":[{"taxonomy":"category","embeddable":true,"href":"https:\/\/diariodepernambuco.audiencelabs.com.br\/wp-json\/wp\/v2\/categories?post=8373"},{"taxonomy":"post_tag","embeddable":true,"href":"https:\/\/diariodepernambuco.audiencelabs.com.br\/wp-json\/wp\/v2\/tags?post=8373"}],"curies":[{"name":"wp","href":"https:\/\/api.w.org\/{rel}","templated":true}]}}