{"id":8384,"date":"2025-11-06T11:30:25","date_gmt":"2025-11-06T14:30:25","guid":{"rendered":"https:\/\/diariodepernambuco.audiencelabs.com.br\/?p=8384"},"modified":"2025-11-11T14:34:25","modified_gmt":"2025-11-11T17:34:25","slug":"pequena-cidade-do-brasil-tem-tanta-gente-rica-que-falta-espaco-pra-colocar-dinheiro","status":"publish","type":"post","link":"https:\/\/diariodepernambuco.audiencelabs.com.br\/pequena-cidade-do-brasil-tem-tanta-gente-rica-que-falta-espaco-pra-colocar-dinheiro\/","title":{"rendered":"Pequena cidade do Brasil tem tanta gente rica que falta espa\u00e7o para colocar dinheiro"},"content":{"rendered":"\n<p>No sul do Brasil, uma cidade de m\u00e9dio porte tem se transformado em vitrine do luxo e polo de atra\u00e7\u00e3o para milion\u00e1rios vindos de v\u00e1rias partes do pa\u00eds, e at\u00e9 do exterior. <\/p>\n\n\n\n<p>Combinando natureza exuberante, alto padr\u00e3o de infraestrutura, seguran\u00e7a acima da m\u00e9dia e uma oferta crescente de im\u00f3veis sofisticados, esse destino deixou de ser apenas um balne\u00e1rio tur\u00edstico para se tornar um verdadeiro reduto da elite financeira.<\/p>\n\n\n\n<h2 class=\"wp-block-heading\">Pequena cidade do Brasil tem tanta gente rica que falta espa\u00e7o pra colocar dinheiro<\/h2>\n\n\n\n<p>O nome por tr\u00e1s desse fen\u00f4meno \u00e9 <a href=\"https:\/\/diariodepernambuco.com.br\/dpmais\/veio-da-havan-comprou-uma-mansao-unica-com-exclusividade-de-causar-inveja\/\" target=\"_blank\" rel=\"noopener\"><strong>Balne\u00e1rio Cambori\u00fa<\/strong><\/a>, em Santa Catarina. Apesar de contar com pouco mais de 150 mil habitantes, a cidade movimenta cifras de metr\u00f3poles e ostenta o metro quadrado mais caro do Brasil. <\/p>\n\n\n\n<p>Empres\u00e1rios, investidores e celebridades t\u00eam disputado os lan\u00e7amentos imobili\u00e1rios locais, especialmente arranha-c\u00e9us com apartamentos que superam os R$ 80 milh\u00f5es. <\/p>\n\n\n<style>@media (min-width: 992px) {\n    .recomendadorV2Area1 {\n        width: 280px;\n    }\n    .recomendadorV2Area2 {\n        padding: 0px 20px;\n        width: calc(100% - 280px);\n    }\n}\n\n@media (max-width: 992px) {\n    .recomendadorV2Button {\n        margin: 0 auto;\n    }\n    .recomendadorV2Area {\n        flex-direction: column;\n        text-align: center;\n    }\n    .recomendadorV2Area2 {\n        padding: 0px 20px;\n    }\n}\n\n.recomendadorV2Area {\n    background: #eeeeee3d;\n    border-radius: 10px;\n    padding: 15px;\n    display: flex;\n    margin: 15px auto;\n    border: 1px solid #00000014;\n    max-width: 800px;\n}\n\n.recomendadorV2Area1 img {\n    width: 280px;\n    height: auto;\n    border-radius: 8px;\n}\n\n.linkrecomendadorv2 {\n    text-decoration: none !important;\n}\n\n.recomendadorV2Area2 .recomendadorV2Type {\n    text-transform: uppercase;\n    font-weight: 500;\n    font-size: 11px;\n    letter-spacing: 2px;\n    color: #666;\n    margin: 12px 0;\n    display: block;\n}\n\n.recomendadorV2Title h2 {\n    padding-top: 0px !important;\n    margin: 0px !important;\n    border-left: none !important;\n    padding-left: 0px !important;\n    line-height: 1.3;\n    color: #000 !important;\n    font-size: 24px;\n    margin-bottom: 12px !important;\n}\n\n.recomendadorV2Desc {\n    color: #333;\n    margin: 12px 0px !important;\n    font-size: 15px;\n    line-height: 1.5;\n}\n\n.recomendadorV2Button {\n    width: auto;\n    max-width: 200px;\n    margin: 0;\n    display: inline-flex;\n    align-items: center;\n    background: #1D3557;\n    border-radius: 8px;\n    color: #fff;\n    height: 36px;\n    justify-content: center;\n    text-align: center;\n    font-size: 14px;\n    padding: 0 20px;\n    transition: background-color 0.2s ease;\n}\n\n.recomendadorV2Button:hover {\n    background: #2a4d7a;\n}\n\n.recomendadorV2Button:after {\n    margin-top: -2px;\n    content: \"\u2192\";\n    padding: 0px 0px 0px 8px;\n}\n\n.recomendadorV2Alert {\n    text-align: left;\n    font-size: 11px;\n    margin-top: 8px;\n    color: #666;\n}\n\n.recomendadorFixedArea {\n    width: 100%;\n    display: flex;\n    justify-content: center;\n    align-items: center;\n}\n\n@media (min-width: 992px) {\n    #recomendadorFixed {\n        width: 32% !important;\n        left: 5%;\n    }\n    .recomendadorCloseFixed{\n        right: inherit !important;\n        left: 378px !important;\n    }\n}\n\n#recomendadorFixed {\n    width: 90%;\n    box-shadow: 0 10px 20px 0px #00000057;\n    display: none;\n    height: 90px;\n    background: #F6F6F6;\n    position: fixed;\n    flex-direction: row;\n    bottom: 10px;\n    z-index: 9999;\n    border-radius: 16px;\n    padding: 7px 10px;\n}\n\n.recomendadorLeftArea {\n    width: 160px;\n}\n\n.recomendadorRightArea h2 {\n    padding-top: 0px;\n    margin: 2px 0px 4px 0px !important;\n    font-weight: 400;\n    text-align: center;\n    padding-left: 0px !important;\n    color: #000 !important;\n    border-left: none !important;\n    line-height: 20px;\n    font-size: 12px !important;\n}\n\n.recomendadorImgFixed {\n    overflow: hidden;\n    padding: 8px 6px;\n    height: 100%;\n}\n\n.recomendadorImgFixed img {\n    height: 100% !important;\n    border-radius: 16px;\n}\n\n.recomendadorRightArea {\n    padding-top: 6px;\n    display: flex;\n    width: calc(100% - 130px);\n    justify-content: space-between;\n    align-items: center;\n    flex-direction: column;\n}\n\n.recomendadorButtonFixed {\n    margin: 0 auto;\n    background: #1D3557;\n    width: 80%;\n    text-align: center;\n    font-size: 10px;\n    color: #FFF;\n    padding: 2px 10px;\n    border-radius: 3px;\n}\n\n.recomendadorButtonFixed:after {\n    margin-top: -3px;\n    content: \"\u2192\";\n    padding: 0px 0px 0px 10px;\n}\n\n.recomendadorAlertFixed {\n    font-weight: 400;\n    text-align: center;\n    color: #484848;\n    font-size: 8px;\n}\n\n.recomendadorCloseFixed {\n    z-index: 99999;\n    display: none;\n    right: 0px;\n    left: inherit;\n    bottom: 99px;\n    position: fixed;\n    justify-content: center;\n    background: #F6F6F6;\n    width: 25px;\n    align-items: center;\n    height: 25px;\n    font-weight: 800;\n    border-radius: 50%;\n    border: 1px solid #EBEBEB;\n}\n\n.recomendadorV2Desc{\n    color: #000000;\n    margin: 20px 0px;\n}\n\n@media (max-width: 576px) {\n    .recomendadorV2Area {\n      padding: 10px;\n      max-width: 100%;\n    }\n  \n    .recomendadorV2Area1 img {\n      width: 100%;\n      border-radius: 6px;\n    }\n  \n    .recomendadorV2Area2 .recomendadorV2Type {\n      font-size: 9px;\n      letter-spacing: 1px;\n      margin: 8px 0;\n    }\n  \n    .recomendadorV2Title h2 {\n      font-size: 18px !important;\n      margin-bottom: 8px !important;\n      line-height: 1.2;\n    }\n  \n    .recomendadorV2Desc {\n      font-size: 14px;\n      margin: 8px 0 !important;\n      line-height: 1.4;\n    }\n  \n    .recomendadorV2Button {\n      font-size: 12px;\n      height: 30px;\n      padding: 0 12px;\n      max-width: 160px;\n    }\n  \n    .recomendadorV2Button:after {\n      padding-left: 6px;\n    }\n  }\n  <\/style>\n        <div class=\"lazyblock-recomendador-v2-2jDGz wp-block-lazyblock-recomendador-v2\">\n        <a class=\"linkrecomendadorv2\" href=\"https:\/\/diariodepernambuco.com.br\/dpmais\/metal-precioso-cabe-na-palma-da-mao-e-vale-mais-que-um-carro-popular-no-brasil\/?utm_source=lazy\" target=\"_blank\" rel=\"noopener\">\n            <div class=\"recomendadorV2Area\">\n            <div class=\"recomendadorV2Area1\">\n                <div class=\"recomendadorV2Img\">\n                <img class=\"lazyloaded\" decoding=\"async\" src=\"https:\/\/diariodepernambuco.audiencelabs.com.br\/wp-content\/uploads\/2025\/11\/metal.jpg\" data-src=\"https:\/\/diariodepernambuco.audiencelabs.com.br\/wp-content\/uploads\/2025\/11\/metal.jpg\" alt=\"\">\n                <\/div>\n            <\/div>\n            <div class=\"recomendadorV2Area2\">\n                <div class=\"recomendadorV2Type\">\n                    <span>Valor oculto<\/span>\n                <\/div>\n                <div class=\"recomendadorV2Title\">\n                <h2><span>Metal cabe na m\u00e3o e vale mais que carro \ud83d\ude97<\/span><\/h2>\n                <\/div>\n                <div class=\"recomendadorV2Desc\">\n                <span>Descubra qual metal raro est\u00e1 em alta<\/span>\n                <\/div>\n                <div class=\"recomendadorV2Button\">Veja o artigo<\/div>\n                <div class=\"recomendadorV2Alert\"><\/div>\n            <\/div>\n            <\/div>\n        <\/a>\n        <div>\n            <div style=\"z-index:99999;\" id=\"buttonClose\" onclick=\"closeRecomendadorFixed()\">\n            <div class=\"recomendadorCloseFixed\">X<\/div>\n            <\/div>\n            <a href=\"https:\/\/diariodepernambuco.com.br\/dpmais\/metal-precioso-cabe-na-palma-da-mao-e-vale-mais-que-um-carro-popular-no-brasil\/?utm_source=lazy\" target=\"_blank\" rel=\"noopener\">\n            <div class=\"recomendadorFixedArea\">\n                <div id=\"recomendadorFixed\">\n                <div class=\"recomendadorLeftArea\">\n                    <div class=\"recomendadorImgFixed\">\n                    <img class=\"lazyload\" decoding=\"async\" src=\"https:\/\/diariodepernambuco.audiencelabs.com.br\/wp-content\/uploads\/2025\/11\/metal.jpg\" alt=\"\">\n                    <\/div>\n                <\/div>\n                <div class=\"recomendadorRightArea\">\n                    <div class=\"recomendadorTitleFixed\">\n                    <h2><span>Metal cabe na m\u00e3o e vale mais que carro \ud83d\ude97<\/span><\/h2>\n                    <\/div>\n                    <div class=\"recomendadorButtonFixed\">Veja o artigo<\/div>\n                    <div class=\"recomendadorAlertFixed\"><\/div>\n                <\/div>\n                <\/div>\n            <\/div>\n            <\/a>\n        <\/div>\n        <\/div>\n\n\n\n<p>A constru\u00e7\u00e3o civil, por sua vez, responde \u00e0 demanda com projetos cada vez mais ambiciosos, desde mans\u00f5es suspensas at\u00e9 torres com beach clubs a mais de 180 metros de altura.<\/p>\n\n\n\n<p>Os compradores que procuram Balne\u00e1rio Cambori\u00fa n\u00e3o s\u00e3o apenas milion\u00e1rios comuns. Muitos integram o seleto grupo dos chamados super-ricos, que s\u00e3o pessoas com mais de 30 milh\u00f5es de d\u00f3lares em ativos. <\/p>\n\n\n\n<p>Para esse p\u00fablico, mais do que ostenta\u00e7\u00e3o, o que pesa \u00e9 a combina\u00e7\u00e3o de exclusividade, design personalizado, tecnologia de ponta, efici\u00eancia energ\u00e9tica e, principalmente, privacidade. <\/p>\n\n\n\n<p>Edif\u00edcios com assinatura de marcas como Ferrari e Lamborghini, servi\u00e7os de personaliza\u00e7\u00e3o de planta e acabamentos de grife s\u00e3o hoje padr\u00e3o por ali.<\/p>\n\n\n\n<h3 class=\"wp-block-heading\">Cidade que oferece sensa\u00e7\u00e3o de bem-estar para milion\u00e1rios tamb\u00e9m v\u00ea o aumento do custo de vida, que prejudica moradores mais pobres<\/h3>\n\n\n\n<p>Estudos recentes apontam ainda outra tend\u00eancia: o bem-estar se tornou prioridade. Construtoras passaram a investir em estruturas inspiradas em spas internacionais, com espa\u00e7os de terapias, academias com equipamentos avan\u00e7ados e jardins sensoriais integrados \u00e0 natureza. <\/p>\n\n\n\n<p>Ao mesmo tempo, a presen\u00e7a constante de helic\u00f3pteros, iates e carros de luxo refor\u00e7a o status de enclave privilegiado.<\/p>\n\n\n\n<p>No entanto, nem tudo s\u00e3o cifras e glamour. O crescimento acelerado e a valoriza\u00e7\u00e3o dos im\u00f3veis expulsaram parte da popula\u00e7\u00e3o tradicional da regi\u00e3o central. <\/p>\n\n\n\n<p>Com a disparada no custo de vida, muitos moradores de longa data foram empurrados para bairros perif\u00e9ricos. A<a href=\"https:\/\/brasilescola.uol.com.br\/geografia\/gentrificacao.htm\" target=\"_blank\" rel=\"noopener\"><strong> gentrifica\u00e7\u00e3o<\/strong><\/a> alterou profundamente a paisagem urbana e social de Balne\u00e1rio Cambori\u00fa, onde, hoje, luxo e desigualdade caminham lado a lado.<\/p>\n\n\n\n<p><\/p>\n","protected":false},"excerpt":{"rendered":"<p>No sul do Brasil, uma cidade de m\u00e9dio porte tem se transformado em vitrine do luxo e polo de atra\u00e7\u00e3o para milion\u00e1rios vindos de v\u00e1rias partes do pa\u00eds, e at\u00e9 do exterior. Combinando natureza exuberante, alto padr\u00e3o de infraestrutura, seguran\u00e7a acima da m\u00e9dia e uma oferta crescente de im\u00f3veis sofisticados, esse destino deixou de ser [&hellip;]<\/p>\n","protected":false},"author":12,"featured_media":8386,"comment_status":"open","ping_status":"open","sticky":false,"template":"","format":"standard","meta":{"jnews-multi-image_gallery":[],"jnews_single_post":{"format":"standard"},"jnews_primary_category":[],"jnews_social_meta":[],"jnews_post_split":[],"footnotes":""},"categories":[1],"tags":[],"class_list":["post-8384","post","type-post","status-publish","format-standard","has-post-thumbnail","hentry","category-uncategorized"],"_links":{"self":[{"href":"https:\/\/diariodepernambuco.audiencelabs.com.br\/wp-json\/wp\/v2\/posts\/8384","targetHints":{"allow":["GET"]}}],"collection":[{"href":"https:\/\/diariodepernambuco.audiencelabs.com.br\/wp-json\/wp\/v2\/posts"}],"about":[{"href":"https:\/\/diariodepernambuco.audiencelabs.com.br\/wp-json\/wp\/v2\/types\/post"}],"author":[{"embeddable":true,"href":"https:\/\/diariodepernambuco.audiencelabs.com.br\/wp-json\/wp\/v2\/users\/12"}],"replies":[{"embeddable":true,"href":"https:\/\/diariodepernambuco.audiencelabs.com.br\/wp-json\/wp\/v2\/comments?post=8384"}],"version-history":[{"count":3,"href":"https:\/\/diariodepernambuco.audiencelabs.com.br\/wp-json\/wp\/v2\/posts\/8384\/revisions"}],"predecessor-version":[{"id":8929,"href":"https:\/\/diariodepernambuco.audiencelabs.com.br\/wp-json\/wp\/v2\/posts\/8384\/revisions\/8929"}],"wp:featuredmedia":[{"embeddable":true,"href":"https:\/\/diariodepernambuco.audiencelabs.com.br\/wp-json\/wp\/v2\/media\/8386"}],"wp:attachment":[{"href":"https:\/\/diariodepernambuco.audiencelabs.com.br\/wp-json\/wp\/v2\/media?parent=8384"}],"wp:term":[{"taxonomy":"category","embeddable":true,"href":"https:\/\/diariodepernambuco.audiencelabs.com.br\/wp-json\/wp\/v2\/categories?post=8384"},{"taxonomy":"post_tag","embeddable":true,"href":"https:\/\/diariodepernambuco.audiencelabs.com.br\/wp-json\/wp\/v2\/tags?post=8384"}],"curies":[{"name":"wp","href":"https:\/\/api.w.org\/{rel}","templated":true}]}}