{"id":8411,"date":"2025-11-06T12:46:47","date_gmt":"2025-11-06T15:46:47","guid":{"rendered":"https:\/\/diariodepernambuco.audiencelabs.com.br\/?p=8411"},"modified":"2025-11-06T13:16:52","modified_gmt":"2025-11-06T16:16:52","slug":"7-estados-do-brasil-recebem-alerta-de-rajadas-violentas-de-vento","status":"publish","type":"post","link":"https:\/\/diariodepernambuco.audiencelabs.com.br\/7-estados-do-brasil-recebem-alerta-de-rajadas-violentas-de-vento\/","title":{"rendered":"7 estados do Brasil recebem alerta de rajadas violentas de vento"},"content":{"rendered":"\n<p>Sete estados brasileiros est\u00e3o sob alerta para a chegada de ventos extremamente fortes nos pr\u00f3ximos dias. <\/p>\n\n\n\n<p>O <a href=\"https:\/\/www.climatempo.com.br\/noticia\/ciclone\/ciclone-extratropical-deixa-sul-sudeste-e-centro-oeste-em-alerta-para-tempestades-e-ventania\" target=\"_blank\" rel=\"noopener\"><strong>aviso meteorol\u00f3gico<\/strong><\/a> se deve \u00e0 forma\u00e7\u00e3o de um ciclone extratropical sobre a Regi\u00e3o Sul do Brasil, que deve ganhar for\u00e7a rapidamente e avan\u00e7ar em dire\u00e7\u00e3o ao oceano, influenciando tamb\u00e9m \u00e1reas do Sudeste e at\u00e9 partes do Centro-Oeste. <\/p>\n\n\n\n<p>A situa\u00e7\u00e3o preocupa especialistas, j\u00e1 que as rajadas podem ultrapassar os 100 km\/h em determinados pontos, representando risco real \u00e0 popula\u00e7\u00e3o. Diante desse cen\u00e1rio, moradores das regi\u00f5es afetadas devem acompanhar as previs\u00f5es e se preparar para os impactos previstos.<\/p>\n\n\n\n<h2 class=\"wp-block-heading\">7 estados do Brasil recebem alerta de rajadas violentas de vento<\/h2>\n\n\n\n<p>De acordo com os meteorologistas, o ciclone come\u00e7ar\u00e1 a se formar entre a noite de quinta-feira (06) e a madrugada de sexta-feira (07), tendo como ponto de origem o interior do Rio Grande do Sul. <\/p>\n\n\n\n<p>J\u00e1 nas primeiras horas da sexta (7), os ventos come\u00e7am a se intensificar, atingindo principalmente o territ\u00f3rio ga\u00facho, o oeste de <a href=\"https:\/\/diariodepernambuco.com.br\/dpmais\/pequena-cidade-do-brasil-tem-tanta-gente-rica-que-falta-espaco-pra-colocar-dinheiro\/\" target=\"_blank\" rel=\"noopener\"><strong>Santa Catarina<\/strong><\/a> e o Paran\u00e1. <\/p>\n\n\n\n<p>Durante o dia, a for\u00e7a das rajadas se espalha e alcan\u00e7a n\u00edveis preocupantes, especialmente \u00e0 noite, quando a costa norte do Rio Grande do Sul pode registrar ventos de at\u00e9 100 km\/h.<\/p>\n\n\n\n<p>No s\u00e1bado (8), o ciclone avan\u00e7a em dire\u00e7\u00e3o ao oceano, mas continua influenciando o clima nas regi\u00f5es Sudeste e Sul. <\/p>\n\n\n\n<p>Com isso, os ventos ganham for\u00e7a ao longo da faixa litor\u00e2nea que vai de Santa Catarina ao Rio de Janeiro, com destaque para S\u00e3o Paulo capital e regi\u00e3o serrana fluminense, onde as rajadas podem superar os 80 km\/h. <\/p>\n\n\n\n<p>O Esp\u00edrito Santo e Minas Gerais tamb\u00e9m entram na rota do fen\u00f4meno, com previs\u00e3o de ventos pr\u00f3ximos aos 100 km\/h nas \u00e1reas mais elevadas e vulner\u00e1veis, como o Sul de Minas, a Zona da Mata e o centro-sul capixaba.<\/p>\n\n\n\n<h3 class=\"wp-block-heading\">Ventos devem causar transtornos em 7 estados<\/h3>\n\n\n\n<p>A chegada desses ventos intensos pode provocar s\u00e9rios transtornos. <\/p>\n\n\n\n<p>H\u00e1 risco de queda de \u00e1rvores, destelhamentos, rompimento de redes el\u00e9tricas e acidentes causados por objetos arrastados. Em regi\u00f5es costeiras, o mar deve ficar agitado, com potencial de ressaca e perigo para embarca\u00e7\u00f5es. <\/p>\n\n\n\n<p>Especialistas recomendam que a popula\u00e7\u00e3o evite circular em \u00e1reas abertas durante os per\u00edodos cr\u00edticos, mantenha janelas e portas bem fechadas, e retire itens soltos de varandas ou quintais. <\/p>\n\n\n\n<p>A aten\u00e7\u00e3o deve ser redobrada principalmente em \u00e1reas urbanas, onde os riscos estruturais s\u00e3o maiores.<\/p>\n\n\n\n<p><\/p>\n","protected":false},"excerpt":{"rendered":"<p>Sete estados brasileiros est\u00e3o sob alerta para a chegada de ventos extremamente fortes nos pr\u00f3ximos dias. O aviso meteorol\u00f3gico se deve \u00e0 forma\u00e7\u00e3o de um ciclone extratropical sobre a Regi\u00e3o Sul do Brasil, que deve ganhar for\u00e7a rapidamente e avan\u00e7ar em dire\u00e7\u00e3o ao oceano, influenciando tamb\u00e9m \u00e1reas do Sudeste e at\u00e9 partes do Centro-Oeste. A [&hellip;]<\/p>\n","protected":false},"author":12,"featured_media":8412,"comment_status":"open","ping_status":"open","sticky":false,"template":"","format":"standard","meta":{"jnews-multi-image_gallery":[],"jnews_single_post":{"format":"standard"},"jnews_primary_category":[],"jnews_social_meta":[],"jnews_post_split":[],"footnotes":""},"categories":[1],"tags":[],"class_list":["post-8411","post","type-post","status-publish","format-standard","has-post-thumbnail","hentry","category-uncategorized"],"_links":{"self":[{"href":"https:\/\/diariodepernambuco.audiencelabs.com.br\/wp-json\/wp\/v2\/posts\/8411","targetHints":{"allow":["GET"]}}],"collection":[{"href":"https:\/\/diariodepernambuco.audiencelabs.com.br\/wp-json\/wp\/v2\/posts"}],"about":[{"href":"https:\/\/diariodepernambuco.audiencelabs.com.br\/wp-json\/wp\/v2\/types\/post"}],"author":[{"embeddable":true,"href":"https:\/\/diariodepernambuco.audiencelabs.com.br\/wp-json\/wp\/v2\/users\/12"}],"replies":[{"embeddable":true,"href":"https:\/\/diariodepernambuco.audiencelabs.com.br\/wp-json\/wp\/v2\/comments?post=8411"}],"version-history":[{"count":1,"href":"https:\/\/diariodepernambuco.audiencelabs.com.br\/wp-json\/wp\/v2\/posts\/8411\/revisions"}],"predecessor-version":[{"id":8413,"href":"https:\/\/diariodepernambuco.audiencelabs.com.br\/wp-json\/wp\/v2\/posts\/8411\/revisions\/8413"}],"wp:featuredmedia":[{"embeddable":true,"href":"https:\/\/diariodepernambuco.audiencelabs.com.br\/wp-json\/wp\/v2\/media\/8412"}],"wp:attachment":[{"href":"https:\/\/diariodepernambuco.audiencelabs.com.br\/wp-json\/wp\/v2\/media?parent=8411"}],"wp:term":[{"taxonomy":"category","embeddable":true,"href":"https:\/\/diariodepernambuco.audiencelabs.com.br\/wp-json\/wp\/v2\/categories?post=8411"},{"taxonomy":"post_tag","embeddable":true,"href":"https:\/\/diariodepernambuco.audiencelabs.com.br\/wp-json\/wp\/v2\/tags?post=8411"}],"curies":[{"name":"wp","href":"https:\/\/api.w.org\/{rel}","templated":true}]}}