{"id":8414,"date":"2025-11-06T13:17:09","date_gmt":"2025-11-06T16:17:09","guid":{"rendered":"https:\/\/diariodepernambuco.audiencelabs.com.br\/?p=8414"},"modified":"2025-11-06T13:21:12","modified_gmt":"2025-11-06T16:21:12","slug":"antes-mesmo-de-acabar-o-ano-cbf-oficializa-palmeiras-como-campeao-do-campeonato-brasileiro-2025","status":"publish","type":"post","link":"https:\/\/diariodepernambuco.audiencelabs.com.br\/antes-mesmo-de-acabar-o-ano-cbf-oficializa-palmeiras-como-campeao-do-campeonato-brasileiro-2025\/","title":{"rendered":"Antes mesmo de acabar o ano, CBF oficializa Palmeiras como campe\u00e3o do Campeonato Brasileiro 2025"},"content":{"rendered":"\n<p>Faltando ainda semanas para o fim da temporada do futebol brasileiro, a Confedera\u00e7\u00e3o Brasileira de Futebol (CBF) j\u00e1 tem um campe\u00e3o nacional oficialmente reconhecido em 2025: o Palmeiras. <\/p>\n\n\n\n<p>A equipe levantou a ta\u00e7a do <a href=\"https:\/\/diariodepernambuco.com.br\/dpmais\/campeonato-brasileiro-foi-anulado-por-envolvimento-suspeito-de-arbitro\/\" target=\"_blank\" rel=\"noopener\"><strong>Campeonato Brasileiro<\/strong><\/a> ap\u00f3s uma final decidida nos p\u00eanaltis contra o Red Bull Bragantino, no Allianz Parque, em S\u00e3o Paulo. <\/p>\n\n\n\n<p>O duelo, realizado no dia 26 de agosto, terminou sem gols no tempo regulamentar e na prorroga\u00e7\u00e3o, mas ganhou ares de drama e consagra\u00e7\u00e3o nas penalidades, com vit\u00f3ria alviverde por 4 a 3, diante de mais de 20 mil torcedores.<\/p>\n\n\n\n<h2 class=\"wp-block-heading\">Antes mesmo de acabar o ano, CBF oficializa Palmeiras como campe\u00e3o do Campeonato Brasileiro 2025<\/h2>\n\n\n\n<p>Contudo, \u00e9 importante destacar logo de in\u00edcio que, apesar do t\u00edtulo soar como uma antecipa\u00e7\u00e3o do fim do ano futebol\u00edstico, ele n\u00e3o diz respeito ao elenco profissional.<\/p>\n\n\n\n<p>O Palmeiras campe\u00e3o de 2025, neste caso, \u00e9 o da categoria <strong><a href=\"https:\/\/www.cbf.com.br\/futebol-brasileiro\/noticias\/copa-brasil\/sub20\/brasileirao-serie-a-sub-20-chega-ao-fim-com-disputa-acirrada-e-titulo-do-palmeiras\" target=\"_blank\" rel=\"noopener\">sub-20<\/a><\/strong>. O torneio, voltado para as promessas das categorias de base, j\u00e1 teve sua conclus\u00e3o h\u00e1 pouco mais de dois meses. <\/p>\n\n\n\n<p>Enquanto isso, o Brasileir\u00e3o da S\u00e9rie A principal segue em andamento e s\u00f3 deve ter seu desfecho em dezembro.<\/p>\n\n\n\n<p>A campanha do time sub-20 do Palmeiras foi marcada por regularidade, for\u00e7a em casa e poder de decis\u00e3o. <\/p>\n\n\n\n<p>Comandado pelo t\u00e9cnico Lucas Andrade, o time fez um percurso s\u00f3lido at\u00e9 a final, passando por advers\u00e1rios tradicionais e mostrando consist\u00eancia tanto na fase de grupos quanto no mata-mata. <\/p>\n\n\n\n<p>Em 23 partidas, os jovens palmeirenses somaram 16 vit\u00f3rias, cinco empates e apenas duas derrotas. Os destaques ofensivos ficaram por conta de Erick Bel\u00e9 e Riquelme Fillipi, artilheiros da equipe com nove gols cada.<\/p>\n\n\n\n<h3 class=\"wp-block-heading\">Palmeiras se consagra campe\u00e3o do Brasileir\u00e3o Sub-20 2025<\/h3>\n\n\n\n<p>Na final\u00edssima contra o Red Bull Bragantino, a equipe teve que lidar com tens\u00e3o e chances perdidas. <\/p>\n\n\n\n<p>Thalys chegou a desperdi\u00e7ar um p\u00eanalti no segundo tempo. Mas nas cobran\u00e7as decisivas, o Verd\u00e3o mostrou maturidade: Aranha defendeu dois chutes e Robson marcou a \u00faltima cobran\u00e7a para selar o tetracampeonato da equipe na categoria. <\/p>\n\n\n\n<p>Com a conquista, o Palmeiras tamb\u00e9m garantiu sua vaga na pr\u00f3xima edi\u00e7\u00e3o da CONMEBOL Libertadores Sub-20, marcada para 2026.<\/p>\n\n\n\n<p>O t\u00edtulo consolida a fase vitoriosa das Crias da Academia e refor\u00e7a o trabalho de base do clube paulista. Bicampe\u00e3o consecutivo, o time sub-20 mant\u00e9m sua trajet\u00f3ria de conquistas, enquanto o elenco principal ainda briga pelo topo na reta final do Brasileir\u00e3o profissional.<\/p>\n\n\n\n<p><\/p>\n","protected":false},"excerpt":{"rendered":"<p>Faltando ainda semanas para o fim da temporada do futebol brasileiro, a Confedera\u00e7\u00e3o Brasileira de Futebol (CBF) j\u00e1 tem um campe\u00e3o nacional oficialmente reconhecido em 2025: o Palmeiras. A equipe levantou a ta\u00e7a do Campeonato Brasileiro ap\u00f3s uma final decidida nos p\u00eanaltis contra o Red Bull Bragantino, no Allianz Parque, em S\u00e3o Paulo. O duelo, [&hellip;]<\/p>\n","protected":false},"author":12,"featured_media":8415,"comment_status":"open","ping_status":"open","sticky":false,"template":"","format":"standard","meta":{"jnews-multi-image_gallery":[],"jnews_single_post":{"format":"standard"},"jnews_primary_category":[],"jnews_social_meta":[],"jnews_post_split":[],"footnotes":""},"categories":[1],"tags":[],"class_list":["post-8414","post","type-post","status-publish","format-standard","has-post-thumbnail","hentry","category-uncategorized"],"_links":{"self":[{"href":"https:\/\/diariodepernambuco.audiencelabs.com.br\/wp-json\/wp\/v2\/posts\/8414","targetHints":{"allow":["GET"]}}],"collection":[{"href":"https:\/\/diariodepernambuco.audiencelabs.com.br\/wp-json\/wp\/v2\/posts"}],"about":[{"href":"https:\/\/diariodepernambuco.audiencelabs.com.br\/wp-json\/wp\/v2\/types\/post"}],"author":[{"embeddable":true,"href":"https:\/\/diariodepernambuco.audiencelabs.com.br\/wp-json\/wp\/v2\/users\/12"}],"replies":[{"embeddable":true,"href":"https:\/\/diariodepernambuco.audiencelabs.com.br\/wp-json\/wp\/v2\/comments?post=8414"}],"version-history":[{"count":2,"href":"https:\/\/diariodepernambuco.audiencelabs.com.br\/wp-json\/wp\/v2\/posts\/8414\/revisions"}],"predecessor-version":[{"id":8429,"href":"https:\/\/diariodepernambuco.audiencelabs.com.br\/wp-json\/wp\/v2\/posts\/8414\/revisions\/8429"}],"wp:featuredmedia":[{"embeddable":true,"href":"https:\/\/diariodepernambuco.audiencelabs.com.br\/wp-json\/wp\/v2\/media\/8415"}],"wp:attachment":[{"href":"https:\/\/diariodepernambuco.audiencelabs.com.br\/wp-json\/wp\/v2\/media?parent=8414"}],"wp:term":[{"taxonomy":"category","embeddable":true,"href":"https:\/\/diariodepernambuco.audiencelabs.com.br\/wp-json\/wp\/v2\/categories?post=8414"},{"taxonomy":"post_tag","embeddable":true,"href":"https:\/\/diariodepernambuco.audiencelabs.com.br\/wp-json\/wp\/v2\/tags?post=8414"}],"curies":[{"name":"wp","href":"https:\/\/api.w.org\/{rel}","templated":true}]}}