{"id":8424,"date":"2025-11-07T06:14:00","date_gmt":"2025-11-07T09:14:00","guid":{"rendered":"https:\/\/diariodepernambuco.audiencelabs.com.br\/?p=8424"},"modified":"2025-11-06T13:40:32","modified_gmt":"2025-11-06T16:40:32","slug":"lei-em-vigor-condena-empresas-que-atrasarem-salarios","status":"publish","type":"post","link":"https:\/\/diariodepernambuco.audiencelabs.com.br\/lei-em-vigor-condena-empresas-que-atrasarem-salarios\/","title":{"rendered":"Lei em vigor condena empresas que atrasarem sal\u00e1rios"},"content":{"rendered":"\n<p>A Consolida\u00e7\u00e3o das Leis do Trabalho (<a href=\"https:\/\/diariodepernambuco.com.br\/dpmais\/trabalhadores-clt-especificos-vao-receber-r-1-789-de-salario-minimo\/\" target=\"_blank\" rel=\"noopener\"><strong>CLT<\/strong><\/a>) assegura ao trabalhador brasileiro uma s\u00e9rie de direitos fundamentais, entre eles o de receber seu sal\u00e1rio de forma pontual. <\/p>\n\n\n\n<p>O pagamento da remunera\u00e7\u00e3o mensal deve ser feito at\u00e9 o quinto dia \u00fatil do m\u00eas seguinte ao trabalhado. Esse prazo n\u00e3o \u00e9 opcional: ele representa uma obriga\u00e7\u00e3o legal do empregador. <\/p>\n\n\n\n<p>Quando essa regra \u00e9 desrespeitada, o empregado tem respaldo jur\u00eddico para reivindicar seus direitos, e a empresa passa a correr o risco de enfrentar consequ\u00eancias legais e financeiras.<\/p>\n\n\n\n<h2 class=\"wp-block-heading\">Lei em vigor condena empresas que atrasarem sal\u00e1rios<\/h2>\n\n\n\n<p>O sal\u00e1rio \u00e9 a principal fonte de sustento do trabalhador, e a legisla\u00e7\u00e3o trabalhista trata o tema com a devida seriedade. O atraso no pagamento, mesmo que por poucos dias, j\u00e1 configura inadimpl\u00eancia. <\/p>\n\n\n\n<p>Caso a remunera\u00e7\u00e3o n\u00e3o seja quitada at\u00e9 o prazo estabelecido, a empresa est\u00e1 sujeita a multas, juros, corre\u00e7\u00e3o monet\u00e1ria e at\u00e9 processos judiciais. <\/p>\n\n\n\n<p>A Justi\u00e7a do Trabalho costuma aplicar uma penalidade de 10% sobre o valor devido nos primeiros 20 dias de atraso. Se esse per\u00edodo for ultrapassado, incidem adicionais de 5% por dia \u00fatil de descumprimento, al\u00e9m dos encargos legais. <\/p>\n\n\n\n<p>Em situa\u00e7\u00f5es mais graves, como atrasos frequentes ou prolongados, o empregado pode solicitar a rescis\u00e3o indireta do contrato, sendo indenizado como se tivesse sido demitido sem justa causa, com direito ao saque do FGTS e multa de 40%, al\u00e9m do aviso pr\u00e9vio e demais verbas rescis\u00f3rias.<\/p>\n\n\n\n<p>Empresas que incorrem em atrasos salariais habituais tamb\u00e9m podem ser fiscalizadas pelo Minist\u00e9rio do Trabalho e autuadas por infra\u00e7\u00e3o administrativa, com multas que se somam \u00e0s san\u00e7\u00f5es judiciais. <\/p>\n\n\n\n<p>H\u00e1 ainda casos em que o atraso gera a\u00e7\u00e3o por danos morais, especialmente quando comprovado que o trabalhador passou por dificuldades financeiras devido \u00e0 inadimpl\u00eancia do empregador.<\/p>\n\n\n\n<h3 class=\"wp-block-heading\">O que o trabalhador pode fazer quando o sal\u00e1rio atrasa de forma recorrente<\/h3>\n\n\n\n<p>Quando o problema do atraso do sal\u00e1rio se torna recorrente, o trabalhador pode recorrer \u00e0 <a href=\"https:\/\/portal.trt12.jus.br\/\" target=\"_blank\" rel=\"noopener\"><strong>Justi\u00e7a do Trabalho<\/strong><\/a> para garantir o cumprimento de seus direitos. <\/p>\n\n\n\n<p>\u00c9 poss\u00edvel ingressar com uma reclama\u00e7\u00e3o trabalhista solicitando o pagamento dos valores devidos com os acr\u00e9scimos legais. <\/p>\n\n\n\n<p>Nos casos em que a rela\u00e7\u00e3o de confian\u00e7a entre as partes se deteriora, a rescis\u00e3o indireta do contrato pode ser a solu\u00e7\u00e3o mais adequada, cabendo ao juiz avaliar a conduta da empresa.<\/p>\n\n\n\n<p>Em um cen\u00e1rio de instabilidade econ\u00f4mica, cumprir com a folha de pagamento no prazo \u00e9 mais do que uma responsabilidade: \u00e9 um dever legal que garante o equil\u00edbrio da rela\u00e7\u00e3o trabalhista.<\/p>\n","protected":false},"excerpt":{"rendered":"<p>A Consolida\u00e7\u00e3o das Leis do Trabalho (CLT) assegura ao trabalhador brasileiro uma s\u00e9rie de direitos fundamentais, entre eles o de receber seu sal\u00e1rio de forma pontual. O pagamento da remunera\u00e7\u00e3o mensal deve ser feito at\u00e9 o quinto dia \u00fatil do m\u00eas seguinte ao trabalhado. Esse prazo n\u00e3o \u00e9 opcional: ele representa uma obriga\u00e7\u00e3o legal do [&hellip;]<\/p>\n","protected":false},"author":12,"featured_media":8430,"comment_status":"open","ping_status":"open","sticky":false,"template":"","format":"standard","meta":{"jnews-multi-image_gallery":[],"jnews_single_post":{"format":"standard"},"jnews_primary_category":[],"jnews_social_meta":[],"jnews_post_split":[],"footnotes":""},"categories":[1],"tags":[],"class_list":["post-8424","post","type-post","status-publish","format-standard","has-post-thumbnail","hentry","category-uncategorized"],"_links":{"self":[{"href":"https:\/\/diariodepernambuco.audiencelabs.com.br\/wp-json\/wp\/v2\/posts\/8424","targetHints":{"allow":["GET"]}}],"collection":[{"href":"https:\/\/diariodepernambuco.audiencelabs.com.br\/wp-json\/wp\/v2\/posts"}],"about":[{"href":"https:\/\/diariodepernambuco.audiencelabs.com.br\/wp-json\/wp\/v2\/types\/post"}],"author":[{"embeddable":true,"href":"https:\/\/diariodepernambuco.audiencelabs.com.br\/wp-json\/wp\/v2\/users\/12"}],"replies":[{"embeddable":true,"href":"https:\/\/diariodepernambuco.audiencelabs.com.br\/wp-json\/wp\/v2\/comments?post=8424"}],"version-history":[{"count":1,"href":"https:\/\/diariodepernambuco.audiencelabs.com.br\/wp-json\/wp\/v2\/posts\/8424\/revisions"}],"predecessor-version":[{"id":8441,"href":"https:\/\/diariodepernambuco.audiencelabs.com.br\/wp-json\/wp\/v2\/posts\/8424\/revisions\/8441"}],"wp:featuredmedia":[{"embeddable":true,"href":"https:\/\/diariodepernambuco.audiencelabs.com.br\/wp-json\/wp\/v2\/media\/8430"}],"wp:attachment":[{"href":"https:\/\/diariodepernambuco.audiencelabs.com.br\/wp-json\/wp\/v2\/media?parent=8424"}],"wp:term":[{"taxonomy":"category","embeddable":true,"href":"https:\/\/diariodepernambuco.audiencelabs.com.br\/wp-json\/wp\/v2\/categories?post=8424"},{"taxonomy":"post_tag","embeddable":true,"href":"https:\/\/diariodepernambuco.audiencelabs.com.br\/wp-json\/wp\/v2\/tags?post=8424"}],"curies":[{"name":"wp","href":"https:\/\/api.w.org\/{rel}","templated":true}]}}