{"id":8464,"date":"2025-11-07T18:45:00","date_gmt":"2025-11-07T21:45:00","guid":{"rendered":"https:\/\/diariodepernambuco.audiencelabs.com.br\/?p=8464"},"modified":"2025-11-07T17:33:07","modified_gmt":"2025-11-07T20:33:07","slug":"igreja-catolica-surpreende-e-muda-visao-sobre-nossa-senhora","status":"publish","type":"post","link":"https:\/\/diariodepernambuco.audiencelabs.com.br\/igreja-catolica-surpreende-e-muda-visao-sobre-nossa-senhora\/","title":{"rendered":"Igreja cat\u00f3lica surpreende e muda vis\u00e3o sobre Nossa Senhora"},"content":{"rendered":"\n<p>Em uma decis\u00e3o que provocou surpresa entre muitos fi\u00e9is, a Igreja Cat\u00f3lica oficializou uma nova diretriz sobre a forma correta de entender o papel da Virgem Maria. <\/p>\n\n\n\n<p>Na \u00faltima ter\u00e7a-feira, 4 de novembro, o Papa Le\u00e3o XIV aprovou um documento doutrinal que determina que Maria n\u00e3o deve ser chamada ou considerada \u201ccorredentora\u201d. <\/p>\n\n\n\n<p>A medida representa uma mudan\u00e7a significativa na maneira como a devo\u00e7\u00e3o mariana ser\u00e1 orientada, pondo fim a d\u00e9cadas de debates teol\u00f3gicos dentro da pr\u00f3pria Igreja.<\/p>\n\n\n\n<h2 class=\"wp-block-heading\">Igreja cat\u00f3lica surpreende e muda vis\u00e3o sobre Nossa Senhora<\/h2>\n\n\n\n<p>O posicionamento foi formalizado por meio de uma <a href=\"https:\/\/www.vatican.va\/roman_curia\/congregations\/cfaith\/documents\/rc_ddf_doc_20251104_mater-populi-fidelis_po.html\" target=\"_blank\" rel=\"noopener\"><strong>nota emitida pelo Dicast\u00e9rio para a Doutrina da F\u00e9<\/strong><\/a>, \u00f3rg\u00e3o respons\u00e1vel por zelar pela integridade dos ensinamentos cat\u00f3licos. <\/p>\n\n\n\n<p>O texto, aprovado pelo <a href=\"https:\/\/diariodepernambuco.com.br\/dpmais\/papa-leao-foi-preso-logo-apos-tomar-posse-e-substituir-antecessor\/\" target=\"_blank\" rel=\"noopener\"><strong>Papa<\/strong><\/a> em outubro mas s\u00f3 divulgado em novembro, refor\u00e7a que Maria ocupa um lugar \u00fanico na f\u00e9 crist\u00e3 como m\u00e3e de Jesus e modelo de f\u00e9, mas deixa claro que a salva\u00e7\u00e3o da humanidade \u00e9 obra exclusiva de Cristo. <\/p>\n\n\n\n<p>Com isso, t\u00edtulos atribu\u00eddos a Maria que possam sugerir uma participa\u00e7\u00e3o no ato redentor de Jesus passam a ser considerados impr\u00f3prios.<\/p>\n\n\n<style>@media (min-width: 992px) {\n    .recomendadorV2Area1 {\n        width: 280px;\n    }\n    .recomendadorV2Area2 {\n        padding: 0px 20px;\n        width: calc(100% - 280px);\n    }\n}\n\n@media (max-width: 992px) {\n    .recomendadorV2Button {\n        margin: 0 auto;\n    }\n    .recomendadorV2Area {\n        flex-direction: column;\n        text-align: center;\n    }\n    .recomendadorV2Area2 {\n        padding: 0px 20px;\n    }\n}\n\n.recomendadorV2Area {\n    background: #eeeeee3d;\n    border-radius: 10px;\n    padding: 15px;\n    display: flex;\n    margin: 15px auto;\n    border: 1px solid #00000014;\n    max-width: 800px;\n}\n\n.recomendadorV2Area1 img {\n    width: 280px;\n    height: auto;\n    border-radius: 8px;\n}\n\n.linkrecomendadorv2 {\n    text-decoration: none !important;\n}\n\n.recomendadorV2Area2 .recomendadorV2Type {\n    text-transform: uppercase;\n    font-weight: 500;\n    font-size: 11px;\n    letter-spacing: 2px;\n    color: #666;\n    margin: 12px 0;\n    display: block;\n}\n\n.recomendadorV2Title h2 {\n    padding-top: 0px !important;\n    margin: 0px !important;\n    border-left: none !important;\n    padding-left: 0px !important;\n    line-height: 1.3;\n    color: #000 !important;\n    font-size: 24px;\n    margin-bottom: 12px !important;\n}\n\n.recomendadorV2Desc {\n    color: #333;\n    margin: 12px 0px !important;\n    font-size: 15px;\n    line-height: 1.5;\n}\n\n.recomendadorV2Button {\n    width: auto;\n    max-width: 200px;\n    margin: 0;\n    display: inline-flex;\n    align-items: center;\n    background: #1D3557;\n    border-radius: 8px;\n    color: #fff;\n    height: 36px;\n    justify-content: center;\n    text-align: center;\n    font-size: 14px;\n    padding: 0 20px;\n    transition: background-color 0.2s ease;\n}\n\n.recomendadorV2Button:hover {\n    background: #2a4d7a;\n}\n\n.recomendadorV2Button:after {\n    margin-top: -2px;\n    content: \"\u2192\";\n    padding: 0px 0px 0px 8px;\n}\n\n.recomendadorV2Alert {\n    text-align: left;\n    font-size: 11px;\n    margin-top: 8px;\n    color: #666;\n}\n\n.recomendadorFixedArea {\n    width: 100%;\n    display: flex;\n    justify-content: center;\n    align-items: center;\n}\n\n@media (min-width: 992px) {\n    #recomendadorFixed {\n        width: 32% !important;\n        left: 5%;\n    }\n    .recomendadorCloseFixed{\n        right: inherit !important;\n        left: 378px !important;\n    }\n}\n\n#recomendadorFixed {\n    width: 90%;\n    box-shadow: 0 10px 20px 0px #00000057;\n    display: none;\n    height: 90px;\n    background: #F6F6F6;\n    position: fixed;\n    flex-direction: row;\n    bottom: 10px;\n    z-index: 9999;\n    border-radius: 16px;\n    padding: 7px 10px;\n}\n\n.recomendadorLeftArea {\n    width: 160px;\n}\n\n.recomendadorRightArea h2 {\n    padding-top: 0px;\n    margin: 2px 0px 4px 0px !important;\n    font-weight: 400;\n    text-align: center;\n    padding-left: 0px !important;\n    color: #000 !important;\n    border-left: none !important;\n    line-height: 20px;\n    font-size: 12px !important;\n}\n\n.recomendadorImgFixed {\n    overflow: hidden;\n    padding: 8px 6px;\n    height: 100%;\n}\n\n.recomendadorImgFixed img {\n    height: 100% !important;\n    border-radius: 16px;\n}\n\n.recomendadorRightArea {\n    padding-top: 6px;\n    display: flex;\n    width: calc(100% - 130px);\n    justify-content: space-between;\n    align-items: center;\n    flex-direction: column;\n}\n\n.recomendadorButtonFixed {\n    margin: 0 auto;\n    background: #1D3557;\n    width: 80%;\n    text-align: center;\n    font-size: 10px;\n    color: #FFF;\n    padding: 2px 10px;\n    border-radius: 3px;\n}\n\n.recomendadorButtonFixed:after {\n    margin-top: -3px;\n    content: \"\u2192\";\n    padding: 0px 0px 0px 10px;\n}\n\n.recomendadorAlertFixed {\n    font-weight: 400;\n    text-align: center;\n    color: #484848;\n    font-size: 8px;\n}\n\n.recomendadorCloseFixed {\n    z-index: 99999;\n    display: none;\n    right: 0px;\n    left: inherit;\n    bottom: 99px;\n    position: fixed;\n    justify-content: center;\n    background: #F6F6F6;\n    width: 25px;\n    align-items: center;\n    height: 25px;\n    font-weight: 800;\n    border-radius: 50%;\n    border: 1px solid #EBEBEB;\n}\n\n.recomendadorV2Desc{\n    color: #000000;\n    margin: 20px 0px;\n}\n\n@media (max-width: 576px) {\n    .recomendadorV2Area {\n      padding: 10px;\n      max-width: 100%;\n    }\n  \n    .recomendadorV2Area1 img {\n      width: 100%;\n      border-radius: 6px;\n    }\n  \n    .recomendadorV2Area2 .recomendadorV2Type {\n      font-size: 9px;\n      letter-spacing: 1px;\n      margin: 8px 0;\n    }\n  \n    .recomendadorV2Title h2 {\n      font-size: 18px !important;\n      margin-bottom: 8px !important;\n      line-height: 1.2;\n    }\n  \n    .recomendadorV2Desc {\n      font-size: 14px;\n      margin: 8px 0 !important;\n      line-height: 1.4;\n    }\n  \n    .recomendadorV2Button {\n      font-size: 12px;\n      height: 30px;\n      padding: 0 12px;\n      max-width: 160px;\n    }\n  \n    .recomendadorV2Button:after {\n      padding-left: 6px;\n    }\n  }\n  <\/style>\n        <div class=\"lazyblock-recomendador-v2-2jDGz wp-block-lazyblock-recomendador-v2\">\n        <a class=\"linkrecomendadorv2\" href=\"https:\/\/diariodepernambuco.com.br\/dpmais\/adeus-aposentadoria-aos-67-anos-nova-idade-esta-oficializada-para-toda-populacao-neste-pais\/?utm_source=lazy\" target=\"_blank\" rel=\"noopener\">\n            <div class=\"recomendadorV2Area\">\n            <div class=\"recomendadorV2Area1\">\n                <div class=\"recomendadorV2Img\">\n                <img class=\"lazyloaded\" decoding=\"async\" src=\"https:\/\/diariodepernambuco.audiencelabs.com.br\/wp-content\/uploads\/2025\/11\/Aposentadoria.jpg\" data-src=\"https:\/\/diariodepernambuco.audiencelabs.com.br\/wp-content\/uploads\/2025\/11\/Aposentadoria.jpg\" alt=\"\">\n                <\/div>\n            <\/div>\n            <div class=\"recomendadorV2Area2\">\n                <div class=\"recomendadorV2Type\">\n                    <span>Aposentadoria oficial<\/span>\n                <\/div>\n                <div class=\"recomendadorV2Title\">\n                <h2><span>Nova idade surpreende popula\u00e7\u00e3o \ud83d\ude2e<\/span><\/h2>\n                <\/div>\n                <div class=\"recomendadorV2Desc\">\n                <span>Regras atualizadas mudam expectativa de aposentadoria<\/span>\n                <\/div>\n                <div class=\"recomendadorV2Button\">Confira as mudan\u00e7as<\/div>\n                <div class=\"recomendadorV2Alert\"><\/div>\n            <\/div>\n            <\/div>\n        <\/a>\n        <div>\n            <div style=\"z-index:99999;\" id=\"buttonClose\" onclick=\"closeRecomendadorFixed()\">\n            <div class=\"recomendadorCloseFixed\">X<\/div>\n            <\/div>\n            <a href=\"https:\/\/diariodepernambuco.com.br\/dpmais\/adeus-aposentadoria-aos-67-anos-nova-idade-esta-oficializada-para-toda-populacao-neste-pais\/?utm_source=lazy\" target=\"_blank\" rel=\"noopener\">\n            <div class=\"recomendadorFixedArea\">\n                <div id=\"recomendadorFixed\">\n                <div class=\"recomendadorLeftArea\">\n                    <div class=\"recomendadorImgFixed\">\n                    <img class=\"lazyload\" decoding=\"async\" src=\"https:\/\/diariodepernambuco.audiencelabs.com.br\/wp-content\/uploads\/2025\/11\/Aposentadoria.jpg\" alt=\"\">\n                    <\/div>\n                <\/div>\n                <div class=\"recomendadorRightArea\">\n                    <div class=\"recomendadorTitleFixed\">\n                    <h2><span>Nova idade surpreende popula\u00e7\u00e3o \ud83d\ude2e<\/span><\/h2>\n                    <\/div>\n                    <div class=\"recomendadorButtonFixed\">Confira as mudan\u00e7as<\/div>\n                    <div class=\"recomendadorAlertFixed\"><\/div>\n                <\/div>\n                <\/div>\n            <\/div>\n            <\/a>\n        <\/div>\n        <\/div>\n\n\n\n<p>A decis\u00e3o n\u00e3o retira da Virgem seu papel de import\u00e2ncia dentro da espiritualidade cat\u00f3lica. Pelo contr\u00e1rio, o documento valoriza t\u00edtulos como \u201cM\u00e3e dos fi\u00e9is\u201d e \u201cM\u00e3e do povo fiel\u201d, ressaltando que Maria acompanha espiritualmente os crist\u00e3os e intercede por eles, mas sempre de forma subordinada \u00e0 a\u00e7\u00e3o de Cristo. <\/p>\n\n\n\n<p>A nota explica que o termo \u201ccorredentora\u201d gera confus\u00e3o doutrin\u00e1ria, pois sugere que Maria dividiria com Jesus a miss\u00e3o salv\u00edfica, o que contraria os fundamentos do cristianismo, que reconhecem apenas a Cristo como mediador entre Deus e os homens.<\/p>\n\n\n\n<h3 class=\"wp-block-heading\">O que muda na pr\u00e1tica ap\u00f3s novo entendimento da Igreja Cat\u00f3lica sobre papel da Virgem Maria?<\/h3>\n\n\n\n<p>Na pr\u00e1tica, a nova diretriz orienta bispos, padres e te\u00f3logos a evitarem express\u00f5es que possam alimentar interpreta\u00e7\u00f5es equivocadas sobre o papel de Maria. <\/p>\n\n\n\n<p>A decis\u00e3o visa proteger a clareza da f\u00e9 e a harmonia das doutrinas, respondendo a uma quest\u00e3o antiga que, por anos, gerou tens\u00f5es internas entre te\u00f3logos, l\u00edderes religiosos e at\u00e9 pont\u00edfices. <\/p>\n\n\n\n<p>Embora alguns papas do passado tenham utilizado o t\u00edtulo \u201ccorredentora\u201d por algum tempo, como no caso de Jo\u00e3o Paulo II antes de 1990, a Igreja nunca o definiu oficialmente como dogma, e papas seguintes, como Francisco, eram contr\u00e1rios a este entendimento.<\/p>\n\n\n\n<p>Com essa defini\u00e7\u00e3o mais precisa, o Vaticano busca preservar o equil\u00edbrio entre a venera\u00e7\u00e3o mariana e a centralidade de Jesus Cristo na f\u00e9 cat\u00f3lica, reafirmando que toda a gra\u00e7a prov\u00e9m unicamente dele, ainda que Maria continue sendo um exemplo insubstitu\u00edvel de f\u00e9 e obedi\u00eancia.<\/p>\n\n\n\n<p><\/p>\n","protected":false},"excerpt":{"rendered":"<p>Em uma decis\u00e3o que provocou surpresa entre muitos fi\u00e9is, a Igreja Cat\u00f3lica oficializou uma nova diretriz sobre a forma correta de entender o papel da Virgem Maria. Na \u00faltima ter\u00e7a-feira, 4 de novembro, o Papa Le\u00e3o XIV aprovou um documento doutrinal que determina que Maria n\u00e3o deve ser chamada ou considerada \u201ccorredentora\u201d. A medida representa [&hellip;]<\/p>\n","protected":false},"author":12,"featured_media":8473,"comment_status":"open","ping_status":"open","sticky":false,"template":"","format":"standard","meta":{"jnews-multi-image_gallery":[],"jnews_single_post":{"format":"standard"},"jnews_primary_category":[],"jnews_social_meta":[],"jnews_post_split":[],"footnotes":""},"categories":[1],"tags":[],"class_list":["post-8464","post","type-post","status-publish","format-standard","has-post-thumbnail","hentry","category-uncategorized"],"_links":{"self":[{"href":"https:\/\/diariodepernambuco.audiencelabs.com.br\/wp-json\/wp\/v2\/posts\/8464","targetHints":{"allow":["GET"]}}],"collection":[{"href":"https:\/\/diariodepernambuco.audiencelabs.com.br\/wp-json\/wp\/v2\/posts"}],"about":[{"href":"https:\/\/diariodepernambuco.audiencelabs.com.br\/wp-json\/wp\/v2\/types\/post"}],"author":[{"embeddable":true,"href":"https:\/\/diariodepernambuco.audiencelabs.com.br\/wp-json\/wp\/v2\/users\/12"}],"replies":[{"embeddable":true,"href":"https:\/\/diariodepernambuco.audiencelabs.com.br\/wp-json\/wp\/v2\/comments?post=8464"}],"version-history":[{"count":3,"href":"https:\/\/diariodepernambuco.audiencelabs.com.br\/wp-json\/wp\/v2\/posts\/8464\/revisions"}],"predecessor-version":[{"id":8632,"href":"https:\/\/diariodepernambuco.audiencelabs.com.br\/wp-json\/wp\/v2\/posts\/8464\/revisions\/8632"}],"wp:featuredmedia":[{"embeddable":true,"href":"https:\/\/diariodepernambuco.audiencelabs.com.br\/wp-json\/wp\/v2\/media\/8473"}],"wp:attachment":[{"href":"https:\/\/diariodepernambuco.audiencelabs.com.br\/wp-json\/wp\/v2\/media?parent=8464"}],"wp:term":[{"taxonomy":"category","embeddable":true,"href":"https:\/\/diariodepernambuco.audiencelabs.com.br\/wp-json\/wp\/v2\/categories?post=8464"},{"taxonomy":"post_tag","embeddable":true,"href":"https:\/\/diariodepernambuco.audiencelabs.com.br\/wp-json\/wp\/v2\/tags?post=8464"}],"curies":[{"name":"wp","href":"https:\/\/api.w.org\/{rel}","templated":true}]}}