{"id":8484,"date":"2025-11-07T20:45:00","date_gmt":"2025-11-07T23:45:00","guid":{"rendered":"https:\/\/diariodepernambuco.audiencelabs.com.br\/?p=8484"},"modified":"2025-11-06T16:45:52","modified_gmt":"2025-11-06T19:45:52","slug":"saiba-quais-dias-voce-nao-vai-precisar-trabalhar-em-novembro","status":"publish","type":"post","link":"https:\/\/diariodepernambuco.audiencelabs.com.br\/saiba-quais-dias-voce-nao-vai-precisar-trabalhar-em-novembro\/","title":{"rendered":"Saiba quais dias voc\u00ea n\u00e3o vai precisar trabalhar em novembro"},"content":{"rendered":"\n<p>O m\u00eas de novembro j\u00e1 est\u00e1 em curso, e com ele vem aquela t\u00edpica sensa\u00e7\u00e3o de reta final de ano. As vitrines se enfeitam, os compromissos se acumulam, e o cansa\u00e7o acumulado ao longo de 2025 come\u00e7a a pesar. <\/p>\n\n\n\n<p>Nesse cen\u00e1rio, qualquer pausa no trabalho \u00e9 bem-vinda, e novembro, embora conhecido por concentrar mais feriados nacionais que os outros meses, neste ano reserva poucas chances reais de descanso para os trabalhadores brasileiros.<\/p>\n\n\n\n<h2 class=\"wp-block-heading\">Saiba quais dias voc\u00ea n\u00e3o vai precisar trabalhar em novembro<\/h2>\n\n\n\n<p>Apesar de contar com tr\u00eas feriados nacionais, em 2025 apenas um deles oferecer\u00e1 uma oportunidade concreta de folga, e at\u00e9 de prolongar o descanso, dependendo da pol\u00edtica de cada empresa.<\/p>\n\n\n\n<p>O primeiro feriado do m\u00eas, Dia de Finados, foi comemorado no \u00faltimo dia 2 e caiu em um domingo neste ano. Por ser um dia j\u00e1 usualmente reservado ao descanso semanal, n\u00e3o houve impacto significativo na rotina laboral.<\/p>\n\n\n\n<p>Na sequ\u00eancia, o 15 de novembro, data em que se celebra a Proclama\u00e7\u00e3o da Rep\u00fablica, cair\u00e1 em um s\u00e1bado. Assim como no caso anterior, tamb\u00e9m n\u00e3o deve gerar folga adicional para a maioria dos trabalhadores.<\/p>\n\n\n\n<p>A \u00fanica exce\u00e7\u00e3o relevante em novembro de 2025 \u00e9 o feriado do Dia da Consci\u00eancia Negra, celebrado em 20 de novembro, que neste ano cai em uma quinta-feira. <\/p>\n\n\n\n<p>Esse ser\u00e1 o \u00fanico feriado \u00fatil do m\u00eas. Com isso, muitas empresas podem optar por <a href=\"https:\/\/diariodepernambuco.com.br\/dpmais\/quantos-dias-de-folga-serao-liberados-no-feriado-da-consciencia-negra\/\" target=\"_blank\" rel=\"noopener\"><strong>oferecer a sexta-feira <\/strong><\/a>como ponto facultativo ou emendar o feriado, criando assim um fim de semana prolongado de quatro dias.<\/p>\n\n\n\n<p>O feriado da Consci\u00eancia Negra se tornou nacional apenas recentemente, por meio da <strong><a href=\"https:\/\/www.planalto.gov.br\/ccivil_03\/_ato2023-2026\/2023\/lei\/l14759.htm\" target=\"_blank\" rel=\"noopener\">Lei n\u00ba 14.759<\/a><\/strong>, sancionada no final de 2023. Antes disso, era uma data adotada apenas por estados e munic\u00edpios espec\u00edficos.<\/p>\n\n\n\n<h3 class=\"wp-block-heading\">Ap\u00f3s o descanso de novembro, veja os pr\u00f3ximos feriados em 2025 e 2026<\/h3>\n\n\n\n<p>Depois de novembro, restar\u00e1 apenas mais um feriado nacional em 2025: o Natal, celebrado no dia 25 de dezembro, que cair\u00e1 em uma quinta-feira.<\/p>\n\n\n\n<p>Para quem j\u00e1 est\u00e1 planejando os pr\u00f3ximos descansos, 2026 promete uma sequ\u00eancia mais generosa de pausas. Confira a seguir os feriados nacionais previstos para o pr\u00f3ximo ano:<\/p>\n\n\n\n<figure class=\"wp-block-table is-style-stripes\"><table class=\"has-fixed-layout\"><thead><tr><th>Data<\/th><th>Dia da Semana<\/th><th>Feriado<\/th><\/tr><\/thead><tbody><tr><td>1\u00ba de janeiro<\/td><td>Quinta-feira<\/td><td>Confraterniza\u00e7\u00e3o Universal<\/td><\/tr><tr><td>16 de fevereiro<\/td><td>Segunda-feira<\/td><td>Carnaval<\/td><\/tr><tr><td>17 de fevereiro<\/td><td>Ter\u00e7a-feira<\/td><td>Carnaval<\/td><\/tr><tr><td>3 de abril<\/td><td>Sexta-feira<\/td><td>Paix\u00e3o de Cristo<\/td><\/tr><tr><td>21 de abril<\/td><td>Ter\u00e7a-feira<\/td><td>Tiradentes<\/td><\/tr><tr><td>1\u00ba de maio<\/td><td>Sexta-feira<\/td><td>Dia do Trabalho<\/td><\/tr><tr><td>4 de junho<\/td><td>Quinta-feira<\/td><td>Corpus Christi<\/td><\/tr><tr><td>7 de setembro<\/td><td>Segunda-feira<\/td><td>Independ\u00eancia do Brasil<\/td><\/tr><tr><td>12 de outubro<\/td><td>Segunda-feira<\/td><td>Nossa Senhora Aparecida<\/td><\/tr><tr><td>2 de novembro<\/td><td>Segunda-feira<\/td><td>Finados<\/td><\/tr><tr><td>20 de novembro<\/td><td>Sexta-feira<\/td><td>Consci\u00eancia Negra<\/td><\/tr><tr><td>25 de dezembro<\/td><td>Sexta-feira<\/td><td>Natal<\/td><\/tr><\/tbody><\/table><\/figure>\n","protected":false},"excerpt":{"rendered":"<p>O m\u00eas de novembro j\u00e1 est\u00e1 em curso, e com ele vem aquela t\u00edpica sensa\u00e7\u00e3o de reta final de ano. As vitrines se enfeitam, os compromissos se acumulam, e o cansa\u00e7o acumulado ao longo de 2025 come\u00e7a a pesar. Nesse cen\u00e1rio, qualquer pausa no trabalho \u00e9 bem-vinda, e novembro, embora conhecido por concentrar mais feriados [&hellip;]<\/p>\n","protected":false},"author":12,"featured_media":8486,"comment_status":"open","ping_status":"open","sticky":false,"template":"","format":"standard","meta":{"jnews-multi-image_gallery":[],"jnews_single_post":{"format":"standard"},"jnews_primary_category":[],"jnews_social_meta":[],"jnews_post_split":[],"footnotes":""},"categories":[1],"tags":[],"class_list":["post-8484","post","type-post","status-publish","format-standard","has-post-thumbnail","hentry","category-uncategorized"],"_links":{"self":[{"href":"https:\/\/diariodepernambuco.audiencelabs.com.br\/wp-json\/wp\/v2\/posts\/8484","targetHints":{"allow":["GET"]}}],"collection":[{"href":"https:\/\/diariodepernambuco.audiencelabs.com.br\/wp-json\/wp\/v2\/posts"}],"about":[{"href":"https:\/\/diariodepernambuco.audiencelabs.com.br\/wp-json\/wp\/v2\/types\/post"}],"author":[{"embeddable":true,"href":"https:\/\/diariodepernambuco.audiencelabs.com.br\/wp-json\/wp\/v2\/users\/12"}],"replies":[{"embeddable":true,"href":"https:\/\/diariodepernambuco.audiencelabs.com.br\/wp-json\/wp\/v2\/comments?post=8484"}],"version-history":[{"count":1,"href":"https:\/\/diariodepernambuco.audiencelabs.com.br\/wp-json\/wp\/v2\/posts\/8484\/revisions"}],"predecessor-version":[{"id":8490,"href":"https:\/\/diariodepernambuco.audiencelabs.com.br\/wp-json\/wp\/v2\/posts\/8484\/revisions\/8490"}],"wp:featuredmedia":[{"embeddable":true,"href":"https:\/\/diariodepernambuco.audiencelabs.com.br\/wp-json\/wp\/v2\/media\/8486"}],"wp:attachment":[{"href":"https:\/\/diariodepernambuco.audiencelabs.com.br\/wp-json\/wp\/v2\/media?parent=8484"}],"wp:term":[{"taxonomy":"category","embeddable":true,"href":"https:\/\/diariodepernambuco.audiencelabs.com.br\/wp-json\/wp\/v2\/categories?post=8484"},{"taxonomy":"post_tag","embeddable":true,"href":"https:\/\/diariodepernambuco.audiencelabs.com.br\/wp-json\/wp\/v2\/tags?post=8484"}],"curies":[{"name":"wp","href":"https:\/\/api.w.org\/{rel}","templated":true}]}}