{"id":8504,"date":"2025-11-07T10:40:22","date_gmt":"2025-11-07T13:40:22","guid":{"rendered":"https:\/\/diariodepernambuco.audiencelabs.com.br\/?p=8504"},"modified":"2025-11-07T10:40:31","modified_gmt":"2025-11-07T13:40:31","slug":"como-comprar-os-ingressos-para-o-show-do-ac-dc-em-sao-paulo-2","status":"publish","type":"post","link":"https:\/\/diariodepernambuco.audiencelabs.com.br\/como-comprar-os-ingressos-para-o-show-do-ac-dc-em-sao-paulo-2\/","title":{"rendered":"Como comprar os ingressos para o show do AC\/DC em S\u00e3o Paulo?"},"content":{"rendered":"\n<p>Depois de uma aus\u00eancia de 17 anos dos palcos brasileiros, o AC\/DC anunciou sua aguardada volta ao pa\u00eds com uma apresenta\u00e7\u00e3o \u00fanica marcada para fevereiro de 2026. <\/p>\n\n\n\n<p>O <a href=\"https:\/\/diariodepernambuco.com.br\/dpmais\/ac-dc-no-brasil-passo-a-passo-para-comprar-ingressos\/\" target=\"_blank\" rel=\"noopener\"><strong>an\u00fancio<\/strong><\/a> provocou uma onda de euforia entre os f\u00e3s e, junto com a empolga\u00e7\u00e3o, surgiram diversas d\u00favidas sobre como garantir a presen\u00e7a nesse evento hist\u00f3rico. Entre as principais quest\u00f5es estavam os valores dos ingressos, que at\u00e9 ent\u00e3o eram desconhecidos. <\/p>\n\n\n\n<p>Mas nesta sexta-feira, 7 de novembro, as informa\u00e7\u00f5es completas foram finalmente reveladas, junto com o in\u00edcio oficial das vendas.<\/p>\n\n\n\n<h2 class=\"wp-block-heading\">Como comprar os ingressos para o show do AC\/DC em S\u00e3o Paulo?<\/h2>\n\n\n\n<p>Os ingressos come\u00e7aram a ser vendidos exclusivamente pela <a href=\"https:\/\/help.ticketmaster.com.br\/hc\/pt-br\/articles\/40572729929745-AC-DC-Informa%C3%A7%C3%B5es-Gerais\" target=\"_blank\" rel=\"noopener\"><strong>plataforma Ticketmaster<\/strong><\/a> a partir das 10h da manh\u00e3, no hor\u00e1rio de Bras\u00edlia. <\/p>\n\n\n\n<p>Quem preferir comprar pessoalmente pode se dirigir \u00e0 bilheteria oficial, localizada no Shopping Ibirapuera, em S\u00e3o Paulo, onde as vendas come\u00e7aram \u00e0s 11h. <\/p>\n\n\n\n<p>No ponto f\u00edsico, tamb\u00e9m \u00e9 poss\u00edvel pagar com cart\u00e3o de d\u00e9bito ou em dinheiro, al\u00e9m do cart\u00e3o de cr\u00e9dito, que pode ser parcelado em at\u00e9 seis vezes sem juros. <\/p>\n\n\n\n<p>J\u00e1 nas compras online, h\u00e1 mais op\u00e7\u00f5es: al\u00e9m do parcelamento sem juros em at\u00e9 seis vezes, o site permite pagar com Pix ou em at\u00e9 12 parcelas com acr\u00e9scimo de juros.<\/p>\n\n\n\n<p>A estrutura de ingressos \u00e9 dividida em diferentes setores. A pista A e pista B, as mais pr\u00f3ximas ao palco, custam R$ 1.350 (ou R$ 675 a meia-entrada). <\/p>\n\n\n\n<p>As cadeiras inferiores s\u00e3o vendidas por R$ 1.590 (R$ 795 a meia), enquanto as cadeiras superiores saem por R$ 1.490 (R$ 745 a meia-entrada). Para quem optar pela arquibancada, o valor \u00e9 de R$ 850 (ou R$ 425 para meia). <\/p>\n\n\n\n<p>Compras realizadas pela internet tamb\u00e9m est\u00e3o sujeitas a uma taxa de servi\u00e7o de 20% e a uma taxa de administra\u00e7\u00e3o fixa de R$ 21,74.<\/p>\n\n\n\n<h3 class=\"wp-block-heading\">AC\/DC no Brasil em 2026<\/h3>\n\n\n\n<p>O espet\u00e1culo est\u00e1 marcado para o dia 24 de fevereiro de 2026, uma ter\u00e7a-feira, no est\u00e1dio do MorumBIS, na zona sul da capital paulista. Os port\u00f5es ser\u00e3o abertos \u00e0s 15h e a apresenta\u00e7\u00e3o principal est\u00e1 prevista para as 21h. <\/p>\n\n\n\n<p>Antes do AC\/DC subir ao palco, o p\u00fablico assistir\u00e1 \u00e0 performance da banda norte-americana The Pretty Reckless, liderada por Taylor Momsen.<\/p>\n\n\n\n<p>A forma\u00e7\u00e3o que deve desembarcar no Brasil inclui nomes consagrados e novos integrantes: Angus Young segue \u00e0 frente na guitarra solo, acompanhado por Brian Johnson nos vocais, Stevie Young na guitarra base, Chris Chaney no baixo e Matt Laug na bateria.<\/p>\n\n\n\n<p><\/p>\n","protected":false},"excerpt":{"rendered":"<p>Depois de uma aus\u00eancia de 17 anos dos palcos brasileiros, o AC\/DC anunciou sua aguardada volta ao pa\u00eds com uma apresenta\u00e7\u00e3o \u00fanica marcada para fevereiro de 2026. O an\u00fancio provocou uma onda de euforia entre os f\u00e3s e, junto com a empolga\u00e7\u00e3o, surgiram diversas d\u00favidas sobre como garantir a presen\u00e7a nesse evento hist\u00f3rico. Entre as [&hellip;]<\/p>\n","protected":false},"author":12,"featured_media":8505,"comment_status":"open","ping_status":"open","sticky":false,"template":"","format":"standard","meta":{"jnews-multi-image_gallery":[],"jnews_single_post":{"format":"standard"},"jnews_primary_category":[],"jnews_social_meta":[],"jnews_post_split":[],"footnotes":""},"categories":[1],"tags":[],"class_list":["post-8504","post","type-post","status-publish","format-standard","has-post-thumbnail","hentry","category-uncategorized"],"_links":{"self":[{"href":"https:\/\/diariodepernambuco.audiencelabs.com.br\/wp-json\/wp\/v2\/posts\/8504","targetHints":{"allow":["GET"]}}],"collection":[{"href":"https:\/\/diariodepernambuco.audiencelabs.com.br\/wp-json\/wp\/v2\/posts"}],"about":[{"href":"https:\/\/diariodepernambuco.audiencelabs.com.br\/wp-json\/wp\/v2\/types\/post"}],"author":[{"embeddable":true,"href":"https:\/\/diariodepernambuco.audiencelabs.com.br\/wp-json\/wp\/v2\/users\/12"}],"replies":[{"embeddable":true,"href":"https:\/\/diariodepernambuco.audiencelabs.com.br\/wp-json\/wp\/v2\/comments?post=8504"}],"version-history":[{"count":1,"href":"https:\/\/diariodepernambuco.audiencelabs.com.br\/wp-json\/wp\/v2\/posts\/8504\/revisions"}],"predecessor-version":[{"id":8509,"href":"https:\/\/diariodepernambuco.audiencelabs.com.br\/wp-json\/wp\/v2\/posts\/8504\/revisions\/8509"}],"wp:featuredmedia":[{"embeddable":true,"href":"https:\/\/diariodepernambuco.audiencelabs.com.br\/wp-json\/wp\/v2\/media\/8505"}],"wp:attachment":[{"href":"https:\/\/diariodepernambuco.audiencelabs.com.br\/wp-json\/wp\/v2\/media?parent=8504"}],"wp:term":[{"taxonomy":"category","embeddable":true,"href":"https:\/\/diariodepernambuco.audiencelabs.com.br\/wp-json\/wp\/v2\/categories?post=8504"},{"taxonomy":"post_tag","embeddable":true,"href":"https:\/\/diariodepernambuco.audiencelabs.com.br\/wp-json\/wp\/v2\/tags?post=8504"}],"curies":[{"name":"wp","href":"https:\/\/api.w.org\/{rel}","templated":true}]}}