{"id":8506,"date":"2025-11-07T10:25:24","date_gmt":"2025-11-07T13:25:24","guid":{"rendered":"https:\/\/diariodepernambuco.audiencelabs.com.br\/?p=8506"},"modified":"2025-11-07T10:25:35","modified_gmt":"2025-11-07T13:25:35","slug":"como-comprar-os-ingressos-para-o-show-do-ac-dc-em-sao-paulo","status":"publish","type":"post","link":"https:\/\/diariodepernambuco.audiencelabs.com.br\/como-comprar-os-ingressos-para-o-show-do-ac-dc-em-sao-paulo\/","title":{"rendered":"Como comprar os ingressos para o show do AC\/DC em S\u00e3o Paulo?"},"content":{"rendered":"\n<p>A lend\u00e1ria banda australiana AC\/DC confirmou seu retorno ao Brasil com um show \u00fanico em S\u00e3o Paulo, marcado para o dia 24 de fevereiro de 2026, no Est\u00e1dio do Morumbi. A apresenta\u00e7\u00e3o faz parte da turn\u00ea mundial \u201cPOWER UP Tour\u201d, que celebra o \u00e1lbum mais recente e revisita os maiores sucessos de uma das bandas de rock mais influentes da hist\u00f3ria.<\/p>\n\n\n\n<p>A venda dos ingressos come\u00e7a nesta sexta-feira (7), a partir das 10h no site da Ticketmaster e \u00e0s 11h na bilheteria oficial, localizada no pr\u00f3prio est\u00e1dio. A expectativa \u00e9 de alta procura, j\u00e1 que o grupo n\u00e3o se apresenta no pa\u00eds h\u00e1 quase uma d\u00e9cada.<\/p>\n\n\n\n<p>Os pre\u00e7os variam conforme o setor escolhido. Na arquibancada, as entradas custam R$ 425 (meia) e R$ 850 (inteira). J\u00e1 a pista premium tem valores de R$ 675 e R$ 1.350. As cadeiras superiores saem por R$ 745 (meia) e R$ 1.490 (inteira), enquanto as cadeiras inferiores custam R$ 795 e R$ 1.590. O pagamento pode ser feito em at\u00e9 seis parcelas sem juros no cart\u00e3o.<\/p>\n\n\n\n<p>A turn\u00ea marca o reencontro dos f\u00e3s com o vocalista Brian Johnson, que voltou \u00e0 ativa ap\u00f3s problemas auditivos que o afastaram dos palcos por um per\u00edodo. No repert\u00f3rio, est\u00e3o previstos cl\u00e1ssicos como \u201cHighway to Hell\u201d, \u201cThunderstruck\u201d e \u201cBack in Black\u201d, al\u00e9m de faixas do novo disco.<\/p>\n\n\n\n<p>Com mais de 200 milh\u00f5es de \u00e1lbuns vendidos e mais de 50 anos de carreira, o AC\/DC promete uma noite hist\u00f3rica para o p\u00fablico brasileiro. A produ\u00e7\u00e3o alerta que os setores mais baratos devem esgotar rapidamente. A recomenda\u00e7\u00e3o \u00e9 garantir os ingressos o quanto antes e preparar-se para um espet\u00e1culo que promete estremecer o Morumbi com muita energia e guitarras em alto volume.<\/p>\n","protected":false},"excerpt":{"rendered":"<p>A lend\u00e1ria banda australiana AC\/DC confirmou seu retorno ao Brasil com um show \u00fanico em S\u00e3o Paulo, marcado para o dia 24 de fevereiro de 2026, no Est\u00e1dio do Morumbi. A apresenta\u00e7\u00e3o faz parte da turn\u00ea mundial \u201cPOWER UP Tour\u201d, que celebra o \u00e1lbum mais recente e revisita os maiores sucessos de uma das bandas [&hellip;]<\/p>\n","protected":false},"author":1,"featured_media":8507,"comment_status":"open","ping_status":"open","sticky":false,"template":"","format":"standard","meta":{"jnews-multi-image_gallery":[],"jnews_single_post":{"format":"standard"},"jnews_primary_category":[],"jnews_social_meta":[],"jnews_post_split":[],"footnotes":""},"categories":[1],"tags":[],"class_list":["post-8506","post","type-post","status-publish","format-standard","has-post-thumbnail","hentry","category-uncategorized"],"_links":{"self":[{"href":"https:\/\/diariodepernambuco.audiencelabs.com.br\/wp-json\/wp\/v2\/posts\/8506","targetHints":{"allow":["GET"]}}],"collection":[{"href":"https:\/\/diariodepernambuco.audiencelabs.com.br\/wp-json\/wp\/v2\/posts"}],"about":[{"href":"https:\/\/diariodepernambuco.audiencelabs.com.br\/wp-json\/wp\/v2\/types\/post"}],"author":[{"embeddable":true,"href":"https:\/\/diariodepernambuco.audiencelabs.com.br\/wp-json\/wp\/v2\/users\/1"}],"replies":[{"embeddable":true,"href":"https:\/\/diariodepernambuco.audiencelabs.com.br\/wp-json\/wp\/v2\/comments?post=8506"}],"version-history":[{"count":1,"href":"https:\/\/diariodepernambuco.audiencelabs.com.br\/wp-json\/wp\/v2\/posts\/8506\/revisions"}],"predecessor-version":[{"id":8508,"href":"https:\/\/diariodepernambuco.audiencelabs.com.br\/wp-json\/wp\/v2\/posts\/8506\/revisions\/8508"}],"wp:featuredmedia":[{"embeddable":true,"href":"https:\/\/diariodepernambuco.audiencelabs.com.br\/wp-json\/wp\/v2\/media\/8507"}],"wp:attachment":[{"href":"https:\/\/diariodepernambuco.audiencelabs.com.br\/wp-json\/wp\/v2\/media?parent=8506"}],"wp:term":[{"taxonomy":"category","embeddable":true,"href":"https:\/\/diariodepernambuco.audiencelabs.com.br\/wp-json\/wp\/v2\/categories?post=8506"},{"taxonomy":"post_tag","embeddable":true,"href":"https:\/\/diariodepernambuco.audiencelabs.com.br\/wp-json\/wp\/v2\/tags?post=8506"}],"curies":[{"name":"wp","href":"https:\/\/api.w.org\/{rel}","templated":true}]}}