{"id":8510,"date":"2025-11-07T11:49:31","date_gmt":"2025-11-07T14:49:31","guid":{"rendered":"https:\/\/diariodepernambuco.audiencelabs.com.br\/?p=8510"},"modified":"2025-11-07T12:14:46","modified_gmt":"2025-11-07T15:14:46","slug":"estado-brasileiro-vai-ser-pego-de-surpresa-e-enfrentar-frio-em-novembro","status":"publish","type":"post","link":"https:\/\/diariodepernambuco.audiencelabs.com.br\/estado-brasileiro-vai-ser-pego-de-surpresa-e-enfrentar-frio-em-novembro\/","title":{"rendered":"Estado brasileiro vai ser pego de surpresa e enfrentar frio em novembro"},"content":{"rendered":"\n<p>O Rio Grande do Sul, conhecido por enfrentar temperaturas elevadas nesta \u00e9poca do ano, ser\u00e1 surpreendido por uma nova onda de frio fora de \u00e9poca. <\/p>\n\n\n\n<p>Novembro, tradicionalmente marcado pela transi\u00e7\u00e3o gradual para o calor do ver\u00e3o, ter\u00e1 dias at\u00edpicos, com queda brusca nas temperaturas e possibilidade de geada em algumas regi\u00f5es. <\/p>\n\n\n\n<p>A popula\u00e7\u00e3o deve se preparar para um fim de semana com <a href=\"https:\/\/portal.inmet.gov.br\/servicos\/previs%C3%A3o-do-tempo\" target=\"_blank\" rel=\"noopener\"><strong>clima inst\u00e1vel<\/strong><\/a>, marcado por chuvas e vento forte provocados pela atua\u00e7\u00e3o de um ciclone extratropical pr\u00f3ximo \u00e0 costa sul do Brasil.<\/p>\n\n\n\n<h2 class=\"wp-block-heading\">Estado brasileiro vai ser pego de surpresa e enfrentar frio em novembro<\/h2>\n\n\n\n<p>Nos \u00faltimos dias, os term\u00f4metros j\u00e1 vinham apontando uma leve queda, especialmente nas cidades da regi\u00e3o metropolitana de Porto Alegre e \u00e1reas serranas. <\/p>\n\n\n<style>@media (min-width: 992px) {\n    .recomendadorV2Area1 {\n        width: 280px;\n    }\n    .recomendadorV2Area2 {\n        padding: 0px 20px;\n        width: calc(100% - 280px);\n    }\n}\n\n@media (max-width: 992px) {\n    .recomendadorV2Button {\n        margin: 0 auto;\n    }\n    .recomendadorV2Area {\n        flex-direction: column;\n        text-align: center;\n    }\n    .recomendadorV2Area2 {\n        padding: 0px 20px;\n    }\n}\n\n.recomendadorV2Area {\n    background: #eeeeee3d;\n    border-radius: 10px;\n    padding: 15px;\n    display: flex;\n    margin: 15px auto;\n    border: 1px solid #00000014;\n    max-width: 800px;\n}\n\n.recomendadorV2Area1 img {\n    width: 280px;\n    height: auto;\n    border-radius: 8px;\n}\n\n.linkrecomendadorv2 {\n    text-decoration: none !important;\n}\n\n.recomendadorV2Area2 .recomendadorV2Type {\n    text-transform: uppercase;\n    font-weight: 500;\n    font-size: 11px;\n    letter-spacing: 2px;\n    color: #666;\n    margin: 12px 0;\n    display: block;\n}\n\n.recomendadorV2Title h2 {\n    padding-top: 0px !important;\n    margin: 0px !important;\n    border-left: none !important;\n    padding-left: 0px !important;\n    line-height: 1.3;\n    color: #000 !important;\n    font-size: 24px;\n    margin-bottom: 12px !important;\n}\n\n.recomendadorV2Desc {\n    color: #333;\n    margin: 12px 0px !important;\n    font-size: 15px;\n    line-height: 1.5;\n}\n\n.recomendadorV2Button {\n    width: auto;\n    max-width: 200px;\n    margin: 0;\n    display: inline-flex;\n    align-items: center;\n    background: #1D3557;\n    border-radius: 8px;\n    color: #fff;\n    height: 36px;\n    justify-content: center;\n    text-align: center;\n    font-size: 14px;\n    padding: 0 20px;\n    transition: background-color 0.2s ease;\n}\n\n.recomendadorV2Button:hover {\n    background: #2a4d7a;\n}\n\n.recomendadorV2Button:after {\n    margin-top: -2px;\n    content: \"\u2192\";\n    padding: 0px 0px 0px 8px;\n}\n\n.recomendadorV2Alert {\n    text-align: left;\n    font-size: 11px;\n    margin-top: 8px;\n    color: #666;\n}\n\n.recomendadorFixedArea {\n    width: 100%;\n    display: flex;\n    justify-content: center;\n    align-items: center;\n}\n\n@media (min-width: 992px) {\n    #recomendadorFixed {\n        width: 32% !important;\n        left: 5%;\n    }\n    .recomendadorCloseFixed{\n        right: inherit !important;\n        left: 378px !important;\n    }\n}\n\n#recomendadorFixed {\n    width: 90%;\n    box-shadow: 0 10px 20px 0px #00000057;\n    display: none;\n    height: 90px;\n    background: #F6F6F6;\n    position: fixed;\n    flex-direction: row;\n    bottom: 10px;\n    z-index: 9999;\n    border-radius: 16px;\n    padding: 7px 10px;\n}\n\n.recomendadorLeftArea {\n    width: 160px;\n}\n\n.recomendadorRightArea h2 {\n    padding-top: 0px;\n    margin: 2px 0px 4px 0px !important;\n    font-weight: 400;\n    text-align: center;\n    padding-left: 0px !important;\n    color: #000 !important;\n    border-left: none !important;\n    line-height: 20px;\n    font-size: 12px !important;\n}\n\n.recomendadorImgFixed {\n    overflow: hidden;\n    padding: 8px 6px;\n    height: 100%;\n}\n\n.recomendadorImgFixed img {\n    height: 100% !important;\n    border-radius: 16px;\n}\n\n.recomendadorRightArea {\n    padding-top: 6px;\n    display: flex;\n    width: calc(100% - 130px);\n    justify-content: space-between;\n    align-items: center;\n    flex-direction: column;\n}\n\n.recomendadorButtonFixed {\n    margin: 0 auto;\n    background: #1D3557;\n    width: 80%;\n    text-align: center;\n    font-size: 10px;\n    color: #FFF;\n    padding: 2px 10px;\n    border-radius: 3px;\n}\n\n.recomendadorButtonFixed:after {\n    margin-top: -3px;\n    content: \"\u2192\";\n    padding: 0px 0px 0px 10px;\n}\n\n.recomendadorAlertFixed {\n    font-weight: 400;\n    text-align: center;\n    color: #484848;\n    font-size: 8px;\n}\n\n.recomendadorCloseFixed {\n    z-index: 99999;\n    display: none;\n    right: 0px;\n    left: inherit;\n    bottom: 99px;\n    position: fixed;\n    justify-content: center;\n    background: #F6F6F6;\n    width: 25px;\n    align-items: center;\n    height: 25px;\n    font-weight: 800;\n    border-radius: 50%;\n    border: 1px solid #EBEBEB;\n}\n\n.recomendadorV2Desc{\n    color: #000000;\n    margin: 20px 0px;\n}\n\n@media (max-width: 576px) {\n    .recomendadorV2Area {\n      padding: 10px;\n      max-width: 100%;\n    }\n  \n    .recomendadorV2Area1 img {\n      width: 100%;\n      border-radius: 6px;\n    }\n  \n    .recomendadorV2Area2 .recomendadorV2Type {\n      font-size: 9px;\n      letter-spacing: 1px;\n      margin: 8px 0;\n    }\n  \n    .recomendadorV2Title h2 {\n      font-size: 18px !important;\n      margin-bottom: 8px !important;\n      line-height: 1.2;\n    }\n  \n    .recomendadorV2Desc {\n      font-size: 14px;\n      margin: 8px 0 !important;\n      line-height: 1.4;\n    }\n  \n    .recomendadorV2Button {\n      font-size: 12px;\n      height: 30px;\n      padding: 0 12px;\n      max-width: 160px;\n    }\n  \n    .recomendadorV2Button:after {\n      padding-left: 6px;\n    }\n  }\n  <\/style>\n        <div class=\"lazyblock-recomendador-v2-2jDGz wp-block-lazyblock-recomendador-v2\">\n        <a class=\"linkrecomendadorv2\" href=\"https:\/\/diariodepernambuco.com.br\/dpmais\/paraiso-brasileiro-que-poucos-conhecem-aparece-apenas-quando-o-mar-some\/?utm_source=lazy\" target=\"_blank\" rel=\"noopener\">\n            <div class=\"recomendadorV2Area\">\n            <div class=\"recomendadorV2Area1\">\n                <div class=\"recomendadorV2Img\">\n                <img class=\"lazyloaded\" decoding=\"async\" src=\"https:\/\/diariodepernambuco.audiencelabs.com.br\/wp-content\/uploads\/2025\/11\/Coroa-Alta-Paraiso.jpg\" data-src=\"https:\/\/diariodepernambuco.audiencelabs.com.br\/wp-content\/uploads\/2025\/11\/Coroa-Alta-Paraiso.jpg\" alt=\"\">\n                <\/div>\n            <\/div>\n            <div class=\"recomendadorV2Area2\">\n                <div class=\"recomendadorV2Type\">\n                    <span>Para\u00edso escondido<\/span>\n                <\/div>\n                <div class=\"recomendadorV2Title\">\n                <h2><span>Praia que some com a mar\u00e9 \ud83c\udf0a<\/span><\/h2>\n                <\/div>\n                <div class=\"recomendadorV2Desc\">\n                <span>Lugar conhecido s\u00f3 na mar\u00e9 baixa<\/span>\n                <\/div>\n                <div class=\"recomendadorV2Button\">Confira esse destino<\/div>\n                <div class=\"recomendadorV2Alert\"><\/div>\n            <\/div>\n            <\/div>\n        <\/a>\n        <div>\n            <div style=\"z-index:99999;\" id=\"buttonClose\" onclick=\"closeRecomendadorFixed()\">\n            <div class=\"recomendadorCloseFixed\">X<\/div>\n            <\/div>\n            <a href=\"https:\/\/diariodepernambuco.com.br\/dpmais\/paraiso-brasileiro-que-poucos-conhecem-aparece-apenas-quando-o-mar-some\/?utm_source=lazy\" target=\"_blank\" rel=\"noopener\">\n            <div class=\"recomendadorFixedArea\">\n                <div id=\"recomendadorFixed\">\n                <div class=\"recomendadorLeftArea\">\n                    <div class=\"recomendadorImgFixed\">\n                    <img class=\"lazyload\" decoding=\"async\" src=\"https:\/\/diariodepernambuco.audiencelabs.com.br\/wp-content\/uploads\/2025\/11\/Coroa-Alta-Paraiso.jpg\" alt=\"\">\n                    <\/div>\n                <\/div>\n                <div class=\"recomendadorRightArea\">\n                    <div class=\"recomendadorTitleFixed\">\n                    <h2><span>Praia que some com a mar\u00e9 \ud83c\udf0a<\/span><\/h2>\n                    <\/div>\n                    <div class=\"recomendadorButtonFixed\">Confira esse destino<\/div>\n                    <div class=\"recomendadorAlertFixed\"><\/div>\n                <\/div>\n                <\/div>\n            <\/div>\n            <\/a>\n        <\/div>\n        <\/div>\n\n\n\n<p>Na capital, a \u00faltima quinta-feira (06) foi marcada por vento persistente e temperaturas mais baixas ao longo do dia, reflexo de uma massa de ar frio que avan\u00e7ou pelo estado. <\/p>\n\n\n\n<p>Esse sistema, embora de fraca intensidade, j\u00e1 sinalizava uma mudan\u00e7a no padr\u00e3o clim\u00e1tico da regi\u00e3o, t\u00edpica dos meses de inverno.<\/p>\n\n\n\n<p>Agora, o que se aproxima \u00e9 uma incurs\u00e3o mais forte de ar frio com origem continental, uma caracter\u00edstica que a diferencia das frentes frias comuns que costumam vir pelo oceano. <\/p>\n\n\n\n<p>De acordo com meteorologistas, esse novo sistema traz ar seco e mais denso, favorecendo madrugadas geladas e c\u00e9u limpo, cen\u00e1rio que contribui para a queda acentuada das temperaturas, principalmente nas primeiras horas do dia.<\/p>\n\n\n\n<h3 class=\"wp-block-heading\">Rio Grande do Sul deve enfrentar frio neste final de semana<\/h3>\n\n\n\n<p>Para o <a href=\"https:\/\/diariodepernambuco.com.br\/dpmais\/7-estados-do-brasil-recebem-alerta-de-rajadas-violentas-de-vento\/\" target=\"_blank\" rel=\"noopener\"><strong>final de semana<\/strong><\/a>, a previs\u00e3o aponta para m\u00ednimas abaixo dos 10\u202f\u00b0C em diversas localidades, especialmente no sul do estado, na Campanha e nas \u00e1reas mais elevadas dos Campos de Cima da Serra. <\/p>\n\n\n\n<p>Nessas regi\u00f5es, o risco de geada leve e isolada n\u00e3o est\u00e1 descartado, um fen\u00f4meno raro para esta fase do ano. O tempo tamb\u00e9m deve ficar inst\u00e1vel, com pancadas de chuva em decorr\u00eancia da passagem do ciclone, aumentando ainda mais a sensa\u00e7\u00e3o de frio.<\/p>\n\n\n\n<p>J\u00e1 no in\u00edcio da pr\u00f3xima semana, o frio persistir\u00e1 durante as madrugadas, mas com tend\u00eancia de eleva\u00e7\u00e3o das temperaturas ao longo dos dias. <\/p>\n\n\n\n<p>A recomenda\u00e7\u00e3o \u00e9 que a popula\u00e7\u00e3o acompanhe os boletins meteorol\u00f3gicos, j\u00e1 que novas forma\u00e7\u00f5es de sistemas de baixa press\u00e3o podem influenciar novamente o clima e surpreender com mudan\u00e7as abruptas, afetando n\u00e3o s\u00f3 o cotidiano, mas tamb\u00e9m a atividade agr\u00edcola em diversas regi\u00f5es do estado.<\/p>\n","protected":false},"excerpt":{"rendered":"<p>O Rio Grande do Sul, conhecido por enfrentar temperaturas elevadas nesta \u00e9poca do ano, ser\u00e1 surpreendido por uma nova onda de frio fora de \u00e9poca. Novembro, tradicionalmente marcado pela transi\u00e7\u00e3o gradual para o calor do ver\u00e3o, ter\u00e1 dias at\u00edpicos, com queda brusca nas temperaturas e possibilidade de geada em algumas regi\u00f5es. A popula\u00e7\u00e3o deve se [&hellip;]<\/p>\n","protected":false},"author":12,"featured_media":8511,"comment_status":"open","ping_status":"open","sticky":false,"template":"","format":"standard","meta":{"jnews-multi-image_gallery":[],"jnews_single_post":{"format":"standard"},"jnews_primary_category":[],"jnews_social_meta":[],"jnews_post_split":[],"footnotes":""},"categories":[1],"tags":[],"class_list":["post-8510","post","type-post","status-publish","format-standard","has-post-thumbnail","hentry","category-uncategorized"],"_links":{"self":[{"href":"https:\/\/diariodepernambuco.audiencelabs.com.br\/wp-json\/wp\/v2\/posts\/8510","targetHints":{"allow":["GET"]}}],"collection":[{"href":"https:\/\/diariodepernambuco.audiencelabs.com.br\/wp-json\/wp\/v2\/posts"}],"about":[{"href":"https:\/\/diariodepernambuco.audiencelabs.com.br\/wp-json\/wp\/v2\/types\/post"}],"author":[{"embeddable":true,"href":"https:\/\/diariodepernambuco.audiencelabs.com.br\/wp-json\/wp\/v2\/users\/12"}],"replies":[{"embeddable":true,"href":"https:\/\/diariodepernambuco.audiencelabs.com.br\/wp-json\/wp\/v2\/comments?post=8510"}],"version-history":[{"count":2,"href":"https:\/\/diariodepernambuco.audiencelabs.com.br\/wp-json\/wp\/v2\/posts\/8510\/revisions"}],"predecessor-version":[{"id":8542,"href":"https:\/\/diariodepernambuco.audiencelabs.com.br\/wp-json\/wp\/v2\/posts\/8510\/revisions\/8542"}],"wp:featuredmedia":[{"embeddable":true,"href":"https:\/\/diariodepernambuco.audiencelabs.com.br\/wp-json\/wp\/v2\/media\/8511"}],"wp:attachment":[{"href":"https:\/\/diariodepernambuco.audiencelabs.com.br\/wp-json\/wp\/v2\/media?parent=8510"}],"wp:term":[{"taxonomy":"category","embeddable":true,"href":"https:\/\/diariodepernambuco.audiencelabs.com.br\/wp-json\/wp\/v2\/categories?post=8510"},{"taxonomy":"post_tag","embeddable":true,"href":"https:\/\/diariodepernambuco.audiencelabs.com.br\/wp-json\/wp\/v2\/tags?post=8510"}],"curies":[{"name":"wp","href":"https:\/\/api.w.org\/{rel}","templated":true}]}}