{"id":8602,"date":"2025-11-07T15:48:43","date_gmt":"2025-11-07T18:48:43","guid":{"rendered":"https:\/\/diariodepernambuco.audiencelabs.com.br\/?p=8602"},"modified":"2025-11-07T15:48:49","modified_gmt":"2025-11-07T18:48:49","slug":"estado-brasileiro-vai-ser-invadido-por-ciclone-extratropical","status":"publish","type":"post","link":"https:\/\/diariodepernambuco.audiencelabs.com.br\/estado-brasileiro-vai-ser-invadido-por-ciclone-extratropical\/","title":{"rendered":"Estado brasileiro vai ser invadido por ciclone extratropical"},"content":{"rendered":"\n<p>O <a href=\"https:\/\/diariodepernambuco.com.br\/dpmais\/estado-brasileiro-vai-ser-pego-de-surpresa-e-enfrentar-frio-em-novembro\/\" target=\"_blank\" rel=\"noopener\"><strong>Rio Grande do Sul<\/strong><\/a> come\u00e7ou a ser atingido nesta sexta-feira, 7 de novembro, por um ciclone extratropical que promete transformar o tempo em boa parte do Sul do Brasil. <\/p>\n\n\n\n<p>A forma\u00e7\u00e3o do sistema sobre o estado j\u00e1 provoca instabilidades severas, com previs\u00e3o de chuvas intensas, vendavais e queda de granizo. <\/p>\n\n\n\n<p>O fen\u00f4meno, que avan\u00e7a rapidamente, n\u00e3o deve limitar seus impactos ao territ\u00f3rio ga\u00facho. Ao longo do final de semana, as consequ\u00eancias do ciclone se estender\u00e3o tamb\u00e9m por Santa Catarina e Paran\u00e1, exigindo aten\u00e7\u00e3o redobrada da popula\u00e7\u00e3o e das autoridades.<\/p>\n\n\n\n<h2 class=\"wp-block-heading\">Estado brasileiro vai ser invadido por ciclone extratropical<\/h2>\n\n\n\n<p>O ciclone extratropical \u00e9 um sistema de baixa press\u00e3o que se forma em regi\u00f5es de m\u00e9dias latitudes, como o Sul do Brasil, especialmente em momentos de forte contraste de temperatura entre o ar quente e \u00famido vindo do Norte e o ar frio do Sul. <\/p>\n\n\n\n<p>Neste caso, o centro da baixa press\u00e3o atmosf\u00e9rica, com valores estimados entre 997 hPa e 1000 hPa, come\u00e7ou a se aprofundar sobre o Rio Grande do Sul desde as primeiras horas da manh\u00e3, com tend\u00eancia de intensifica\u00e7\u00e3o ao longo do dia. <\/p>\n\n\n\n<p>A <a href=\"https:\/\/estado.rs.gov.br\/defesa-civil-amplia-area-de-risco-severo-para-ventos-acima-de-100km-h-chuvas-intensas-e-granizo-de-grande-porte-no-norte-do-rs\" target=\"_blank\" rel=\"noopener\"><strong>Defesa Civil<\/strong><\/a> e o Instituto Nacional de Meteorologia (Inmet) alertam para a forma\u00e7\u00e3o de uma linha de instabilidade extremamente perigosa, com potencial de gerar vendavais, enxurradas, granizo de grande porte e at\u00e9 fen\u00f4menos mais severos, como microexplos\u00f5es e tornados em \u00e1reas isoladas.<\/p>\n\n\n\n<p>No territ\u00f3rio ga\u00facho, as regi\u00f5es mais afetadas at\u00e9 o momento s\u00e3o a Metade Norte, a Regi\u00e3o Metropolitana de Porto Alegre e o Litoral Norte. <\/p>\n\n\n\n<p>A expectativa \u00e9 de rajadas de vento que podem superar os 100 km\/h, principalmente entre o sul da Lagoa dos Patos, a capital Porto Alegre e os munic\u00edpios litor\u00e2neos que v\u00e3o de Mostardas a Torres. <\/p>\n\n\n\n<p>Al\u00e9m do vento, a chuva intensa \u00e9 uma preocupa\u00e7\u00e3o. Os acumulados devem variar de 60 a 150 mil\u00edmetros em um curto espa\u00e7o de tempo, com maior concentra\u00e7\u00e3o entre a madrugada e o meio da tarde de sexta-feira. <\/p>\n\n\n\n<p>Esse volume elevado pode provocar alagamentos urbanos, enxurradas e eleva\u00e7\u00e3o r\u00e1pida de arroios e rios, especialmente nas bacias dos rios Ca\u00ed, Sinos e Paranhana.<\/p>\n\n\n\n<h3 class=\"wp-block-heading\">Santa Catarina e Paran\u00e1 tamb\u00e9m sentir\u00e3o efeitos do ciclone<\/h3>\n\n\n\n<p>Santa Catarina deve come\u00e7ar a sentir os efeitos mais diretos do ciclone durante a madrugada de s\u00e1bado (08). A circula\u00e7\u00e3o de umidade do sistema trar\u00e1 chuvas fortes, especialmente no Litoral Sul e nas \u00e1reas serranas. <\/p>\n\n\n\n<p>O risco maior, no entanto, est\u00e1 nos ventos. As proje\u00e7\u00f5es indicam rajadas entre 90 e 120 km\/h ao longo da costa, especialmente entre Laguna, Itapema, Balne\u00e1rio Cambori\u00fa e Florian\u00f3polis. <\/p>\n\n\n\n<p>Em pontos elevados da Serra, como Bom Jardim da Serra, as rajadas tamb\u00e9m podem ultrapassar os 100 km\/h, com riscos estruturais consider\u00e1veis.<\/p>\n\n\n\n<p>No Paran\u00e1, os impactos ser\u00e3o mais associados a temporais do que ao vento cont\u00ednuo do ciclone. A partir do s\u00e1bado, o estado pode registrar pancadas fortes com potencial para vendavais isolados, especialmente nas regi\u00f5es Oeste e Litoral. <\/p>\n\n\n\n<p>Embora os ventos cicl\u00f4nicos sejam menos intensos do que nos estados vizinhos, rajadas entre 50 e 70 km\/h n\u00e3o est\u00e3o descartadas, especialmente no litoral paranaense.<\/p>\n\n\n\n<p>Diante da previs\u00e3o, os \u00f3rg\u00e3os de defesa civil recomendam aten\u00e7\u00e3o m\u00e1xima \u00e0 popula\u00e7\u00e3o do Sul do pa\u00eds. O cen\u00e1rio \u00e9 de risco elevado, e os efeitos do ciclone, embora previstos para perder for\u00e7a at\u00e9 o domingo, ainda podem causar transtornos significativos.<\/p>\n\n\n\n<p><\/p>\n","protected":false},"excerpt":{"rendered":"<p>O Rio Grande do Sul come\u00e7ou a ser atingido nesta sexta-feira, 7 de novembro, por um ciclone extratropical que promete transformar o tempo em boa parte do Sul do Brasil. A forma\u00e7\u00e3o do sistema sobre o estado j\u00e1 provoca instabilidades severas, com previs\u00e3o de chuvas intensas, vendavais e queda de granizo. O fen\u00f4meno, que avan\u00e7a [&hellip;]<\/p>\n","protected":false},"author":12,"featured_media":8606,"comment_status":"open","ping_status":"open","sticky":false,"template":"","format":"standard","meta":{"jnews-multi-image_gallery":[],"jnews_single_post":{"format":"standard"},"jnews_primary_category":[],"jnews_social_meta":[],"jnews_post_split":[],"footnotes":""},"categories":[1],"tags":[],"class_list":["post-8602","post","type-post","status-publish","format-standard","has-post-thumbnail","hentry","category-uncategorized"],"_links":{"self":[{"href":"https:\/\/diariodepernambuco.audiencelabs.com.br\/wp-json\/wp\/v2\/posts\/8602","targetHints":{"allow":["GET"]}}],"collection":[{"href":"https:\/\/diariodepernambuco.audiencelabs.com.br\/wp-json\/wp\/v2\/posts"}],"about":[{"href":"https:\/\/diariodepernambuco.audiencelabs.com.br\/wp-json\/wp\/v2\/types\/post"}],"author":[{"embeddable":true,"href":"https:\/\/diariodepernambuco.audiencelabs.com.br\/wp-json\/wp\/v2\/users\/12"}],"replies":[{"embeddable":true,"href":"https:\/\/diariodepernambuco.audiencelabs.com.br\/wp-json\/wp\/v2\/comments?post=8602"}],"version-history":[{"count":1,"href":"https:\/\/diariodepernambuco.audiencelabs.com.br\/wp-json\/wp\/v2\/posts\/8602\/revisions"}],"predecessor-version":[{"id":8615,"href":"https:\/\/diariodepernambuco.audiencelabs.com.br\/wp-json\/wp\/v2\/posts\/8602\/revisions\/8615"}],"wp:featuredmedia":[{"embeddable":true,"href":"https:\/\/diariodepernambuco.audiencelabs.com.br\/wp-json\/wp\/v2\/media\/8606"}],"wp:attachment":[{"href":"https:\/\/diariodepernambuco.audiencelabs.com.br\/wp-json\/wp\/v2\/media?parent=8602"}],"wp:term":[{"taxonomy":"category","embeddable":true,"href":"https:\/\/diariodepernambuco.audiencelabs.com.br\/wp-json\/wp\/v2\/categories?post=8602"},{"taxonomy":"post_tag","embeddable":true,"href":"https:\/\/diariodepernambuco.audiencelabs.com.br\/wp-json\/wp\/v2\/tags?post=8602"}],"curies":[{"name":"wp","href":"https:\/\/api.w.org\/{rel}","templated":true}]}}