{"id":8609,"date":"2025-11-09T13:52:00","date_gmt":"2025-11-09T16:52:00","guid":{"rendered":"https:\/\/diariodepernambuco.audiencelabs.com.br\/?p=8609"},"modified":"2025-11-10T10:19:50","modified_gmt":"2025-11-10T13:19:50","slug":"detalhe-do-contracheque-que-ninguem-presta-atencao-resgata-dinheiro-perdido","status":"publish","type":"post","link":"https:\/\/diariodepernambuco.audiencelabs.com.br\/detalhe-do-contracheque-que-ninguem-presta-atencao-resgata-dinheiro-perdido\/","title":{"rendered":"Detalhe do contracheque que ningu\u00e9m presta aten\u00e7\u00e3o resgata dinheiro perdido"},"content":{"rendered":"\n<p>Milhares de trabalhadores brasileiros est\u00e3o percebendo que podem ter valores esquecidos ou descontados incorretamente em seus contracheques. Pequenos erros nos c\u00e1lculos de sal\u00e1rios e encargos trabalhistas v\u00eam gerando restitui\u00e7\u00f5es que, segundo especialistas em direito trabalhista e contabilidade, podem alcan\u00e7ar milhares de reais.<\/p>\n\n\n\n<p>Entre os casos mais frequentes est\u00e3o descontos indevidos do INSS, dep\u00f3sitos de FGTS inferiores ao devido, erros no c\u00e1lculo de horas extras e pagamentos incompletos de adicionais noturnos ou de insalubridade. Embora muitas vezes passem despercebidos, esses equ\u00edvocos se acumulam com o tempo e podem resultar em valores expressivos a serem recuperados.<\/p>\n\n\n\n<p>Segundo especialistas, o principal motivo para que esses erros passem despercebidos \u00e9 a falta de confer\u00eancia detalhada do contracheque. Muitos trabalhadores se limitam a verificar apenas o valor l\u00edquido do pagamento, sem observar descontos, adicionais e contribui\u00e7\u00f5es que podem conter falhas.<\/p>\n\n\n\n<h2 class=\"wp-block-heading\">Detalhe do contracheque<\/h2>\n\n\n<style>@media (min-width: 992px) {\n    .recomendadorV2Area1 {\n        width: 280px;\n    }\n    .recomendadorV2Area2 {\n        padding: 0px 20px;\n        width: calc(100% - 280px);\n    }\n}\n\n@media (max-width: 992px) {\n    .recomendadorV2Button {\n        margin: 0 auto;\n    }\n    .recomendadorV2Area {\n        flex-direction: column;\n        text-align: center;\n    }\n    .recomendadorV2Area2 {\n        padding: 0px 20px;\n    }\n}\n\n.recomendadorV2Area {\n    background: #eeeeee3d;\n    border-radius: 10px;\n    padding: 15px;\n    display: flex;\n    margin: 15px auto;\n    border: 1px solid #00000014;\n    max-width: 800px;\n}\n\n.recomendadorV2Area1 img {\n    width: 280px;\n    height: auto;\n    border-radius: 8px;\n}\n\n.linkrecomendadorv2 {\n    text-decoration: none !important;\n}\n\n.recomendadorV2Area2 .recomendadorV2Type {\n    text-transform: uppercase;\n    font-weight: 500;\n    font-size: 11px;\n    letter-spacing: 2px;\n    color: #666;\n    margin: 12px 0;\n    display: block;\n}\n\n.recomendadorV2Title h2 {\n    padding-top: 0px !important;\n    margin: 0px !important;\n    border-left: none !important;\n    padding-left: 0px !important;\n    line-height: 1.3;\n    color: #000 !important;\n    font-size: 24px;\n    margin-bottom: 12px !important;\n}\n\n.recomendadorV2Desc {\n    color: #333;\n    margin: 12px 0px !important;\n    font-size: 15px;\n    line-height: 1.5;\n}\n\n.recomendadorV2Button {\n    width: auto;\n    max-width: 200px;\n    margin: 0;\n    display: inline-flex;\n    align-items: center;\n    background: #1D3557;\n    border-radius: 8px;\n    color: #fff;\n    height: 36px;\n    justify-content: center;\n    text-align: center;\n    font-size: 14px;\n    padding: 0 20px;\n    transition: background-color 0.2s ease;\n}\n\n.recomendadorV2Button:hover {\n    background: #2a4d7a;\n}\n\n.recomendadorV2Button:after {\n    margin-top: -2px;\n    content: \"\u2192\";\n    padding: 0px 0px 0px 8px;\n}\n\n.recomendadorV2Alert {\n    text-align: left;\n    font-size: 11px;\n    margin-top: 8px;\n    color: #666;\n}\n\n.recomendadorFixedArea {\n    width: 100%;\n    display: flex;\n    justify-content: center;\n    align-items: center;\n}\n\n@media (min-width: 992px) {\n    #recomendadorFixed {\n        width: 32% !important;\n        left: 5%;\n    }\n    .recomendadorCloseFixed{\n        right: inherit !important;\n        left: 378px !important;\n    }\n}\n\n#recomendadorFixed {\n    width: 90%;\n    box-shadow: 0 10px 20px 0px #00000057;\n    display: none;\n    height: 90px;\n    background: #F6F6F6;\n    position: fixed;\n    flex-direction: row;\n    bottom: 10px;\n    z-index: 9999;\n    border-radius: 16px;\n    padding: 7px 10px;\n}\n\n.recomendadorLeftArea {\n    width: 160px;\n}\n\n.recomendadorRightArea h2 {\n    padding-top: 0px;\n    margin: 2px 0px 4px 0px !important;\n    font-weight: 400;\n    text-align: center;\n    padding-left: 0px !important;\n    color: #000 !important;\n    border-left: none !important;\n    line-height: 20px;\n    font-size: 12px !important;\n}\n\n.recomendadorImgFixed {\n    overflow: hidden;\n    padding: 8px 6px;\n    height: 100%;\n}\n\n.recomendadorImgFixed img {\n    height: 100% !important;\n    border-radius: 16px;\n}\n\n.recomendadorRightArea {\n    padding-top: 6px;\n    display: flex;\n    width: calc(100% - 130px);\n    justify-content: space-between;\n    align-items: center;\n    flex-direction: column;\n}\n\n.recomendadorButtonFixed {\n    margin: 0 auto;\n    background: #1D3557;\n    width: 80%;\n    text-align: center;\n    font-size: 10px;\n    color: #FFF;\n    padding: 2px 10px;\n    border-radius: 3px;\n}\n\n.recomendadorButtonFixed:after {\n    margin-top: -3px;\n    content: \"\u2192\";\n    padding: 0px 0px 0px 10px;\n}\n\n.recomendadorAlertFixed {\n    font-weight: 400;\n    text-align: center;\n    color: #484848;\n    font-size: 8px;\n}\n\n.recomendadorCloseFixed {\n    z-index: 99999;\n    display: none;\n    right: 0px;\n    left: inherit;\n    bottom: 99px;\n    position: fixed;\n    justify-content: center;\n    background: #F6F6F6;\n    width: 25px;\n    align-items: center;\n    height: 25px;\n    font-weight: 800;\n    border-radius: 50%;\n    border: 1px solid #EBEBEB;\n}\n\n.recomendadorV2Desc{\n    color: #000000;\n    margin: 20px 0px;\n}\n\n@media (max-width: 576px) {\n    .recomendadorV2Area {\n      padding: 10px;\n      max-width: 100%;\n    }\n  \n    .recomendadorV2Area1 img {\n      width: 100%;\n      border-radius: 6px;\n    }\n  \n    .recomendadorV2Area2 .recomendadorV2Type {\n      font-size: 9px;\n      letter-spacing: 1px;\n      margin: 8px 0;\n    }\n  \n    .recomendadorV2Title h2 {\n      font-size: 18px !important;\n      margin-bottom: 8px !important;\n      line-height: 1.2;\n    }\n  \n    .recomendadorV2Desc {\n      font-size: 14px;\n      margin: 8px 0 !important;\n      line-height: 1.4;\n    }\n  \n    .recomendadorV2Button {\n      font-size: 12px;\n      height: 30px;\n      padding: 0 12px;\n      max-width: 160px;\n    }\n  \n    .recomendadorV2Button:after {\n      padding-left: 6px;\n    }\n  }\n  <\/style>\n        <div class=\"lazyblock-recomendador-v2-2jDGz wp-block-lazyblock-recomendador-v2\">\n        <a class=\"linkrecomendadorv2\" href=\"https:\/\/diariodepernambuco.com.br\/dpmais\/feriado-que-quase-ninguem-lembra-em-novembro-oferece-folga-e-dias-de-descanso\/?utm_source=lazy\" target=\"_blank\" rel=\"noopener\">\n            <div class=\"recomendadorV2Area\">\n            <div class=\"recomendadorV2Area1\">\n                <div class=\"recomendadorV2Img\">\n                <img class=\"lazyloaded\" decoding=\"async\" src=\"https:\/\/diariodepernambuco.audiencelabs.com.br\/wp-content\/uploads\/2025\/11\/deriado.jpg\" data-src=\"https:\/\/diariodepernambuco.audiencelabs.com.br\/wp-content\/uploads\/2025\/11\/deriado.jpg\" alt=\"\">\n                <\/div>\n            <\/div>\n            <div class=\"recomendadorV2Area2\">\n                <div class=\"recomendadorV2Type\">\n                    <span>Descanso extra<\/span>\n                <\/div>\n                <div class=\"recomendadorV2Title\">\n                <h2><span>Feriado esquecido garante folga \ud83d\ude34<\/span><\/h2>\n                <\/div>\n                <div class=\"recomendadorV2Desc\">\n                <span>Poucos lembram, mas d\u00e1 dias de descanso<\/span>\n                <\/div>\n                <div class=\"recomendadorV2Button\">Confira a data<\/div>\n                <div class=\"recomendadorV2Alert\"><\/div>\n            <\/div>\n            <\/div>\n        <\/a>\n        <div>\n            <div style=\"z-index:99999;\" id=\"buttonClose\" onclick=\"closeRecomendadorFixed()\">\n            <div class=\"recomendadorCloseFixed\">X<\/div>\n            <\/div>\n            <a href=\"https:\/\/diariodepernambuco.com.br\/dpmais\/feriado-que-quase-ninguem-lembra-em-novembro-oferece-folga-e-dias-de-descanso\/?utm_source=lazy\" target=\"_blank\" rel=\"noopener\">\n            <div class=\"recomendadorFixedArea\">\n                <div id=\"recomendadorFixed\">\n                <div class=\"recomendadorLeftArea\">\n                    <div class=\"recomendadorImgFixed\">\n                    <img class=\"lazyload\" decoding=\"async\" src=\"https:\/\/diariodepernambuco.audiencelabs.com.br\/wp-content\/uploads\/2025\/11\/deriado.jpg\" alt=\"\">\n                    <\/div>\n                <\/div>\n                <div class=\"recomendadorRightArea\">\n                    <div class=\"recomendadorTitleFixed\">\n                    <h2><span>Feriado esquecido garante folga \ud83d\ude34<\/span><\/h2>\n                    <\/div>\n                    <div class=\"recomendadorButtonFixed\">Confira a data<\/div>\n                    <div class=\"recomendadorAlertFixed\"><\/div>\n                <\/div>\n                <\/div>\n            <\/div>\n            <\/a>\n        <\/div>\n        <\/div>\n\n\n\n<p>Um simples erro de percentual no c\u00e1lculo do INSS ou nas horas extras, por exemplo, pode gerar preju\u00edzos mensais que, ao longo dos anos, somam cifras consider\u00e1veis. Profissionais recomendam que todo trabalhador revise seus contracheques e extratos do FGTS com regularidade.<\/p>\n\n\n\n<p>Caso identifique inconsist\u00eancias, \u00e9 poss\u00edvel solicitar \u00e0 empresa uma corre\u00e7\u00e3o administrativa ou, em \u00faltimo caso, ingressar com uma a\u00e7\u00e3o trabalhista para recuperar os valores devidos. Al\u00e9m disso, plataformas digitais e aplicativos do governo, como o \u201cMeu INSS\u201d e o \u201cFGTS Digital\u201d, podem ajudar na confer\u00eancia dos dep\u00f3sitos e contribui\u00e7\u00f5es de forma pr\u00e1tica e gratuita.<\/p>\n\n\n\n<h2 class=\"wp-block-heading\">Conferir os descontos pode virar um verdadeiro resgate financeiro<\/h2>\n\n\n\n<p>Embora pare\u00e7a um simples detalhe, conferir atentamente cada desconto e adicional no contracheque pode revelar erros que passam despercebidos por anos. Diferen\u00e7as em c\u00e1lculos de INSS, FGTS ou horas extras s\u00e3o mais comuns do que se imagina \u2014 e, quando corrigidas, podem render uma boa quantia ao trabalhador.<\/p>\n\n\n\n<p>Especialistas lembram que at\u00e9 mesmo falhas pequenas, como arredondamentos incorretos, acumulam valores significativos com o tempo. Por isso, manter o h\u00e1bito de revisar o holerite mensalmente \u00e9 fundamental. Caso surjam d\u00favidas, o ideal \u00e9 buscar orienta\u00e7\u00e3o de um contador ou advogado trabalhista.<\/p>\n\n\n\n<p><\/p>\n","protected":false},"excerpt":{"rendered":"<p>Milhares de trabalhadores brasileiros est\u00e3o percebendo que podem ter valores esquecidos ou descontados incorretamente em seus contracheques. Pequenos erros nos c\u00e1lculos de sal\u00e1rios e encargos trabalhistas v\u00eam gerando restitui\u00e7\u00f5es que, segundo especialistas em direito trabalhista e contabilidade, podem alcan\u00e7ar milhares de reais. Entre os casos mais frequentes est\u00e3o descontos indevidos do INSS, dep\u00f3sitos de FGTS [&hellip;]<\/p>\n","protected":false},"author":4,"featured_media":2120,"comment_status":"open","ping_status":"open","sticky":false,"template":"","format":"standard","meta":{"jnews-multi-image_gallery":[],"jnews_single_post":{"format":"standard"},"jnews_primary_category":[],"jnews_social_meta":[],"jnews_post_split":[],"footnotes":""},"categories":[1],"tags":[],"class_list":["post-8609","post","type-post","status-publish","format-standard","has-post-thumbnail","hentry","category-uncategorized"],"_links":{"self":[{"href":"https:\/\/diariodepernambuco.audiencelabs.com.br\/wp-json\/wp\/v2\/posts\/8609","targetHints":{"allow":["GET"]}}],"collection":[{"href":"https:\/\/diariodepernambuco.audiencelabs.com.br\/wp-json\/wp\/v2\/posts"}],"about":[{"href":"https:\/\/diariodepernambuco.audiencelabs.com.br\/wp-json\/wp\/v2\/types\/post"}],"author":[{"embeddable":true,"href":"https:\/\/diariodepernambuco.audiencelabs.com.br\/wp-json\/wp\/v2\/users\/4"}],"replies":[{"embeddable":true,"href":"https:\/\/diariodepernambuco.audiencelabs.com.br\/wp-json\/wp\/v2\/comments?post=8609"}],"version-history":[{"count":4,"href":"https:\/\/diariodepernambuco.audiencelabs.com.br\/wp-json\/wp\/v2\/posts\/8609\/revisions"}],"predecessor-version":[{"id":8652,"href":"https:\/\/diariodepernambuco.audiencelabs.com.br\/wp-json\/wp\/v2\/posts\/8609\/revisions\/8652"}],"wp:featuredmedia":[{"embeddable":true,"href":"https:\/\/diariodepernambuco.audiencelabs.com.br\/wp-json\/wp\/v2\/media\/2120"}],"wp:attachment":[{"href":"https:\/\/diariodepernambuco.audiencelabs.com.br\/wp-json\/wp\/v2\/media?parent=8609"}],"wp:term":[{"taxonomy":"category","embeddable":true,"href":"https:\/\/diariodepernambuco.audiencelabs.com.br\/wp-json\/wp\/v2\/categories?post=8609"},{"taxonomy":"post_tag","embeddable":true,"href":"https:\/\/diariodepernambuco.audiencelabs.com.br\/wp-json\/wp\/v2\/tags?post=8609"}],"curies":[{"name":"wp","href":"https:\/\/api.w.org\/{rel}","templated":true}]}}