{"id":8616,"date":"2025-11-10T20:45:00","date_gmt":"2025-11-10T23:45:00","guid":{"rendered":"https:\/\/diariodepernambuco.audiencelabs.com.br\/?p=8616"},"modified":"2025-11-07T16:08:52","modified_gmt":"2025-11-07T19:08:52","slug":"tudo-aquilo-que-te-falaram-sobre-agua-com-gas-nao-e-verdade","status":"publish","type":"post","link":"https:\/\/diariodepernambuco.audiencelabs.com.br\/tudo-aquilo-que-te-falaram-sobre-agua-com-gas-nao-e-verdade\/","title":{"rendered":"Tudo aquilo que te falaram sobre \u00e1gua com g\u00e1s n\u00e3o \u00e9 verdade"},"content":{"rendered":"\n<p>Amada por uns, detestada por outros, a \u00e1gua com g\u00e1s \u00e9 uma daquelas bebidas que nunca passam despercebidas. Seja pela sensa\u00e7\u00e3o borbulhante ou pelo gosto peculiar, ela conquistou espa\u00e7o na rotina de muitos brasileiros. <\/p>\n\n\n\n<p>Mas, al\u00e9m das prefer\u00eancias pessoais, a bebida tamb\u00e9m tem sido alvo de debates acalorados, e um dos temas mais controversos \u00e9 sua suposta rela\u00e7\u00e3o com a press\u00e3o arterial.<\/p>\n\n\n\n<h2 class=\"wp-block-heading\">Tudo aquilo que te falaram sobre \u00e1gua com g\u00e1s n\u00e3o \u00e9 verdade<\/h2>\n\n\n\n<p>A teoria que ganhou for\u00e7a nas redes sociais afirma que o consumo de \u00e1gua gaseificada pode elevar a press\u00e3o e, consequentemente, representar um risco \u00e0 sa\u00fade cardiovascular. <\/p>\n\n\n\n<p>O argumento mais comum \u00e9 que o g\u00e1s carb\u00f4nico presente na bebida ou o s\u00f3dio usado na composi\u00e7\u00e3o provocariam esse efeito indesejado. <\/p>\n\n\n\n<p>Diante da repercuss\u00e3o, profissionais da \u00e1rea da sa\u00fade, como nutricionistas e cardiologistas, decidiram investigar a fundo se existe, de fato, um impacto real.<\/p>\n\n\n\n<p>O que se sabe at\u00e9 agora, com base em estudos recentes, \u00e9 que a ingest\u00e3o de \u00e1gua com g\u00e1s pode causar uma leve eleva\u00e7\u00e3o moment\u00e2nea na press\u00e3o arterial, mas esse efeito \u00e9 passageiro e n\u00e3o representa risco para a maioria das pessoas. <\/p>\n\n\n\n<p>O fen\u00f4meno \u00e9 explicado por um mecanismo fisiol\u00f3gico conhecido como reflexo de degluti\u00e7\u00e3o, uma resposta natural do corpo ao engolir l\u00edquidos. Em poucos minutos, os n\u00edveis voltam ao normal. <\/p>\n\n\n\n<p>N\u00e3o h\u00e1, portanto, evid\u00eancia cient\u00edfica consistente de que o consumo habitual da bebida cause <a href=\"https:\/\/diariodepernambuco.com.br\/dpmais\/com-urgencia-pressao-a-12-por-8-nao-e-mais-considerada-boa\/\" target=\"_blank\" rel=\"noopener\"><strong>hipertens\u00e3o<\/strong><\/a>.<\/p>\n\n\n\n<h3 class=\"wp-block-heading\">\u00c1gua com g\u00e1s deve ser evitada por conta do s\u00f3dio? E ela faz mal ao est\u00f4mago e rins?<\/h3>\n\n\n\n<p>Outra preocupa\u00e7\u00e3o recorrente diz respeito ao teor de <a href=\"https:\/\/www.tuasaude.com\/sodio-na\/\" target=\"_blank\" rel=\"noopener\"><strong>s\u00f3dio<\/strong><\/a> presente na \u00e1gua gaseificada. Como o excesso desse mineral est\u00e1, de fato, ligado ao aumento da press\u00e3o arterial, muitos consumidores temem que estejam ingerindo doses elevadas sem perceber. <\/p>\n\n\n\n<p>No entanto, a maioria das marcas dispon\u00edveis no mercado brasileiro apresenta quantidades m\u00ednimas de s\u00f3dio, geralmente abaixo de 1 mg por litro, valor considerado insignificante dentro dos padr\u00f5es recomendados por \u00f3rg\u00e3os de sa\u00fade. <\/p>\n\n\n\n<p>Apenas algumas \u00e1guas minerais com g\u00e1s, especialmente as importadas ou de fontes espec\u00edficas, podem ter teores mais altos, o que refor\u00e7a a import\u00e2ncia de checar o r\u00f3tulo.<\/p>\n\n\n\n<p>Al\u00e9m desses pontos, outro mito comum \u00e9 o de que o g\u00e1s em si faria mal ao est\u00f4mago ou aos rins. Nenhuma dessas alega\u00e7\u00f5es se sustenta diante das evid\u00eancias dispon\u00edveis. <\/p>\n\n\n\n<p>Para a maioria das pessoas saud\u00e1veis, a \u00e1gua com g\u00e1s \u00e9 segura, hidratante e pode ser consumida regularmente sem medo.<\/p>\n\n\n\n<p><\/p>\n","protected":false},"excerpt":{"rendered":"<p>Amada por uns, detestada por outros, a \u00e1gua com g\u00e1s \u00e9 uma daquelas bebidas que nunca passam despercebidas. Seja pela sensa\u00e7\u00e3o borbulhante ou pelo gosto peculiar, ela conquistou espa\u00e7o na rotina de muitos brasileiros. Mas, al\u00e9m das prefer\u00eancias pessoais, a bebida tamb\u00e9m tem sido alvo de debates acalorados, e um dos temas mais controversos \u00e9 [&hellip;]<\/p>\n","protected":false},"author":12,"featured_media":8617,"comment_status":"open","ping_status":"open","sticky":false,"template":"","format":"standard","meta":{"jnews-multi-image_gallery":[],"jnews_single_post":{"format":"standard"},"jnews_primary_category":[],"jnews_social_meta":[],"jnews_post_split":[],"footnotes":""},"categories":[1],"tags":[],"class_list":["post-8616","post","type-post","status-publish","format-standard","has-post-thumbnail","hentry","category-uncategorized"],"_links":{"self":[{"href":"https:\/\/diariodepernambuco.audiencelabs.com.br\/wp-json\/wp\/v2\/posts\/8616","targetHints":{"allow":["GET"]}}],"collection":[{"href":"https:\/\/diariodepernambuco.audiencelabs.com.br\/wp-json\/wp\/v2\/posts"}],"about":[{"href":"https:\/\/diariodepernambuco.audiencelabs.com.br\/wp-json\/wp\/v2\/types\/post"}],"author":[{"embeddable":true,"href":"https:\/\/diariodepernambuco.audiencelabs.com.br\/wp-json\/wp\/v2\/users\/12"}],"replies":[{"embeddable":true,"href":"https:\/\/diariodepernambuco.audiencelabs.com.br\/wp-json\/wp\/v2\/comments?post=8616"}],"version-history":[{"count":2,"href":"https:\/\/diariodepernambuco.audiencelabs.com.br\/wp-json\/wp\/v2\/posts\/8616\/revisions"}],"predecessor-version":[{"id":8798,"href":"https:\/\/diariodepernambuco.audiencelabs.com.br\/wp-json\/wp\/v2\/posts\/8616\/revisions\/8798"}],"wp:featuredmedia":[{"embeddable":true,"href":"https:\/\/diariodepernambuco.audiencelabs.com.br\/wp-json\/wp\/v2\/media\/8617"}],"wp:attachment":[{"href":"https:\/\/diariodepernambuco.audiencelabs.com.br\/wp-json\/wp\/v2\/media?parent=8616"}],"wp:term":[{"taxonomy":"category","embeddable":true,"href":"https:\/\/diariodepernambuco.audiencelabs.com.br\/wp-json\/wp\/v2\/categories?post=8616"},{"taxonomy":"post_tag","embeddable":true,"href":"https:\/\/diariodepernambuco.audiencelabs.com.br\/wp-json\/wp\/v2\/tags?post=8616"}],"curies":[{"name":"wp","href":"https:\/\/api.w.org\/{rel}","templated":true}]}}