{"id":8646,"date":"2025-11-10T09:06:43","date_gmt":"2025-11-10T12:06:43","guid":{"rendered":"https:\/\/diariodepernambuco.audiencelabs.com.br\/?p=8646"},"modified":"2025-11-11T13:31:55","modified_gmt":"2025-11-11T16:31:55","slug":"feriado-que-quase-ninguem-lembra-em-novembro-oferece-folga-e-dias-de-descanso","status":"publish","type":"post","link":"https:\/\/diariodepernambuco.audiencelabs.com.br\/feriado-que-quase-ninguem-lembra-em-novembro-oferece-folga-e-dias-de-descanso\/","title":{"rendered":"Novo feriado em novembro oferece folga e dias de descanso"},"content":{"rendered":"\n<p>Ainda neste m\u00eas de novembro, um feriado considerado &#8220;novo&#8221; por grande parte da popula\u00e7\u00e3o brasileira pode surpreender quem n\u00e3o est\u00e1 atento ao calend\u00e1rio.<\/p>\n\n\n\n<p>A data, que se tornou oficialmente feriado nacional h\u00e1 pouco tempo, promete alterar a rotina de muitos trabalhadores e abrir espa\u00e7o para um descanso prolongado. <\/p>\n\n\n\n<p>Como neste ano ela cai em uma quinta-feira, cresce a expectativa de que empresas e reparti\u00e7\u00f5es p\u00fablicas concedam uma \u201cemenda\u201d na sexta-feira, permitindo assim quatro dias seguidos de folga, da quinta at\u00e9 o domingo.<\/p>\n\n\n\n<h2 class=\"wp-block-heading\">Feriado que quase ningu\u00e9m lembra em novembro oferece folga e dias de descanso<\/h2>\n\n\n<style>@media (min-width: 992px) {\n    .recomendadorV2Area1 {\n        width: 280px;\n    }\n    .recomendadorV2Area2 {\n        padding: 0px 20px;\n        width: calc(100% - 280px);\n    }\n}\n\n@media (max-width: 992px) {\n    .recomendadorV2Button {\n        margin: 0 auto;\n    }\n    .recomendadorV2Area {\n        flex-direction: column;\n        text-align: center;\n    }\n    .recomendadorV2Area2 {\n        padding: 0px 20px;\n    }\n}\n\n.recomendadorV2Area {\n    background: #eeeeee3d;\n    border-radius: 10px;\n    padding: 15px;\n    display: flex;\n    margin: 15px auto;\n    border: 1px solid #00000014;\n    max-width: 800px;\n}\n\n.recomendadorV2Area1 img {\n    width: 280px;\n    height: auto;\n    border-radius: 8px;\n}\n\n.linkrecomendadorv2 {\n    text-decoration: none !important;\n}\n\n.recomendadorV2Area2 .recomendadorV2Type {\n    text-transform: uppercase;\n    font-weight: 500;\n    font-size: 11px;\n    letter-spacing: 2px;\n    color: #666;\n    margin: 12px 0;\n    display: block;\n}\n\n.recomendadorV2Title h2 {\n    padding-top: 0px !important;\n    margin: 0px !important;\n    border-left: none !important;\n    padding-left: 0px !important;\n    line-height: 1.3;\n    color: #000 !important;\n    font-size: 24px;\n    margin-bottom: 12px !important;\n}\n\n.recomendadorV2Desc {\n    color: #333;\n    margin: 12px 0px !important;\n    font-size: 15px;\n    line-height: 1.5;\n}\n\n.recomendadorV2Button {\n    width: auto;\n    max-width: 200px;\n    margin: 0;\n    display: inline-flex;\n    align-items: center;\n    background: #1D3557;\n    border-radius: 8px;\n    color: #fff;\n    height: 36px;\n    justify-content: center;\n    text-align: center;\n    font-size: 14px;\n    padding: 0 20px;\n    transition: background-color 0.2s ease;\n}\n\n.recomendadorV2Button:hover {\n    background: #2a4d7a;\n}\n\n.recomendadorV2Button:after {\n    margin-top: -2px;\n    content: \"\u2192\";\n    padding: 0px 0px 0px 8px;\n}\n\n.recomendadorV2Alert {\n    text-align: left;\n    font-size: 11px;\n    margin-top: 8px;\n    color: #666;\n}\n\n.recomendadorFixedArea {\n    width: 100%;\n    display: flex;\n    justify-content: center;\n    align-items: center;\n}\n\n@media (min-width: 992px) {\n    #recomendadorFixed {\n        width: 32% !important;\n        left: 5%;\n    }\n    .recomendadorCloseFixed{\n        right: inherit !important;\n        left: 378px !important;\n    }\n}\n\n#recomendadorFixed {\n    width: 90%;\n    box-shadow: 0 10px 20px 0px #00000057;\n    display: none;\n    height: 90px;\n    background: #F6F6F6;\n    position: fixed;\n    flex-direction: row;\n    bottom: 10px;\n    z-index: 9999;\n    border-radius: 16px;\n    padding: 7px 10px;\n}\n\n.recomendadorLeftArea {\n    width: 160px;\n}\n\n.recomendadorRightArea h2 {\n    padding-top: 0px;\n    margin: 2px 0px 4px 0px !important;\n    font-weight: 400;\n    text-align: center;\n    padding-left: 0px !important;\n    color: #000 !important;\n    border-left: none !important;\n    line-height: 20px;\n    font-size: 12px !important;\n}\n\n.recomendadorImgFixed {\n    overflow: hidden;\n    padding: 8px 6px;\n    height: 100%;\n}\n\n.recomendadorImgFixed img {\n    height: 100% !important;\n    border-radius: 16px;\n}\n\n.recomendadorRightArea {\n    padding-top: 6px;\n    display: flex;\n    width: calc(100% - 130px);\n    justify-content: space-between;\n    align-items: center;\n    flex-direction: column;\n}\n\n.recomendadorButtonFixed {\n    margin: 0 auto;\n    background: #1D3557;\n    width: 80%;\n    text-align: center;\n    font-size: 10px;\n    color: #FFF;\n    padding: 2px 10px;\n    border-radius: 3px;\n}\n\n.recomendadorButtonFixed:after {\n    margin-top: -3px;\n    content: \"\u2192\";\n    padding: 0px 0px 0px 10px;\n}\n\n.recomendadorAlertFixed {\n    font-weight: 400;\n    text-align: center;\n    color: #484848;\n    font-size: 8px;\n}\n\n.recomendadorCloseFixed {\n    z-index: 99999;\n    display: none;\n    right: 0px;\n    left: inherit;\n    bottom: 99px;\n    position: fixed;\n    justify-content: center;\n    background: #F6F6F6;\n    width: 25px;\n    align-items: center;\n    height: 25px;\n    font-weight: 800;\n    border-radius: 50%;\n    border: 1px solid #EBEBEB;\n}\n\n.recomendadorV2Desc{\n    color: #000000;\n    margin: 20px 0px;\n}\n\n@media (max-width: 576px) {\n    .recomendadorV2Area {\n      padding: 10px;\n      max-width: 100%;\n    }\n  \n    .recomendadorV2Area1 img {\n      width: 100%;\n      border-radius: 6px;\n    }\n  \n    .recomendadorV2Area2 .recomendadorV2Type {\n      font-size: 9px;\n      letter-spacing: 1px;\n      margin: 8px 0;\n    }\n  \n    .recomendadorV2Title h2 {\n      font-size: 18px !important;\n      margin-bottom: 8px !important;\n      line-height: 1.2;\n    }\n  \n    .recomendadorV2Desc {\n      font-size: 14px;\n      margin: 8px 0 !important;\n      line-height: 1.4;\n    }\n  \n    .recomendadorV2Button {\n      font-size: 12px;\n      height: 30px;\n      padding: 0 12px;\n      max-width: 160px;\n    }\n  \n    .recomendadorV2Button:after {\n      padding-left: 6px;\n    }\n  }\n  <\/style>\n        <div class=\"lazyblock-recomendador-v2-2jDGz wp-block-lazyblock-recomendador-v2\">\n        <a class=\"linkrecomendadorv2\" href=\"https:\/\/diariodepernambuco.com.br\/dpmais\/novas-regras-de-trabalho-nos-domingos-e-feriados-surpreende-trabalhadores\/?utm_source=lazy\" target=\"_blank\" rel=\"noopener\">\n            <div class=\"recomendadorV2Area\">\n            <div class=\"recomendadorV2Area1\">\n                <div class=\"recomendadorV2Img\">\n                <img class=\"lazyloaded\" decoding=\"async\" src=\"https:\/\/diariodepernambuco.audiencelabs.com.br\/wp-content\/uploads\/2025\/11\/trabalho.jpg\" data-src=\"https:\/\/diariodepernambuco.audiencelabs.com.br\/wp-content\/uploads\/2025\/11\/trabalho.jpg\" alt=\"\">\n                <\/div>\n            <\/div>\n            <div class=\"recomendadorV2Area2\">\n                <div class=\"recomendadorV2Type\">\n                    <span>Nova lei<\/span>\n                <\/div>\n                <div class=\"recomendadorV2Title\">\n                <h2><span>Trabalho em feriados muda tudo \u2696\ufe0f<\/span><\/h2>\n                <\/div>\n                <div class=\"recomendadorV2Desc\">\n                <span>Veja o que muda nas regras de trabalho aos domingos<\/span>\n                <\/div>\n                <div class=\"recomendadorV2Button\">Entenda as novas regras<\/div>\n                <div class=\"recomendadorV2Alert\"><\/div>\n            <\/div>\n            <\/div>\n        <\/a>\n        <div>\n            <div style=\"z-index:99999;\" id=\"buttonClose\" onclick=\"closeRecomendadorFixed()\">\n            <div class=\"recomendadorCloseFixed\">X<\/div>\n            <\/div>\n            <a href=\"https:\/\/diariodepernambuco.com.br\/dpmais\/novas-regras-de-trabalho-nos-domingos-e-feriados-surpreende-trabalhadores\/?utm_source=lazy\" target=\"_blank\" rel=\"noopener\">\n            <div class=\"recomendadorFixedArea\">\n                <div id=\"recomendadorFixed\">\n                <div class=\"recomendadorLeftArea\">\n                    <div class=\"recomendadorImgFixed\">\n                    <img class=\"lazyload\" decoding=\"async\" src=\"https:\/\/diariodepernambuco.audiencelabs.com.br\/wp-content\/uploads\/2025\/11\/trabalho.jpg\" alt=\"\">\n                    <\/div>\n                <\/div>\n                <div class=\"recomendadorRightArea\">\n                    <div class=\"recomendadorTitleFixed\">\n                    <h2><span>Trabalho em feriados muda tudo \u2696\ufe0f<\/span><\/h2>\n                    <\/div>\n                    <div class=\"recomendadorButtonFixed\">Entenda as novas regras<\/div>\n                    <div class=\"recomendadorAlertFixed\"><\/div>\n                <\/div>\n                <\/div>\n            <\/div>\n            <\/a>\n        <\/div>\n        <\/div>\n\n\n\n<p>O feriado em quest\u00e3o \u00e9 o Dia da Consci\u00eancia Negra, celebrado em 20 de novembro. A data marca a morte de Zumbi dos Palmares, l\u00edder do Quilombo dos Palmares e s\u00edmbolo da luta contra a escravid\u00e3o no Brasil colonial. <\/p>\n\n\n\n<p>Embora j\u00e1 fosse comemorado em diversos estados e munic\u00edpios, foi apenas em dezembro de 2023 que passou a integrar oficialmente o calend\u00e1rio de feriados nacionais, ap\u00f3s a san\u00e7\u00e3o da <a href=\"https:\/\/www.planalto.gov.br\/ccivil_03\/_ato2023-2026\/2023\/lei\/l14759.htm\" target=\"_blank\" rel=\"noopener\"><strong>Lei n\u00ba 14.759<\/strong><\/a> pelo presidente Luiz In\u00e1cio Lula da Silva (PT). <\/p>\n\n\n\n<p>Desde ent\u00e3o, o 20 de novembro \u00e9 reconhecido em todo o pa\u00eds como uma data para reflex\u00e3o sobre a igualdade racial e o combate ao racismo estrutural.<\/p>\n\n\n\n<p>Por cair numa quinta-feira em 2025, o feriado traz consigo a possibilidade de um raro descanso prolongado, caso as empresas optem por liberar os funcion\u00e1rios tamb\u00e9m na sexta-feira. <\/p>\n\n\n\n<p>No entanto, \u00e9 muito importante destacar que essa decis\u00e3o cabe a cada empregador, j\u00e1 que a chamada \u201cemenda\u201d n\u00e3o \u00e9 obrigat\u00f3ria por lei, e portanto, \u00e9 necess\u00e1rio verificar na empresa se a emenda ser\u00e1 concedida.<\/p>\n\n\n\n<h3 class=\"wp-block-heading\">O que funciona no feriado do Dia da Consci\u00eancia Negra?<\/h3>\n\n\n\n<p>Em rela\u00e7\u00e3o ao funcionamento de servi\u00e7os, o impacto do feriado ser\u00e1 sentido de forma distinta em cada setor. <\/p>\n\n\n\n<p>\u00d3rg\u00e3os p\u00fablicos costumam suspender ou reduzir suas atividades, enquanto bancos devem manter as portas fechadas, transferindo atendimentos e transa\u00e7\u00f5es para o dia \u00fatil seguinte. <\/p>\n\n\n\n<p>J\u00e1 no com\u00e9rcio, tudo depende de acordos trabalhistas. Lojas e shoppings podem funcionar normalmente, desde que respeitem as regras previstas em conven\u00e7\u00f5es coletivas, o que inclui pagamento adicional ou concess\u00e3o de folga compensat\u00f3ria aos funcion\u00e1rios.<\/p>\n\n\n\n<p>Servi\u00e7os considerados essenciais, como os de sa\u00fade, transporte p\u00fablico e seguran\u00e7a, seguem operando, geralmente com equipes de plant\u00e3o. <\/p>\n\n\n\n<p>Por isso, \u00e9 fundamental que trabalhadores confirmem com anteced\u00eancia se ter\u00e3o direito \u00e0 folga ou se precisar\u00e3o trabalhar, uma vez que a decis\u00e3o final est\u00e1 nas m\u00e3os dos empregadores.<\/p>\n\n\n\n<p>Ap\u00f3s esse feriado, o <a href=\"https:\/\/diariodepernambuco.com.br\/dpmais\/lei-em-vigor-traz-otima-noticia-sobre-feriado-prolongado-no-brasil\/\" target=\"_blank\" rel=\"noopener\"><strong>pr\u00f3ximo de 2025 <\/strong><\/a>deve acontecer somente no Natal.<\/p>\n","protected":false},"excerpt":{"rendered":"<p>Ainda neste m\u00eas de novembro, um feriado considerado &#8220;novo&#8221; por grande parte da popula\u00e7\u00e3o brasileira pode surpreender quem n\u00e3o est\u00e1 atento ao calend\u00e1rio. A data, que se tornou oficialmente feriado nacional h\u00e1 pouco tempo, promete alterar a rotina de muitos trabalhadores e abrir espa\u00e7o para um descanso prolongado. Como neste ano ela cai em uma [&hellip;]<\/p>\n","protected":false},"author":12,"featured_media":8647,"comment_status":"open","ping_status":"open","sticky":false,"template":"","format":"standard","meta":{"jnews-multi-image_gallery":[],"jnews_single_post":{"format":"standard"},"jnews_primary_category":[],"jnews_social_meta":[],"jnews_post_split":[],"footnotes":""},"categories":[1],"tags":[],"class_list":["post-8646","post","type-post","status-publish","format-standard","has-post-thumbnail","hentry","category-uncategorized"],"_links":{"self":[{"href":"https:\/\/diariodepernambuco.audiencelabs.com.br\/wp-json\/wp\/v2\/posts\/8646","targetHints":{"allow":["GET"]}}],"collection":[{"href":"https:\/\/diariodepernambuco.audiencelabs.com.br\/wp-json\/wp\/v2\/posts"}],"about":[{"href":"https:\/\/diariodepernambuco.audiencelabs.com.br\/wp-json\/wp\/v2\/types\/post"}],"author":[{"embeddable":true,"href":"https:\/\/diariodepernambuco.audiencelabs.com.br\/wp-json\/wp\/v2\/users\/12"}],"replies":[{"embeddable":true,"href":"https:\/\/diariodepernambuco.audiencelabs.com.br\/wp-json\/wp\/v2\/comments?post=8646"}],"version-history":[{"count":4,"href":"https:\/\/diariodepernambuco.audiencelabs.com.br\/wp-json\/wp\/v2\/posts\/8646\/revisions"}],"predecessor-version":[{"id":8899,"href":"https:\/\/diariodepernambuco.audiencelabs.com.br\/wp-json\/wp\/v2\/posts\/8646\/revisions\/8899"}],"wp:featuredmedia":[{"embeddable":true,"href":"https:\/\/diariodepernambuco.audiencelabs.com.br\/wp-json\/wp\/v2\/media\/8647"}],"wp:attachment":[{"href":"https:\/\/diariodepernambuco.audiencelabs.com.br\/wp-json\/wp\/v2\/media?parent=8646"}],"wp:term":[{"taxonomy":"category","embeddable":true,"href":"https:\/\/diariodepernambuco.audiencelabs.com.br\/wp-json\/wp\/v2\/categories?post=8646"},{"taxonomy":"post_tag","embeddable":true,"href":"https:\/\/diariodepernambuco.audiencelabs.com.br\/wp-json\/wp\/v2\/tags?post=8646"}],"curies":[{"name":"wp","href":"https:\/\/api.w.org\/{rel}","templated":true}]}}