{"id":8649,"date":"2025-11-10T10:22:34","date_gmt":"2025-11-10T13:22:34","guid":{"rendered":"https:\/\/diariodepernambuco.audiencelabs.com.br\/?p=8649"},"modified":"2025-11-10T13:19:52","modified_gmt":"2025-11-10T16:19:52","slug":"lugar-habitado-por-indigenas-no-brasil-que-poucos-sabem-chove-ouro-e-virou-uma-mina-de-dinheiro","status":"publish","type":"post","link":"https:\/\/diariodepernambuco.audiencelabs.com.br\/lugar-habitado-por-indigenas-no-brasil-que-poucos-sabem-chove-ouro-e-virou-uma-mina-de-dinheiro\/","title":{"rendered":"Lugar habitado por ind\u00edgenas no Brasil chove ouro e virou uma mina de dinheiro"},"content":{"rendered":"\n<p>Com a recente onda de instabilidade econ\u00f4mica global provocada pelo aumento de tarifas imposto por Donald Trump a diversos pa\u00edses, incluindo o Brasil, investidores do mundo todo est\u00e3o voltando sua aten\u00e7\u00e3o para o ouro, que \u00e9 um ativo tradicionalmente visto como <a href=\"https:\/\/diariodepernambuco.com.br\/dpmais\/metal-precioso-cabe-na-palma-da-mao-e-vale-mais-que-um-carro-popular-no-brasil\/\" target=\"_blank\" rel=\"noopener\"><strong>porto seguro em tempos de crise<\/strong><\/a>. <\/p>\n\n\n\n<p>N\u00e3o \u00e0 toa a cota\u00e7\u00e3o do metal disparou nos \u00faltimos meses, impulsionada pela incerteza nos mercados e pela busca por ativos tang\u00edveis. <\/p>\n\n\n\n<p>Esse cen\u00e1rio tem um reflexo direto e preocupante no Brasil, onde uma \u00e1rea ind\u00edgena remota e pouco conhecida do grande p\u00fablico, rica em ouro, tornou-se alvo da minera\u00e7\u00e3o ilegal, pr\u00e1tica proibida, mas altamente lucrativa.<\/p>\n\n\n\n<h2 class=\"wp-block-heading\">Lugar habitado por ind\u00edgenas no Brasil que poucos sabem chove ouro e virou uma mina de dinheiro<\/h2>\n\n\n<style>@media (min-width: 992px) {\n    .recomendadorV2Area1 {\n        width: 280px;\n    }\n    .recomendadorV2Area2 {\n        padding: 0px 20px;\n        width: calc(100% - 280px);\n    }\n}\n\n@media (max-width: 992px) {\n    .recomendadorV2Button {\n        margin: 0 auto;\n    }\n    .recomendadorV2Area {\n        flex-direction: column;\n        text-align: center;\n    }\n    .recomendadorV2Area2 {\n        padding: 0px 20px;\n    }\n}\n\n.recomendadorV2Area {\n    background: #eeeeee3d;\n    border-radius: 10px;\n    padding: 15px;\n    display: flex;\n    margin: 15px auto;\n    border: 1px solid #00000014;\n    max-width: 800px;\n}\n\n.recomendadorV2Area1 img {\n    width: 280px;\n    height: auto;\n    border-radius: 8px;\n}\n\n.linkrecomendadorv2 {\n    text-decoration: none !important;\n}\n\n.recomendadorV2Area2 .recomendadorV2Type {\n    text-transform: uppercase;\n    font-weight: 500;\n    font-size: 11px;\n    letter-spacing: 2px;\n    color: #666;\n    margin: 12px 0;\n    display: block;\n}\n\n.recomendadorV2Title h2 {\n    padding-top: 0px !important;\n    margin: 0px !important;\n    border-left: none !important;\n    padding-left: 0px !important;\n    line-height: 1.3;\n    color: #000 !important;\n    font-size: 24px;\n    margin-bottom: 12px !important;\n}\n\n.recomendadorV2Desc {\n    color: #333;\n    margin: 12px 0px !important;\n    font-size: 15px;\n    line-height: 1.5;\n}\n\n.recomendadorV2Button {\n    width: auto;\n    max-width: 200px;\n    margin: 0;\n    display: inline-flex;\n    align-items: center;\n    background: #1D3557;\n    border-radius: 8px;\n    color: #fff;\n    height: 36px;\n    justify-content: center;\n    text-align: center;\n    font-size: 14px;\n    padding: 0 20px;\n    transition: background-color 0.2s ease;\n}\n\n.recomendadorV2Button:hover {\n    background: #2a4d7a;\n}\n\n.recomendadorV2Button:after {\n    margin-top: -2px;\n    content: \"\u2192\";\n    padding: 0px 0px 0px 8px;\n}\n\n.recomendadorV2Alert {\n    text-align: left;\n    font-size: 11px;\n    margin-top: 8px;\n    color: #666;\n}\n\n.recomendadorFixedArea {\n    width: 100%;\n    display: flex;\n    justify-content: center;\n    align-items: center;\n}\n\n@media (min-width: 992px) {\n    #recomendadorFixed {\n        width: 32% !important;\n        left: 5%;\n    }\n    .recomendadorCloseFixed{\n        right: inherit !important;\n        left: 378px !important;\n    }\n}\n\n#recomendadorFixed {\n    width: 90%;\n    box-shadow: 0 10px 20px 0px #00000057;\n    display: none;\n    height: 90px;\n    background: #F6F6F6;\n    position: fixed;\n    flex-direction: row;\n    bottom: 10px;\n    z-index: 9999;\n    border-radius: 16px;\n    padding: 7px 10px;\n}\n\n.recomendadorLeftArea {\n    width: 160px;\n}\n\n.recomendadorRightArea h2 {\n    padding-top: 0px;\n    margin: 2px 0px 4px 0px !important;\n    font-weight: 400;\n    text-align: center;\n    padding-left: 0px !important;\n    color: #000 !important;\n    border-left: none !important;\n    line-height: 20px;\n    font-size: 12px !important;\n}\n\n.recomendadorImgFixed {\n    overflow: hidden;\n    padding: 8px 6px;\n    height: 100%;\n}\n\n.recomendadorImgFixed img {\n    height: 100% !important;\n    border-radius: 16px;\n}\n\n.recomendadorRightArea {\n    padding-top: 6px;\n    display: flex;\n    width: calc(100% - 130px);\n    justify-content: space-between;\n    align-items: center;\n    flex-direction: column;\n}\n\n.recomendadorButtonFixed {\n    margin: 0 auto;\n    background: #1D3557;\n    width: 80%;\n    text-align: center;\n    font-size: 10px;\n    color: #FFF;\n    padding: 2px 10px;\n    border-radius: 3px;\n}\n\n.recomendadorButtonFixed:after {\n    margin-top: -3px;\n    content: \"\u2192\";\n    padding: 0px 0px 0px 10px;\n}\n\n.recomendadorAlertFixed {\n    font-weight: 400;\n    text-align: center;\n    color: #484848;\n    font-size: 8px;\n}\n\n.recomendadorCloseFixed {\n    z-index: 99999;\n    display: none;\n    right: 0px;\n    left: inherit;\n    bottom: 99px;\n    position: fixed;\n    justify-content: center;\n    background: #F6F6F6;\n    width: 25px;\n    align-items: center;\n    height: 25px;\n    font-weight: 800;\n    border-radius: 50%;\n    border: 1px solid #EBEBEB;\n}\n\n.recomendadorV2Desc{\n    color: #000000;\n    margin: 20px 0px;\n}\n\n@media (max-width: 576px) {\n    .recomendadorV2Area {\n      padding: 10px;\n      max-width: 100%;\n    }\n  \n    .recomendadorV2Area1 img {\n      width: 100%;\n      border-radius: 6px;\n    }\n  \n    .recomendadorV2Area2 .recomendadorV2Type {\n      font-size: 9px;\n      letter-spacing: 1px;\n      margin: 8px 0;\n    }\n  \n    .recomendadorV2Title h2 {\n      font-size: 18px !important;\n      margin-bottom: 8px !important;\n      line-height: 1.2;\n    }\n  \n    .recomendadorV2Desc {\n      font-size: 14px;\n      margin: 8px 0 !important;\n      line-height: 1.4;\n    }\n  \n    .recomendadorV2Button {\n      font-size: 12px;\n      height: 30px;\n      padding: 0 12px;\n      max-width: 160px;\n    }\n  \n    .recomendadorV2Button:after {\n      padding-left: 6px;\n    }\n  }\n  <\/style>\n        <div class=\"lazyblock-recomendador-v2-2jDGz wp-block-lazyblock-recomendador-v2\">\n        <a class=\"linkrecomendadorv2\" href=\"https:\/\/diariodepernambuco.com.br\/dpmais\/floresta-misteriosa-do-brasil-que-quase-ninguem-conhece-esconde-uma-cidade-perdida\/?utm_source=lazy\" target=\"_blank\" rel=\"noopener\">\n            <div class=\"recomendadorV2Area\">\n            <div class=\"recomendadorV2Area1\">\n                <div class=\"recomendadorV2Img\">\n                <img class=\"lazyloaded\" decoding=\"async\" src=\"https:\/\/diariodepernambuco.audiencelabs.com.br\/wp-content\/uploads\/2025\/11\/Serra-do-Roncador.jpg\" data-src=\"https:\/\/diariodepernambuco.audiencelabs.com.br\/wp-content\/uploads\/2025\/11\/Serra-do-Roncador.jpg\" alt=\"\">\n                <\/div>\n            <\/div>\n            <div class=\"recomendadorV2Area2\">\n                <div class=\"recomendadorV2Type\">\n                    <span>Selva desconhecida<\/span>\n                <\/div>\n                <div class=\"recomendadorV2Title\">\n                <h2><span>Cidade perdida na floresta \ud83c\udf32<\/span><\/h2>\n                <\/div>\n                <div class=\"recomendadorV2Desc\">\n                <span>Floresta misteriosa esconde ru\u00ednas no Brasil<\/span>\n                <\/div>\n                <div class=\"recomendadorV2Button\">Explorar agora<\/div>\n                <div class=\"recomendadorV2Alert\"><\/div>\n            <\/div>\n            <\/div>\n        <\/a>\n        <div>\n            <div style=\"z-index:99999;\" id=\"buttonClose\" onclick=\"closeRecomendadorFixed()\">\n            <div class=\"recomendadorCloseFixed\">X<\/div>\n            <\/div>\n            <a href=\"https:\/\/diariodepernambuco.com.br\/dpmais\/floresta-misteriosa-do-brasil-que-quase-ninguem-conhece-esconde-uma-cidade-perdida\/?utm_source=lazy\" target=\"_blank\" rel=\"noopener\">\n            <div class=\"recomendadorFixedArea\">\n                <div id=\"recomendadorFixed\">\n                <div class=\"recomendadorLeftArea\">\n                    <div class=\"recomendadorImgFixed\">\n                    <img class=\"lazyload\" decoding=\"async\" src=\"https:\/\/diariodepernambuco.audiencelabs.com.br\/wp-content\/uploads\/2025\/11\/Serra-do-Roncador.jpg\" alt=\"\">\n                    <\/div>\n                <\/div>\n                <div class=\"recomendadorRightArea\">\n                    <div class=\"recomendadorTitleFixed\">\n                    <h2><span>Cidade perdida na floresta \ud83c\udf32<\/span><\/h2>\n                    <\/div>\n                    <div class=\"recomendadorButtonFixed\">Explorar agora<\/div>\n                    <div class=\"recomendadorAlertFixed\"><\/div>\n                <\/div>\n                <\/div>\n            <\/div>\n            <\/a>\n        <\/div>\n        <\/div>\n\n\n\n<p>Essa terra \u00e9 a Terra Ind\u00edgena Yanomami, localizada entre os estados de Roraima e Amazonas. Trata-se de um dos maiores territ\u00f3rios ind\u00edgenas do pa\u00eds, com uma popula\u00e7\u00e3o estimada de 30 mil ind\u00edgenas. <\/p>\n\n\n\n<p>Pela lei brasileira, \u00e9 terminantemente proibida qualquer atividade de minera\u00e7\u00e3o em \u00e1reas ind\u00edgenas sem autoriza\u00e7\u00e3o espec\u00edfica do Congresso Nacional e consulta pr\u00e9via \u00e0s comunidades afetadas. <\/p>\n\n\n\n<p>Ainda assim, h\u00e1 anos a regi\u00e3o sofre com a invas\u00e3o de garimpeiros ilegais, que exploram o subsolo em busca do ouro escondido sob a floresta.<\/p>\n\n\n\n<p>O processo \u00e9 complexo, mas bem articulado. O ouro retirado da Terra Yanomami \u00e9 vendido por garimpeiros ou atravessadores como se tivesse sido extra\u00eddo de outras \u00e1reas legalizadas, utilizando documentos como Permiss\u00f5es de Lavra Garimpeira (PLGs), obtidas em locais distintos. <\/p>\n\n\n\n<p>Isso \u00e9 poss\u00edvel porque, pela legisla\u00e7\u00e3o atual, n\u00e3o h\u00e1 exig\u00eancia de comprova\u00e7\u00e3o material sobre a origem do ouro. Basta uma autodeclara\u00e7\u00e3o. <\/p>\n\n\n\n<p>As Distribuidoras de T\u00edtulos e Valores Mobili\u00e1rios (DTVMs), autorizadas a comprar e revender o metal, n\u00e3o s\u00e3o obrigadas a verificar se o min\u00e9rio veio de uma fonte legal. <\/p>\n\n\n\n<p>Esse v\u00e1cuo legal permite que o ouro ilegal &#8220;entre limpo&#8221; no sistema financeiro e siga at\u00e9 joalherias, bancos e investidores do mercado formal.<\/p>\n\n\n\n<h3 class=\"wp-block-heading\">Explora\u00e7\u00e3o ilegal de ouro causa problemas ambientais e prejudica povos ind\u00edgenas<\/h3>\n\n\n\n<p>Enquanto isso, a explora\u00e7\u00e3o ilegal causa devasta\u00e7\u00e3o ambiental, contamina rios com merc\u00fario e amea\u00e7a a sa\u00fade dos povos origin\u00e1rios. <\/p>\n\n\n\n<p>As consequ\u00eancias v\u00e3o al\u00e9m da floresta: alimentam uma cadeia de crimes que inclui lavagem de dinheiro, corrup\u00e7\u00e3o e viol\u00eancia armada contra os ind\u00edgenas locais.<\/p>\n\n\n\n<p>Nos \u00faltimos anos, o Governo Federal tem intensificado as a\u00e7\u00f5es de combate \u00e0 minera\u00e7\u00e3o ilegal em terras protegidas. Uma das principais frentes \u00e9 a <a href=\"https:\/\/www.gov.br\/casacivil\/pt-br\/casa-de-governo-yanomami\" target=\"_blank\" rel=\"noopener\"><strong>Casa de Governo em Roraima<\/strong><\/a>, que coordena opera\u00e7\u00f5es com o apoio de mais de 20 minist\u00e9rios e \u00f3rg\u00e3os federais. <\/p>\n\n\n\n<p>Desde 2024, essas a\u00e7\u00f5es resultaram em mais de 7.400 fiscaliza\u00e7\u00f5es, incluindo o fechamento de pistas clandestinas de pouso e a aplica\u00e7\u00e3o de multas milion\u00e1rias. <\/p>\n\n\n\n<p>Apenas em 2025, j\u00e1 foram apreendidos mais de 150 quilos de ouro de origem suspeita, totalizando um preju\u00edzo superior a R$ 100 milh\u00f5es para as organiza\u00e7\u00f5es criminosas.<\/p>\n\n\n\n<h3 class=\"wp-block-heading\">Lei no Brasil precisa mudar para proteger terras ind\u00edgenas<\/h3>\n\n\n\n<p>Apesar desses avan\u00e7os, especialistas alertam que o verdadeiro gargalo est\u00e1 na legisla\u00e7\u00e3o. <\/p>\n\n\n\n<p>Enquanto a lei permitir que a origem do ouro seja determinada apenas por autodeclara\u00e7\u00e3o, o ciclo da ilegalidade continuar\u00e1 girando. <\/p>\n\n\n\n<p>Para romper essa cadeia, ser\u00e1 necess\u00e1rio mudar as regras do jogo, exigindo rastreabilidade, fiscaliza\u00e7\u00e3o eficiente e puni\u00e7\u00e3o exemplar para quem lucra com a destrui\u00e7\u00e3o de territ\u00f3rios protegidos.<\/p>\n","protected":false},"excerpt":{"rendered":"<p>Com a recente onda de instabilidade econ\u00f4mica global provocada pelo aumento de tarifas imposto por Donald Trump a diversos pa\u00edses, incluindo o Brasil, investidores do mundo todo est\u00e3o voltando sua aten\u00e7\u00e3o para o ouro, que \u00e9 um ativo tradicionalmente visto como porto seguro em tempos de crise. N\u00e3o \u00e0 toa a cota\u00e7\u00e3o do metal disparou [&hellip;]<\/p>\n","protected":false},"author":12,"featured_media":8650,"comment_status":"open","ping_status":"open","sticky":false,"template":"","format":"standard","meta":{"jnews-multi-image_gallery":[],"jnews_single_post":{"format":"standard"},"jnews_primary_category":[],"jnews_social_meta":[],"jnews_post_split":[],"footnotes":""},"categories":[1],"tags":[],"class_list":["post-8649","post","type-post","status-publish","format-standard","has-post-thumbnail","hentry","category-uncategorized"],"_links":{"self":[{"href":"https:\/\/diariodepernambuco.audiencelabs.com.br\/wp-json\/wp\/v2\/posts\/8649","targetHints":{"allow":["GET"]}}],"collection":[{"href":"https:\/\/diariodepernambuco.audiencelabs.com.br\/wp-json\/wp\/v2\/posts"}],"about":[{"href":"https:\/\/diariodepernambuco.audiencelabs.com.br\/wp-json\/wp\/v2\/types\/post"}],"author":[{"embeddable":true,"href":"https:\/\/diariodepernambuco.audiencelabs.com.br\/wp-json\/wp\/v2\/users\/12"}],"replies":[{"embeddable":true,"href":"https:\/\/diariodepernambuco.audiencelabs.com.br\/wp-json\/wp\/v2\/comments?post=8649"}],"version-history":[{"count":3,"href":"https:\/\/diariodepernambuco.audiencelabs.com.br\/wp-json\/wp\/v2\/posts\/8649\/revisions"}],"predecessor-version":[{"id":8774,"href":"https:\/\/diariodepernambuco.audiencelabs.com.br\/wp-json\/wp\/v2\/posts\/8649\/revisions\/8774"}],"wp:featuredmedia":[{"embeddable":true,"href":"https:\/\/diariodepernambuco.audiencelabs.com.br\/wp-json\/wp\/v2\/media\/8650"}],"wp:attachment":[{"href":"https:\/\/diariodepernambuco.audiencelabs.com.br\/wp-json\/wp\/v2\/media?parent=8649"}],"wp:term":[{"taxonomy":"category","embeddable":true,"href":"https:\/\/diariodepernambuco.audiencelabs.com.br\/wp-json\/wp\/v2\/categories?post=8649"},{"taxonomy":"post_tag","embeddable":true,"href":"https:\/\/diariodepernambuco.audiencelabs.com.br\/wp-json\/wp\/v2\/tags?post=8649"}],"curies":[{"name":"wp","href":"https:\/\/api.w.org\/{rel}","templated":true}]}}