{"id":8654,"date":"2025-11-10T11:02:52","date_gmt":"2025-11-10T14:02:52","guid":{"rendered":"https:\/\/diariodepernambuco.audiencelabs.com.br\/?p=8654"},"modified":"2025-11-10T13:19:18","modified_gmt":"2025-11-10T16:19:18","slug":"praia-brasileira-vive-cheia-apenas-nas-ferias-e-se-torne-quase-fantasma-durante-o-ano","status":"publish","type":"post","link":"https:\/\/diariodepernambuco.audiencelabs.com.br\/praia-brasileira-vive-cheia-apenas-nas-ferias-e-se-torne-quase-fantasma-durante-o-ano\/","title":{"rendered":"Praia brasileira vive cheia apenas nas f\u00e9rias e se torna quase fantasma durante o ano"},"content":{"rendered":"\n<p>Em uma das cidades mais visitadas do Brasil, um pequeno ref\u00fagio \u00e0 beira-mar vive uma rotina inusitada: nos meses de f\u00e9rias, \u00e9 tomado por banhistas e embarca\u00e7\u00f5es de luxo; no restante do ano, retorna ao sil\u00eancio, como se fosse esquecida. <\/p>\n\n\n\n<p>O movimento sazonal faz dessa praia quase um segredo, conhecido apenas por locais e por alguns turistas dispostos a explorar al\u00e9m do \u00f3bvio. <\/p>\n\n\n\n<p>E para quem prefere calmaria, esse \u00e9 um <a href=\"https:\/\/diariodepernambuco.com.br\/dpmais\/praia-brasileira-que-poucos-conhecem-faz-o-mar-brilhar-a-noite-igual-cena-de-filme\/\" target=\"_blank\" rel=\"noopener\"><strong>destino<\/strong><\/a> quase perfeito, escondido, tranquilo e cercado por natureza preservada.<\/p>\n\n\n\n<h2 class=\"wp-block-heading\">Praia brasileira vive cheia apenas nas f\u00e9rias e se torne quase fantasma durante o ano<\/h2>\n\n\n<style>@media (min-width: 992px) {\n    .recomendadorV2Area1 {\n        width: 280px;\n    }\n    .recomendadorV2Area2 {\n        padding: 0px 20px;\n        width: calc(100% - 280px);\n    }\n}\n\n@media (max-width: 992px) {\n    .recomendadorV2Button {\n        margin: 0 auto;\n    }\n    .recomendadorV2Area {\n        flex-direction: column;\n        text-align: center;\n    }\n    .recomendadorV2Area2 {\n        padding: 0px 20px;\n    }\n}\n\n.recomendadorV2Area {\n    background: #eeeeee3d;\n    border-radius: 10px;\n    padding: 15px;\n    display: flex;\n    margin: 15px auto;\n    border: 1px solid #00000014;\n    max-width: 800px;\n}\n\n.recomendadorV2Area1 img {\n    width: 280px;\n    height: auto;\n    border-radius: 8px;\n}\n\n.linkrecomendadorv2 {\n    text-decoration: none !important;\n}\n\n.recomendadorV2Area2 .recomendadorV2Type {\n    text-transform: uppercase;\n    font-weight: 500;\n    font-size: 11px;\n    letter-spacing: 2px;\n    color: #666;\n    margin: 12px 0;\n    display: block;\n}\n\n.recomendadorV2Title h2 {\n    padding-top: 0px !important;\n    margin: 0px !important;\n    border-left: none !important;\n    padding-left: 0px !important;\n    line-height: 1.3;\n    color: #000 !important;\n    font-size: 24px;\n    margin-bottom: 12px !important;\n}\n\n.recomendadorV2Desc {\n    color: #333;\n    margin: 12px 0px !important;\n    font-size: 15px;\n    line-height: 1.5;\n}\n\n.recomendadorV2Button {\n    width: auto;\n    max-width: 200px;\n    margin: 0;\n    display: inline-flex;\n    align-items: center;\n    background: #1D3557;\n    border-radius: 8px;\n    color: #fff;\n    height: 36px;\n    justify-content: center;\n    text-align: center;\n    font-size: 14px;\n    padding: 0 20px;\n    transition: background-color 0.2s ease;\n}\n\n.recomendadorV2Button:hover {\n    background: #2a4d7a;\n}\n\n.recomendadorV2Button:after {\n    margin-top: -2px;\n    content: \"\u2192\";\n    padding: 0px 0px 0px 8px;\n}\n\n.recomendadorV2Alert {\n    text-align: left;\n    font-size: 11px;\n    margin-top: 8px;\n    color: #666;\n}\n\n.recomendadorFixedArea {\n    width: 100%;\n    display: flex;\n    justify-content: center;\n    align-items: center;\n}\n\n@media (min-width: 992px) {\n    #recomendadorFixed {\n        width: 32% !important;\n        left: 5%;\n    }\n    .recomendadorCloseFixed{\n        right: inherit !important;\n        left: 378px !important;\n    }\n}\n\n#recomendadorFixed {\n    width: 90%;\n    box-shadow: 0 10px 20px 0px #00000057;\n    display: none;\n    height: 90px;\n    background: #F6F6F6;\n    position: fixed;\n    flex-direction: row;\n    bottom: 10px;\n    z-index: 9999;\n    border-radius: 16px;\n    padding: 7px 10px;\n}\n\n.recomendadorLeftArea {\n    width: 160px;\n}\n\n.recomendadorRightArea h2 {\n    padding-top: 0px;\n    margin: 2px 0px 4px 0px !important;\n    font-weight: 400;\n    text-align: center;\n    padding-left: 0px !important;\n    color: #000 !important;\n    border-left: none !important;\n    line-height: 20px;\n    font-size: 12px !important;\n}\n\n.recomendadorImgFixed {\n    overflow: hidden;\n    padding: 8px 6px;\n    height: 100%;\n}\n\n.recomendadorImgFixed img {\n    height: 100% !important;\n    border-radius: 16px;\n}\n\n.recomendadorRightArea {\n    padding-top: 6px;\n    display: flex;\n    width: calc(100% - 130px);\n    justify-content: space-between;\n    align-items: center;\n    flex-direction: column;\n}\n\n.recomendadorButtonFixed {\n    margin: 0 auto;\n    background: #1D3557;\n    width: 80%;\n    text-align: center;\n    font-size: 10px;\n    color: #FFF;\n    padding: 2px 10px;\n    border-radius: 3px;\n}\n\n.recomendadorButtonFixed:after {\n    margin-top: -3px;\n    content: \"\u2192\";\n    padding: 0px 0px 0px 10px;\n}\n\n.recomendadorAlertFixed {\n    font-weight: 400;\n    text-align: center;\n    color: #484848;\n    font-size: 8px;\n}\n\n.recomendadorCloseFixed {\n    z-index: 99999;\n    display: none;\n    right: 0px;\n    left: inherit;\n    bottom: 99px;\n    position: fixed;\n    justify-content: center;\n    background: #F6F6F6;\n    width: 25px;\n    align-items: center;\n    height: 25px;\n    font-weight: 800;\n    border-radius: 50%;\n    border: 1px solid #EBEBEB;\n}\n\n.recomendadorV2Desc{\n    color: #000000;\n    margin: 20px 0px;\n}\n\n@media (max-width: 576px) {\n    .recomendadorV2Area {\n      padding: 10px;\n      max-width: 100%;\n    }\n  \n    .recomendadorV2Area1 img {\n      width: 100%;\n      border-radius: 6px;\n    }\n  \n    .recomendadorV2Area2 .recomendadorV2Type {\n      font-size: 9px;\n      letter-spacing: 1px;\n      margin: 8px 0;\n    }\n  \n    .recomendadorV2Title h2 {\n      font-size: 18px !important;\n      margin-bottom: 8px !important;\n      line-height: 1.2;\n    }\n  \n    .recomendadorV2Desc {\n      font-size: 14px;\n      margin: 8px 0 !important;\n      line-height: 1.4;\n    }\n  \n    .recomendadorV2Button {\n      font-size: 12px;\n      height: 30px;\n      padding: 0 12px;\n      max-width: 160px;\n    }\n  \n    .recomendadorV2Button:after {\n      padding-left: 6px;\n    }\n  }\n  <\/style>\n        <div class=\"lazyblock-recomendador-v2-2jDGz wp-block-lazyblock-recomendador-v2\">\n        <a class=\"linkrecomendadorv2\" href=\"https:\/\/diariodepernambuco.com.br\/dpmais\/lugar-habitado-por-indigenas-no-brasil-que-poucos-sabem-chove-ouro-e-virou-uma-mina-de-dinheiro\/?utm_source=lazy\" target=\"_blank\" rel=\"noopener\">\n            <div class=\"recomendadorV2Area\">\n            <div class=\"recomendadorV2Area1\">\n                <div class=\"recomendadorV2Img\">\n                <img class=\"lazyloaded\" decoding=\"async\" src=\"https:\/\/diariodepernambuco.audiencelabs.com.br\/wp-content\/uploads\/2025\/11\/ouro.jpg\" data-src=\"https:\/\/diariodepernambuco.audiencelabs.com.br\/wp-content\/uploads\/2025\/11\/ouro.jpg\" alt=\"\">\n                <\/div>\n            <\/div>\n            <div class=\"recomendadorV2Area2\">\n                <div class=\"recomendadorV2Type\">\n                    <span>Tesouro oculto<\/span>\n                <\/div>\n                <div class=\"recomendadorV2Title\">\n                <h2><span>Chove ouro em aldeia brasileira \ud83d\udcb0<\/span><\/h2>\n                <\/div>\n                <div class=\"recomendadorV2Desc\">\n                <span>Descubra o lugar que virou mina de riqueza<\/span>\n                <\/div>\n                <div class=\"recomendadorV2Button\">Saiba onde fica<\/div>\n                <div class=\"recomendadorV2Alert\"><\/div>\n            <\/div>\n            <\/div>\n        <\/a>\n        <div>\n            <div style=\"z-index:99999;\" id=\"buttonClose\" onclick=\"closeRecomendadorFixed()\">\n            <div class=\"recomendadorCloseFixed\">X<\/div>\n            <\/div>\n            <a href=\"https:\/\/diariodepernambuco.com.br\/dpmais\/lugar-habitado-por-indigenas-no-brasil-que-poucos-sabem-chove-ouro-e-virou-uma-mina-de-dinheiro\/?utm_source=lazy\" target=\"_blank\" rel=\"noopener\">\n            <div class=\"recomendadorFixedArea\">\n                <div id=\"recomendadorFixed\">\n                <div class=\"recomendadorLeftArea\">\n                    <div class=\"recomendadorImgFixed\">\n                    <img class=\"lazyload\" decoding=\"async\" src=\"https:\/\/diariodepernambuco.audiencelabs.com.br\/wp-content\/uploads\/2025\/11\/ouro.jpg\" alt=\"\">\n                    <\/div>\n                <\/div>\n                <div class=\"recomendadorRightArea\">\n                    <div class=\"recomendadorTitleFixed\">\n                    <h2><span>Chove ouro em aldeia brasileira \ud83d\udcb0<\/span><\/h2>\n                    <\/div>\n                    <div class=\"recomendadorButtonFixed\">Saiba onde fica<\/div>\n                    <div class=\"recomendadorAlertFixed\"><\/div>\n                <\/div>\n                <\/div>\n            <\/div>\n            <\/a>\n        <\/div>\n        <\/div>\n\n\n\n<p>Essa joia discreta se chama Canajur\u00ea. Localizada no norte da ilha de <a href=\"https:\/\/www.pmf.sc.gov.br\/\" target=\"_blank\" rel=\"noopener\"><strong>Florian\u00f3polis (SC)<\/strong><\/a>, ela est\u00e1 aninhada entre as praias mais famosas da regi\u00e3o: Jurer\u00ea e Canasvieiras. <\/p>\n\n\n\n<p>Mesmo assim, muitos visitantes passam por perto sem sequer notar sua exist\u00eancia. <\/p>\n\n\n\n<p>E isso tem uma explica\u00e7\u00e3o: Canajur\u00ea n\u00e3o \u00e9 vis\u00edvel da estrada e seu acesso se d\u00e1 por uma trilha modesta, a partir do canto direito da praia de Jurer\u00ea Tradicional, logo depois do trapiche.<\/p>\n\n\n\n<p>A praia \u00e9 formada por seis pequenas enseadas, separadas por cost\u00f5es rochosos. As \u00e1guas, calmas e cristalinas, formam verdadeiras piscinas naturais, ideais para nadar ou simplesmente flutuar em sil\u00eancio. <\/p>\n\n\n\n<p>A areia fina e clara \u00e9 emoldurada por vegeta\u00e7\u00e3o nativa e pedras que criam um cen\u00e1rio de tranquilidade incomum nas praias urbanas. <\/p>\n\n\n\n<p>Com 300 metros de extens\u00e3o e faixas de areia que variam entre 5 e 15 metros de largura, o espa\u00e7o \u00e9 suficiente para quem busca sossego, mesmo nos dias mais cheios do ver\u00e3o.<\/p>\n\n\n\n<h3 class=\"wp-block-heading\">Praia oferece pouca estrutura, mas recompensa os turistas que fogem do \u00f3bvio<\/h3>\n\n\n\n<p>Chegar at\u00e9 l\u00e1 exige disposi\u00e7\u00e3o e um pouco de planejamento. A entrada fica na Servid\u00e3o Waldemar Medeiros, uma rua estreita com acesso limitado para carros. <\/p>\n\n\n\n<p>Durante o ver\u00e3o, estacionar pode ser um desafio, pois os poucos espa\u00e7os dispon\u00edveis, tanto p\u00fablicos quanto privados, costumam lotar cedo. <\/p>\n\n\n\n<p>N\u00e3o h\u00e1 bares ou restaurantes na praia, ent\u00e3o a recomenda\u00e7\u00e3o \u00e9 levar tudo: \u00e1gua, alimentos, guarda-sol e at\u00e9 sacolas para o lixo, j\u00e1 que o ambiente local deve permanecer sagrado.<\/p>\n\n\n\n<p>Mas o esfor\u00e7o \u00e9 compensado. Al\u00e9m do mar tranquilo, \u00e9 poss\u00edvel assistir a regatas coloridas durante o ano e, com sorte, avistar golfinhos no horizonte. Em frente \u00e0 praia, uma pequena ilha serve de cen\u00e1rio extra ao visual j\u00e1 encantador. <\/p>\n\n\n\n<p>Canajur\u00ea pode n\u00e3o estar nas capas de revistas, mas para quem descobre, vira ponto obrigat\u00f3rio.<\/p>\n","protected":false},"excerpt":{"rendered":"<p>Em uma das cidades mais visitadas do Brasil, um pequeno ref\u00fagio \u00e0 beira-mar vive uma rotina inusitada: nos meses de f\u00e9rias, \u00e9 tomado por banhistas e embarca\u00e7\u00f5es de luxo; no restante do ano, retorna ao sil\u00eancio, como se fosse esquecida. O movimento sazonal faz dessa praia quase um segredo, conhecido apenas por locais e por [&hellip;]<\/p>\n","protected":false},"author":12,"featured_media":8670,"comment_status":"open","ping_status":"open","sticky":false,"template":"","format":"standard","meta":{"jnews-multi-image_gallery":[],"jnews_single_post":{"format":"standard"},"jnews_primary_category":[],"jnews_social_meta":[],"jnews_post_split":[],"footnotes":""},"categories":[1],"tags":[],"class_list":["post-8654","post","type-post","status-publish","format-standard","has-post-thumbnail","hentry","category-uncategorized"],"_links":{"self":[{"href":"https:\/\/diariodepernambuco.audiencelabs.com.br\/wp-json\/wp\/v2\/posts\/8654","targetHints":{"allow":["GET"]}}],"collection":[{"href":"https:\/\/diariodepernambuco.audiencelabs.com.br\/wp-json\/wp\/v2\/posts"}],"about":[{"href":"https:\/\/diariodepernambuco.audiencelabs.com.br\/wp-json\/wp\/v2\/types\/post"}],"author":[{"embeddable":true,"href":"https:\/\/diariodepernambuco.audiencelabs.com.br\/wp-json\/wp\/v2\/users\/12"}],"replies":[{"embeddable":true,"href":"https:\/\/diariodepernambuco.audiencelabs.com.br\/wp-json\/wp\/v2\/comments?post=8654"}],"version-history":[{"count":3,"href":"https:\/\/diariodepernambuco.audiencelabs.com.br\/wp-json\/wp\/v2\/posts\/8654\/revisions"}],"predecessor-version":[{"id":8773,"href":"https:\/\/diariodepernambuco.audiencelabs.com.br\/wp-json\/wp\/v2\/posts\/8654\/revisions\/8773"}],"wp:featuredmedia":[{"embeddable":true,"href":"https:\/\/diariodepernambuco.audiencelabs.com.br\/wp-json\/wp\/v2\/media\/8670"}],"wp:attachment":[{"href":"https:\/\/diariodepernambuco.audiencelabs.com.br\/wp-json\/wp\/v2\/media?parent=8654"}],"wp:term":[{"taxonomy":"category","embeddable":true,"href":"https:\/\/diariodepernambuco.audiencelabs.com.br\/wp-json\/wp\/v2\/categories?post=8654"},{"taxonomy":"post_tag","embeddable":true,"href":"https:\/\/diariodepernambuco.audiencelabs.com.br\/wp-json\/wp\/v2\/tags?post=8654"}],"curies":[{"name":"wp","href":"https:\/\/api.w.org\/{rel}","templated":true}]}}