{"id":8679,"date":"2025-11-10T12:04:14","date_gmt":"2025-11-10T15:04:14","guid":{"rendered":"https:\/\/diariodepernambuco.audiencelabs.com.br\/?p=8679"},"modified":"2025-11-10T17:26:14","modified_gmt":"2025-11-10T20:26:14","slug":"dono-da-havan-chegou-proximo-da-falencia-quase-quebrou-e-por-muito-pouco-nao-ficou-pobre","status":"publish","type":"post","link":"https:\/\/diariodepernambuco.audiencelabs.com.br\/dono-da-havan-chegou-proximo-da-falencia-quase-quebrou-e-por-muito-pouco-nao-ficou-pobre\/","title":{"rendered":"Dono da Havan chegou pr\u00f3ximo da fal\u00eancia, quase quebrou e por muito pouco n\u00e3o ficou pobre"},"content":{"rendered":"\n<p>O empres\u00e1rio Luciano Hang, dono da rede de lojas Havan, voltou a ser assunto no \u00faltimo fim de semana, mas desta vez por um motivo inusitado: sua aus\u00eancia na inaugura\u00e7\u00e3o da nova megaloja da empresa em Uruguaiana, no Rio Grande do Sul, chamou aten\u00e7\u00e3o e gerou preocupa\u00e7\u00e3o entre f\u00e3s e apoiadores.<\/p>\n\n\n\n<p>O motivo foi uma cirurgia de emerg\u00eancia no bra\u00e7o, que o levou \u00e0 interna\u00e7\u00e3o hospitalar. A assessoria de imprensa confirmou que o procedimento foi necess\u00e1rio para conter uma inflama\u00e7\u00e3o e, embora tenha ocorrido de forma repentina, Hang se recupera bem e deve receber alta entre esta segunda-feira (10) e ter\u00e7a-feira (11).<\/p>\n\n\n\n<p>O fato de o estado de sa\u00fade de um <a href=\"https:\/\/br.linkedin.com\/in\/lucianohang\" target=\"_blank\" rel=\"noopener\"><strong>empres\u00e1rio<\/strong><\/a> gerar tanta como\u00e7\u00e3o p\u00fablica n\u00e3o \u00e9 comum, mas o caso de Luciano Hang \u00e9 uma exce\u00e7\u00e3o. <\/p>\n\n\n\n<p>Conhecido pelo estilo extravagante e presen\u00e7a ativa nas redes sociais, ele cultiva uma base fiel de seguidores e simpatizantes, que o enxergam como um s\u00edmbolo de sucesso empresarial brasileiro. <\/p>\n\n\n\n<p>No entanto, o que muitos desses admiradores desconhecem \u00e9 que, antes de se tornar um dos nomes mais reconhecidos do varejo nacional, Hang enfrentou uma trajet\u00f3ria de incertezas, derrotas e tentativas frustradas de manter o pr\u00f3prio neg\u00f3cio. A fortuna que ele exibe hoje quase n\u00e3o existiu.<\/p>\n\n\n<style>@media (min-width: 992px) {\n    .recomendadorV2Area1 {\n        width: 280px;\n    }\n    .recomendadorV2Area2 {\n        padding: 0px 20px;\n        width: calc(100% - 280px);\n    }\n}\n\n@media (max-width: 992px) {\n    .recomendadorV2Button {\n        margin: 0 auto;\n    }\n    .recomendadorV2Area {\n        flex-direction: column;\n        text-align: center;\n    }\n    .recomendadorV2Area2 {\n        padding: 0px 20px;\n    }\n}\n\n.recomendadorV2Area {\n    background: #eeeeee3d;\n    border-radius: 10px;\n    padding: 15px;\n    display: flex;\n    margin: 15px auto;\n    border: 1px solid #00000014;\n    max-width: 800px;\n}\n\n.recomendadorV2Area1 img {\n    width: 280px;\n    height: auto;\n    border-radius: 8px;\n}\n\n.linkrecomendadorv2 {\n    text-decoration: none !important;\n}\n\n.recomendadorV2Area2 .recomendadorV2Type {\n    text-transform: uppercase;\n    font-weight: 500;\n    font-size: 11px;\n    letter-spacing: 2px;\n    color: #666;\n    margin: 12px 0;\n    display: block;\n}\n\n.recomendadorV2Title h2 {\n    padding-top: 0px !important;\n    margin: 0px !important;\n    border-left: none !important;\n    padding-left: 0px !important;\n    line-height: 1.3;\n    color: #000 !important;\n    font-size: 24px;\n    margin-bottom: 12px !important;\n}\n\n.recomendadorV2Desc {\n    color: #333;\n    margin: 12px 0px !important;\n    font-size: 15px;\n    line-height: 1.5;\n}\n\n.recomendadorV2Button {\n    width: auto;\n    max-width: 200px;\n    margin: 0;\n    display: inline-flex;\n    align-items: center;\n    background: #1D3557;\n    border-radius: 8px;\n    color: #fff;\n    height: 36px;\n    justify-content: center;\n    text-align: center;\n    font-size: 14px;\n    padding: 0 20px;\n    transition: background-color 0.2s ease;\n}\n\n.recomendadorV2Button:hover {\n    background: #2a4d7a;\n}\n\n.recomendadorV2Button:after {\n    margin-top: -2px;\n    content: \"\u2192\";\n    padding: 0px 0px 0px 8px;\n}\n\n.recomendadorV2Alert {\n    text-align: left;\n    font-size: 11px;\n    margin-top: 8px;\n    color: #666;\n}\n\n.recomendadorFixedArea {\n    width: 100%;\n    display: flex;\n    justify-content: center;\n    align-items: center;\n}\n\n@media (min-width: 992px) {\n    #recomendadorFixed {\n        width: 32% !important;\n        left: 5%;\n    }\n    .recomendadorCloseFixed{\n        right: inherit !important;\n        left: 378px !important;\n    }\n}\n\n#recomendadorFixed {\n    width: 90%;\n    box-shadow: 0 10px 20px 0px #00000057;\n    display: none;\n    height: 90px;\n    background: #F6F6F6;\n    position: fixed;\n    flex-direction: row;\n    bottom: 10px;\n    z-index: 9999;\n    border-radius: 16px;\n    padding: 7px 10px;\n}\n\n.recomendadorLeftArea {\n    width: 160px;\n}\n\n.recomendadorRightArea h2 {\n    padding-top: 0px;\n    margin: 2px 0px 4px 0px !important;\n    font-weight: 400;\n    text-align: center;\n    padding-left: 0px !important;\n    color: #000 !important;\n    border-left: none !important;\n    line-height: 20px;\n    font-size: 12px !important;\n}\n\n.recomendadorImgFixed {\n    overflow: hidden;\n    padding: 8px 6px;\n    height: 100%;\n}\n\n.recomendadorImgFixed img {\n    height: 100% !important;\n    border-radius: 16px;\n}\n\n.recomendadorRightArea {\n    padding-top: 6px;\n    display: flex;\n    width: calc(100% - 130px);\n    justify-content: space-between;\n    align-items: center;\n    flex-direction: column;\n}\n\n.recomendadorButtonFixed {\n    margin: 0 auto;\n    background: #1D3557;\n    width: 80%;\n    text-align: center;\n    font-size: 10px;\n    color: #FFF;\n    padding: 2px 10px;\n    border-radius: 3px;\n}\n\n.recomendadorButtonFixed:after {\n    margin-top: -3px;\n    content: \"\u2192\";\n    padding: 0px 0px 0px 10px;\n}\n\n.recomendadorAlertFixed {\n    font-weight: 400;\n    text-align: center;\n    color: #484848;\n    font-size: 8px;\n}\n\n.recomendadorCloseFixed {\n    z-index: 99999;\n    display: none;\n    right: 0px;\n    left: inherit;\n    bottom: 99px;\n    position: fixed;\n    justify-content: center;\n    background: #F6F6F6;\n    width: 25px;\n    align-items: center;\n    height: 25px;\n    font-weight: 800;\n    border-radius: 50%;\n    border: 1px solid #EBEBEB;\n}\n\n.recomendadorV2Desc{\n    color: #000000;\n    margin: 20px 0px;\n}\n\n@media (max-width: 576px) {\n    .recomendadorV2Area {\n      padding: 10px;\n      max-width: 100%;\n    }\n  \n    .recomendadorV2Area1 img {\n      width: 100%;\n      border-radius: 6px;\n    }\n  \n    .recomendadorV2Area2 .recomendadorV2Type {\n      font-size: 9px;\n      letter-spacing: 1px;\n      margin: 8px 0;\n    }\n  \n    .recomendadorV2Title h2 {\n      font-size: 18px !important;\n      margin-bottom: 8px !important;\n      line-height: 1.2;\n    }\n  \n    .recomendadorV2Desc {\n      font-size: 14px;\n      margin: 8px 0 !important;\n      line-height: 1.4;\n    }\n  \n    .recomendadorV2Button {\n      font-size: 12px;\n      height: 30px;\n      padding: 0 12px;\n      max-width: 160px;\n    }\n  \n    .recomendadorV2Button:after {\n      padding-left: 6px;\n    }\n  }\n  <\/style>\n        <div class=\"lazyblock-recomendador-v2-2jDGz wp-block-lazyblock-recomendador-v2\">\n        <a class=\"linkrecomendadorv2\" href=\"https:\/\/diariodepernambuco.com.br\/dpmais\/mulher-que-traiu-marido-com-mendigo-finalmente-revelou-a-verdade\/?utm_source=lazy\" target=\"_blank\" rel=\"noopener\">\n            <div class=\"recomendadorV2Area\">\n            <div class=\"recomendadorV2Area1\">\n                <div class=\"recomendadorV2Img\">\n                <img class=\"lazyloaded\" decoding=\"async\" src=\"https:\/\/diariodepernambuco.audiencelabs.com.br\/wp-content\/uploads\/2025\/11\/mulher.jpg\" data-src=\"https:\/\/diariodepernambuco.audiencelabs.com.br\/wp-content\/uploads\/2025\/11\/mulher.jpg\" alt=\"\">\n                <\/div>\n            <\/div>\n            <div class=\"recomendadorV2Area2\">\n                <div class=\"recomendadorV2Type\">\n                    <span>Revela\u00e7\u00e3o Surpreendente<\/span>\n                <\/div>\n                <div class=\"recomendadorV2Title\">\n                <h2><span>Ela contou tudo \ud83d\ude31<\/span><\/h2>\n                <\/div>\n                <div class=\"recomendadorV2Desc\">\n                <span>Mulher que traiu marido com mendigo finalmente revela a verdade<\/span>\n                <\/div>\n                <div class=\"recomendadorV2Button\">Leia agora<\/div>\n                <div class=\"recomendadorV2Alert\"><\/div>\n            <\/div>\n            <\/div>\n        <\/a>\n        <div>\n            <div style=\"z-index:99999;\" id=\"buttonClose\" onclick=\"closeRecomendadorFixed()\">\n            <div class=\"recomendadorCloseFixed\">X<\/div>\n            <\/div>\n            <a href=\"https:\/\/diariodepernambuco.com.br\/dpmais\/mulher-que-traiu-marido-com-mendigo-finalmente-revelou-a-verdade\/?utm_source=lazy\" target=\"_blank\" rel=\"noopener\">\n            <div class=\"recomendadorFixedArea\">\n                <div id=\"recomendadorFixed\">\n                <div class=\"recomendadorLeftArea\">\n                    <div class=\"recomendadorImgFixed\">\n                    <img class=\"lazyload\" decoding=\"async\" src=\"https:\/\/diariodepernambuco.audiencelabs.com.br\/wp-content\/uploads\/2025\/11\/mulher.jpg\" alt=\"\">\n                    <\/div>\n                <\/div>\n                <div class=\"recomendadorRightArea\">\n                    <div class=\"recomendadorTitleFixed\">\n                    <h2><span>Ela contou tudo \ud83d\ude31<\/span><\/h2>\n                    <\/div>\n                    <div class=\"recomendadorButtonFixed\">Leia agora<\/div>\n                    <div class=\"recomendadorAlertFixed\"><\/div>\n                <\/div>\n                <\/div>\n            <\/div>\n            <\/a>\n        <\/div>\n        <\/div>\n\n\n\n<h2 class=\"wp-block-heading\">Dono da Havan chegou pr\u00f3ximo da fal\u00eancia, quase quebrou e por muito pouco n\u00e3o ficou pobre<\/h2>\n\n\n\n<p>Natural de Brusque, em Santa Catarina, Hang come\u00e7ou a carreira como funcion\u00e1rio de uma pequena loja de tecidos nos anos 1980. O sal\u00e1rio modesto e as dificuldades do setor quase o fizeram desistir do com\u00e9rcio. <\/p>\n\n\n\n<p>No entanto, ele decidiu tentar um caminho diferente: passou a vender tecidos importados diretamente ao consumidor, eliminando os intermedi\u00e1rios, algo pouco convencional na \u00e9poca. <\/p>\n\n\n\n<p>A aposta era ousada, e o retorno n\u00e3o foi imediato. Em vez do sucesso imediato, ele enfrentou tr\u00eas fal\u00eancias consecutivas.<\/p>\n\n\n\n<p>A cada queda, Hang precisava recome\u00e7ar do zero. Dormiu dentro da pr\u00f3pria loja para cortar custos e evitar novos preju\u00edzos, enquanto buscava um modelo de neg\u00f3cio que funcionasse de fato. <\/p>\n\n\n\n<p>A virada veio quando decidiu apostar em lojas de grande porte, com forte apelo visual e identidade inspirada em elementos da cultura americana, especialmente ap\u00f3s viagens aos Estados Unidos. <\/p>\n\n\n\n<p>Assim nasceu a primeira unidade da Havan com a fachada azul, branca e a famosa r\u00e9plica da Est\u00e1tua da Liberdade, que, na \u00e9poca, quase causou o fechamento do estabelecimento por violar normas urban\u00edsticas locais.<\/p>\n\n\n\n<p>A estrat\u00e9gia deu certo. Aos poucos, o estilo ousado e o foco em grandes lojas atrativas transformaram a Havan em uma pot\u00eancia do varejo. Hoje, s\u00e3o mais de 180 unidades espalhadas pelo Brasil, al\u00e9m de milhares de funcion\u00e1rios e presen\u00e7a constante na m\u00eddia. <\/p>\n\n\n\n<p>A imagem de <a href=\"https:\/\/diariodepernambuco.com.br\/dpmais\/veio-da-havan-comprou-uma-mansao-unica-com-exclusividade-de-causar-inveja\/\" target=\"_blank\" rel=\"noopener\"><strong>Hang<\/strong><\/a>, sempre vestindo verde e amarelo, com discursos nacionalistas e postura teatral, consolidou-se como parte da identidade da marca.<\/p>\n\n\n\n<h3 class=\"wp-block-heading\">Dono da Havan foi internado mas deve receber alta em breve<\/h3>\n\n\n\n<p>No epis\u00f3dio recente, mesmo hospitalizado, o empres\u00e1rio gravou um v\u00eddeo para saudar a equipe e os clientes da nova loja em Uruguaiana. <\/p>\n\n\n\n<p>No v\u00eddeo, disse lamentar n\u00e3o estar presente e destacou a import\u00e2ncia da inaugura\u00e7\u00e3o. A cirurgia, segundo ele, foi necess\u00e1ria para tratar uma inflama\u00e7\u00e3o no bra\u00e7o que se agravou rapidamente. <\/p>\n\n\n\n<p>Apesar da urg\u00eancia, Hang afirmou estar bem e pronto para retomar as atividades em breve.<\/p>\n\n\n\n<p>O dono da Havan, que j\u00e1 esteve \u00e0 beira da fal\u00eancia, agora \u00e9 visto como s\u00edmbolo de supera\u00e7\u00e3o, algu\u00e9m que quase perdeu tudo, mas que transformou trope\u00e7os em alicerces para um imp\u00e9rio.<\/p>\n\n\n\n<p><\/p>\n","protected":false},"excerpt":{"rendered":"<p>O empres\u00e1rio Luciano Hang, dono da rede de lojas Havan, voltou a ser assunto no \u00faltimo fim de semana, mas desta vez por um motivo inusitado: sua aus\u00eancia na inaugura\u00e7\u00e3o da nova megaloja da empresa em Uruguaiana, no Rio Grande do Sul, chamou aten\u00e7\u00e3o e gerou preocupa\u00e7\u00e3o entre f\u00e3s e apoiadores. O motivo foi uma [&hellip;]<\/p>\n","protected":false},"author":12,"featured_media":8706,"comment_status":"open","ping_status":"open","sticky":false,"template":"","format":"standard","meta":{"jnews-multi-image_gallery":[],"jnews_single_post":{"format":"standard"},"jnews_primary_category":[],"jnews_social_meta":[],"jnews_post_split":[],"footnotes":""},"categories":[1],"tags":[],"class_list":["post-8679","post","type-post","status-publish","format-standard","has-post-thumbnail","hentry","category-uncategorized"],"_links":{"self":[{"href":"https:\/\/diariodepernambuco.audiencelabs.com.br\/wp-json\/wp\/v2\/posts\/8679","targetHints":{"allow":["GET"]}}],"collection":[{"href":"https:\/\/diariodepernambuco.audiencelabs.com.br\/wp-json\/wp\/v2\/posts"}],"about":[{"href":"https:\/\/diariodepernambuco.audiencelabs.com.br\/wp-json\/wp\/v2\/types\/post"}],"author":[{"embeddable":true,"href":"https:\/\/diariodepernambuco.audiencelabs.com.br\/wp-json\/wp\/v2\/users\/12"}],"replies":[{"embeddable":true,"href":"https:\/\/diariodepernambuco.audiencelabs.com.br\/wp-json\/wp\/v2\/comments?post=8679"}],"version-history":[{"count":2,"href":"https:\/\/diariodepernambuco.audiencelabs.com.br\/wp-json\/wp\/v2\/posts\/8679\/revisions"}],"predecessor-version":[{"id":8813,"href":"https:\/\/diariodepernambuco.audiencelabs.com.br\/wp-json\/wp\/v2\/posts\/8679\/revisions\/8813"}],"wp:featuredmedia":[{"embeddable":true,"href":"https:\/\/diariodepernambuco.audiencelabs.com.br\/wp-json\/wp\/v2\/media\/8706"}],"wp:attachment":[{"href":"https:\/\/diariodepernambuco.audiencelabs.com.br\/wp-json\/wp\/v2\/media?parent=8679"}],"wp:term":[{"taxonomy":"category","embeddable":true,"href":"https:\/\/diariodepernambuco.audiencelabs.com.br\/wp-json\/wp\/v2\/categories?post=8679"},{"taxonomy":"post_tag","embeddable":true,"href":"https:\/\/diariodepernambuco.audiencelabs.com.br\/wp-json\/wp\/v2\/tags?post=8679"}],"curies":[{"name":"wp","href":"https:\/\/api.w.org\/{rel}","templated":true}]}}