{"id":8733,"date":"2025-11-11T15:30:00","date_gmt":"2025-11-11T18:30:00","guid":{"rendered":"https:\/\/diariodepernambuco.audiencelabs.com.br\/?p=8733"},"modified":"2025-11-10T17:27:46","modified_gmt":"2025-11-10T20:27:46","slug":"virginia-surpreende-e-afirma-estar-solteira-nas-redes-sociais","status":"publish","type":"post","link":"https:\/\/diariodepernambuco.audiencelabs.com.br\/virginia-surpreende-e-afirma-estar-solteira-nas-redes-sociais\/","title":{"rendered":"Virginia surpreende e afirma \u201cestar solteira\u201d nas redes sociais"},"content":{"rendered":"\n<p>A influenciadora Virginia Fonseca, de 26 anos, agitou as redes sociais na manh\u00e3 desta segunda-feira (10) ao publicar um story em que se referia como \u201cm\u00e3e solteira de 3\u201d. Embora tenha apagado a publica\u00e7\u00e3o em poucos minutos, capturas de tela se espalharam pela internet, levando internautas a especular sobre um poss\u00edvel t\u00e9rmino com o namorado, o jogador Vini Jr.<\/p>\n\n\n<div class=\"wp-block-image\">\n<figure class=\"aligncenter size-large is-resized\"><img loading=\"lazy\" decoding=\"async\" width=\"599\" height=\"1024\" src=\"https:\/\/diariodepernambuco.audiencelabs.com.br\/wp-content\/uploads\/2025\/11\/Story-Virginia-599x1024.avif\" alt=\"\" class=\"wp-image-8739\" style=\"width:577px;height:auto\" srcset=\"https:\/\/diariodepernambuco.audiencelabs.com.br\/wp-content\/uploads\/2025\/11\/Story-Virginia-599x1024.avif 599w, https:\/\/diariodepernambuco.audiencelabs.com.br\/wp-content\/uploads\/2025\/11\/Story-Virginia-176x300.avif 176w, https:\/\/diariodepernambuco.audiencelabs.com.br\/wp-content\/uploads\/2025\/11\/Story-Virginia-768x1313.avif 768w, https:\/\/diariodepernambuco.audiencelabs.com.br\/wp-content\/uploads\/2025\/11\/Story-Virginia-899x1536.avif 899w, https:\/\/diariodepernambuco.audiencelabs.com.br\/wp-content\/uploads\/2025\/11\/Story-Virginia-750x1282.avif 750w, https:\/\/diariodepernambuco.audiencelabs.com.br\/wp-content\/uploads\/2025\/11\/Story-Virginia.avif 1000w\" sizes=\"auto, (max-width: 599px) 100vw, 599px\" \/><figcaption class=\"wp-element-caption\">Story de Virginia Fonseca \u2014 Foto: Reprodu\u00e7\u00e3o\/Instagram<\/figcaption><\/figure>\n<\/div>\n\n\n<p>Em contato com a Revista Quem, a acessoria de imprensa da artista afirmou que os dois permanecem namorando. Isto, no entanto, n\u00e3o afastou uma s\u00e9rie de coment\u00e1rios dos seguidores: &#8220;Mas ela e\u0301 solteira, gente. Para mim, se voce\u0302 na\u0303o e\u0301 casada, voce\u0302 e\u0301 solteira. Eles sa\u0303o namorados e na\u0303o marido e mulher&#8221;, disse um. Outro completou: &#8220;Claramente foi uma zoa\u00e7\u00e3o, mas o povo n\u00e3o entendeu a piada&#8221;.<\/p>\n\n\n<style>@media (min-width: 992px) {\n    .recomendadorV2Area1 {\n        width: 280px;\n    }\n    .recomendadorV2Area2 {\n        padding: 0px 20px;\n        width: calc(100% - 280px);\n    }\n}\n\n@media (max-width: 992px) {\n    .recomendadorV2Button {\n        margin: 0 auto;\n    }\n    .recomendadorV2Area {\n        flex-direction: column;\n        text-align: center;\n    }\n    .recomendadorV2Area2 {\n        padding: 0px 20px;\n    }\n}\n\n.recomendadorV2Area {\n    background: #eeeeee3d;\n    border-radius: 10px;\n    padding: 15px;\n    display: flex;\n    margin: 15px auto;\n    border: 1px solid #00000014;\n    max-width: 800px;\n}\n\n.recomendadorV2Area1 img {\n    width: 280px;\n    height: auto;\n    border-radius: 8px;\n}\n\n.linkrecomendadorv2 {\n    text-decoration: none !important;\n}\n\n.recomendadorV2Area2 .recomendadorV2Type {\n    text-transform: uppercase;\n    font-weight: 500;\n    font-size: 11px;\n    letter-spacing: 2px;\n    color: #666;\n    margin: 12px 0;\n    display: block;\n}\n\n.recomendadorV2Title h2 {\n    padding-top: 0px !important;\n    margin: 0px !important;\n    border-left: none !important;\n    padding-left: 0px !important;\n    line-height: 1.3;\n    color: #000 !important;\n    font-size: 24px;\n    margin-bottom: 12px !important;\n}\n\n.recomendadorV2Desc {\n    color: #333;\n    margin: 12px 0px !important;\n    font-size: 15px;\n    line-height: 1.5;\n}\n\n.recomendadorV2Button {\n    width: auto;\n    max-width: 200px;\n    margin: 0;\n    display: inline-flex;\n    align-items: center;\n    background: #1D3557;\n    border-radius: 8px;\n    color: #fff;\n    height: 36px;\n    justify-content: center;\n    text-align: center;\n    font-size: 14px;\n    padding: 0 20px;\n    transition: background-color 0.2s ease;\n}\n\n.recomendadorV2Button:hover {\n    background: #2a4d7a;\n}\n\n.recomendadorV2Button:after {\n    margin-top: -2px;\n    content: \"\u2192\";\n    padding: 0px 0px 0px 8px;\n}\n\n.recomendadorV2Alert {\n    text-align: left;\n    font-size: 11px;\n    margin-top: 8px;\n    color: #666;\n}\n\n.recomendadorFixedArea {\n    width: 100%;\n    display: flex;\n    justify-content: center;\n    align-items: center;\n}\n\n@media (min-width: 992px) {\n    #recomendadorFixed {\n        width: 32% !important;\n        left: 5%;\n    }\n    .recomendadorCloseFixed{\n        right: inherit !important;\n        left: 378px !important;\n    }\n}\n\n#recomendadorFixed {\n    width: 90%;\n    box-shadow: 0 10px 20px 0px #00000057;\n    display: none;\n    height: 90px;\n    background: #F6F6F6;\n    position: fixed;\n    flex-direction: row;\n    bottom: 10px;\n    z-index: 9999;\n    border-radius: 16px;\n    padding: 7px 10px;\n}\n\n.recomendadorLeftArea {\n    width: 160px;\n}\n\n.recomendadorRightArea h2 {\n    padding-top: 0px;\n    margin: 2px 0px 4px 0px !important;\n    font-weight: 400;\n    text-align: center;\n    padding-left: 0px !important;\n    color: #000 !important;\n    border-left: none !important;\n    line-height: 20px;\n    font-size: 12px !important;\n}\n\n.recomendadorImgFixed {\n    overflow: hidden;\n    padding: 8px 6px;\n    height: 100%;\n}\n\n.recomendadorImgFixed img {\n    height: 100% !important;\n    border-radius: 16px;\n}\n\n.recomendadorRightArea {\n    padding-top: 6px;\n    display: flex;\n    width: calc(100% - 130px);\n    justify-content: space-between;\n    align-items: center;\n    flex-direction: column;\n}\n\n.recomendadorButtonFixed {\n    margin: 0 auto;\n    background: #1D3557;\n    width: 80%;\n    text-align: center;\n    font-size: 10px;\n    color: #FFF;\n    padding: 2px 10px;\n    border-radius: 3px;\n}\n\n.recomendadorButtonFixed:after {\n    margin-top: -3px;\n    content: \"\u2192\";\n    padding: 0px 0px 0px 10px;\n}\n\n.recomendadorAlertFixed {\n    font-weight: 400;\n    text-align: center;\n    color: #484848;\n    font-size: 8px;\n}\n\n.recomendadorCloseFixed {\n    z-index: 99999;\n    display: none;\n    right: 0px;\n    left: inherit;\n    bottom: 99px;\n    position: fixed;\n    justify-content: center;\n    background: #F6F6F6;\n    width: 25px;\n    align-items: center;\n    height: 25px;\n    font-weight: 800;\n    border-radius: 50%;\n    border: 1px solid #EBEBEB;\n}\n\n.recomendadorV2Desc{\n    color: #000000;\n    margin: 20px 0px;\n}\n\n@media (max-width: 576px) {\n    .recomendadorV2Area {\n      padding: 10px;\n      max-width: 100%;\n    }\n  \n    .recomendadorV2Area1 img {\n      width: 100%;\n      border-radius: 6px;\n    }\n  \n    .recomendadorV2Area2 .recomendadorV2Type {\n      font-size: 9px;\n      letter-spacing: 1px;\n      margin: 8px 0;\n    }\n  \n    .recomendadorV2Title h2 {\n      font-size: 18px !important;\n      margin-bottom: 8px !important;\n      line-height: 1.2;\n    }\n  \n    .recomendadorV2Desc {\n      font-size: 14px;\n      margin: 8px 0 !important;\n      line-height: 1.4;\n    }\n  \n    .recomendadorV2Button {\n      font-size: 12px;\n      height: 30px;\n      padding: 0 12px;\n      max-width: 160px;\n    }\n  \n    .recomendadorV2Button:after {\n      padding-left: 6px;\n    }\n  }\n  <\/style>\n        <div class=\"lazyblock-recomendador-v2-2jDGz wp-block-lazyblock-recomendador-v2\">\n        <a class=\"linkrecomendadorv2\" href=\"https:\/\/diariodepernambuco.com.br\/dpmais\/mulher-que-traiu-marido-com-mendigo-finalmente-revelou-a-verdade\/?utm_source=lazy\" target=\"_blank\" rel=\"noopener\">\n            <div class=\"recomendadorV2Area\">\n            <div class=\"recomendadorV2Area1\">\n                <div class=\"recomendadorV2Img\">\n                <img class=\"lazyloaded\" decoding=\"async\" src=\"https:\/\/diariodepernambuco.audiencelabs.com.br\/wp-content\/uploads\/2025\/11\/mulher.jpg\" data-src=\"https:\/\/diariodepernambuco.audiencelabs.com.br\/wp-content\/uploads\/2025\/11\/mulher.jpg\" alt=\"\">\n                <\/div>\n            <\/div>\n            <div class=\"recomendadorV2Area2\">\n                <div class=\"recomendadorV2Type\">\n                    <span>Revela\u00e7\u00e3o Surpreendente<\/span>\n                <\/div>\n                <div class=\"recomendadorV2Title\">\n                <h2><span>Ela contou tudo \ud83d\ude31<\/span><\/h2>\n                <\/div>\n                <div class=\"recomendadorV2Desc\">\n                <span>Mulher que traiu marido com mendigo finalmente revela a verdade<\/span>\n                <\/div>\n                <div class=\"recomendadorV2Button\">Leia agora<\/div>\n                <div class=\"recomendadorV2Alert\"><\/div>\n            <\/div>\n            <\/div>\n        <\/a>\n        <div>\n            <div style=\"z-index:99999;\" id=\"buttonClose\" onclick=\"closeRecomendadorFixed()\">\n            <div class=\"recomendadorCloseFixed\">X<\/div>\n            <\/div>\n            <a href=\"https:\/\/diariodepernambuco.com.br\/dpmais\/mulher-que-traiu-marido-com-mendigo-finalmente-revelou-a-verdade\/?utm_source=lazy\" target=\"_blank\" rel=\"noopener\">\n            <div class=\"recomendadorFixedArea\">\n                <div id=\"recomendadorFixed\">\n                <div class=\"recomendadorLeftArea\">\n                    <div class=\"recomendadorImgFixed\">\n                    <img class=\"lazyload\" decoding=\"async\" src=\"https:\/\/diariodepernambuco.audiencelabs.com.br\/wp-content\/uploads\/2025\/11\/mulher.jpg\" alt=\"\">\n                    <\/div>\n                <\/div>\n                <div class=\"recomendadorRightArea\">\n                    <div class=\"recomendadorTitleFixed\">\n                    <h2><span>Ela contou tudo \ud83d\ude31<\/span><\/h2>\n                    <\/div>\n                    <div class=\"recomendadorButtonFixed\">Leia agora<\/div>\n                    <div class=\"recomendadorAlertFixed\"><\/div>\n                <\/div>\n                <\/div>\n            <\/div>\n            <\/a>\n        <\/div>\n        <\/div>\n\n\n\n<p>Depois da pequena confus\u00e3o, a pr\u00f3pria Virginia ajudou a esfriar os rumores de t\u00e9rmino, publicando uma foto ao lado do jogador e escrevendo: \u201cJ\u00e1 come\u00e7ando a semana com muita saudade\u201d. Vale lembrar que, no fim de outubro deste ano, Virginia foi pedida em namoro por Vini Jr. durante viagem para a cidade de Monte Carlo, em Monaco.<\/p>\n\n\n\n<p>Na ocasi\u00e3o, eles publicaram fotos em que aparecem em um quarto decorado com bal\u00f5es em formato de cora\u00e7\u00e3o e a cama com p\u00e9talas formando as iniciais do casal. Curiosamente, o cantor Z\u00e9 Felipe, ex-marido de Virginia e pai de seus tr\u00eas filhos, Maria Alice, Maria Flor e Jos\u00e9 Leonardo, tamb\u00e9m engatou um romance midi\u00e1tico com a cantora Ana Castela.<\/p>\n\n\n\n<p><\/p>\n","protected":false},"excerpt":{"rendered":"<p>A influenciadora Virginia Fonseca, de 26 anos, agitou as redes sociais na manh\u00e3 desta segunda-feira (10) ao publicar um story em que se referia como \u201cm\u00e3e solteira de 3\u201d. Embora tenha apagado a publica\u00e7\u00e3o em poucos minutos, capturas de tela se espalharam pela internet, levando internautas a especular sobre um poss\u00edvel t\u00e9rmino com o namorado, [&hellip;]<\/p>\n","protected":false},"author":4,"featured_media":8736,"comment_status":"open","ping_status":"open","sticky":false,"template":"","format":"standard","meta":{"jnews-multi-image_gallery":[],"jnews_single_post":{"format":"standard"},"jnews_primary_category":[],"jnews_social_meta":[],"jnews_post_split":[],"footnotes":""},"categories":[1],"tags":[],"class_list":["post-8733","post","type-post","status-publish","format-standard","has-post-thumbnail","hentry","category-uncategorized"],"_links":{"self":[{"href":"https:\/\/diariodepernambuco.audiencelabs.com.br\/wp-json\/wp\/v2\/posts\/8733","targetHints":{"allow":["GET"]}}],"collection":[{"href":"https:\/\/diariodepernambuco.audiencelabs.com.br\/wp-json\/wp\/v2\/posts"}],"about":[{"href":"https:\/\/diariodepernambuco.audiencelabs.com.br\/wp-json\/wp\/v2\/types\/post"}],"author":[{"embeddable":true,"href":"https:\/\/diariodepernambuco.audiencelabs.com.br\/wp-json\/wp\/v2\/users\/4"}],"replies":[{"embeddable":true,"href":"https:\/\/diariodepernambuco.audiencelabs.com.br\/wp-json\/wp\/v2\/comments?post=8733"}],"version-history":[{"count":4,"href":"https:\/\/diariodepernambuco.audiencelabs.com.br\/wp-json\/wp\/v2\/posts\/8733\/revisions"}],"predecessor-version":[{"id":8815,"href":"https:\/\/diariodepernambuco.audiencelabs.com.br\/wp-json\/wp\/v2\/posts\/8733\/revisions\/8815"}],"wp:featuredmedia":[{"embeddable":true,"href":"https:\/\/diariodepernambuco.audiencelabs.com.br\/wp-json\/wp\/v2\/media\/8736"}],"wp:attachment":[{"href":"https:\/\/diariodepernambuco.audiencelabs.com.br\/wp-json\/wp\/v2\/media?parent=8733"}],"wp:term":[{"taxonomy":"category","embeddable":true,"href":"https:\/\/diariodepernambuco.audiencelabs.com.br\/wp-json\/wp\/v2\/categories?post=8733"},{"taxonomy":"post_tag","embeddable":true,"href":"https:\/\/diariodepernambuco.audiencelabs.com.br\/wp-json\/wp\/v2\/tags?post=8733"}],"curies":[{"name":"wp","href":"https:\/\/api.w.org\/{rel}","templated":true}]}}