{"id":8772,"date":"2025-11-11T19:45:00","date_gmt":"2025-11-11T22:45:00","guid":{"rendered":"https:\/\/diariodepernambuco.audiencelabs.com.br\/?p=8772"},"modified":"2025-11-12T15:21:32","modified_gmt":"2025-11-12T18:21:32","slug":"carteira-de-habilitacao-de-todos-os-habitantes-deste-lugar-foram-revogadas-com-a-nova-lei-em-vigor","status":"publish","type":"post","link":"https:\/\/diariodepernambuco.audiencelabs.com.br\/carteira-de-habilitacao-de-todos-os-habitantes-deste-lugar-foram-revogadas-com-a-nova-lei-em-vigor\/","title":{"rendered":"Carteira de habilita\u00e7\u00e3o de todos os habitantes deste lugar podem ser revogadas com nova lei em vigor"},"content":{"rendered":"\n<p>A carteira de habilita\u00e7\u00e3o \u00e9, para muitos, mais do que um documento, \u00e9 uma ferramenta essencial de mobilidade, autonomia e acesso ao trabalho, estudos e compromissos do dia a dia. <\/p>\n\n\n\n<p>Em um mundo onde a rotina depende, cada vez mais, da possibilidade de se deslocar com rapidez, perder esse direito pode significar uma mudan\u00e7a dr\u00e1stica na vida de qualquer pessoa. <\/p>\n\n\n\n<p>\u00c9 por isso que uma nova lei sancionada em um estado dos Estados Unidos tem chamado a aten\u00e7\u00e3o: ela prev\u00ea a revoga\u00e7\u00e3o definitiva da habilita\u00e7\u00e3o para motoristas que cometam determinadas infra\u00e7\u00f5es consideradas de alto risco.<\/p>\n\n\n\n<h2 class=\"wp-block-heading\">Carteira de habilita\u00e7\u00e3o de todos os habitantes deste lugar foram revogadas com a nova lei em vigor<\/h2>\n\n\n\n<p>A medida foi adotada na <strong>Calif\u00f3rnia<\/strong>, estado com uma das maiores frotas de ve\u00edculos do pa\u00eds. <\/p>\n\n\n<style>@media (min-width: 992px) {\n    .recomendadorV2Area1 {\n        width: 280px;\n    }\n    .recomendadorV2Area2 {\n        padding: 0px 20px;\n        width: calc(100% - 280px);\n    }\n}\n\n@media (max-width: 992px) {\n    .recomendadorV2Button {\n        margin: 0 auto;\n    }\n    .recomendadorV2Area {\n        flex-direction: column;\n        text-align: center;\n    }\n    .recomendadorV2Area2 {\n        padding: 0px 20px;\n    }\n}\n\n.recomendadorV2Area {\n    background: #eeeeee3d;\n    border-radius: 10px;\n    padding: 15px;\n    display: flex;\n    margin: 15px auto;\n    border: 1px solid #00000014;\n    max-width: 800px;\n}\n\n.recomendadorV2Area1 img {\n    width: 280px;\n    height: auto;\n    border-radius: 8px;\n}\n\n.linkrecomendadorv2 {\n    text-decoration: none !important;\n}\n\n.recomendadorV2Area2 .recomendadorV2Type {\n    text-transform: uppercase;\n    font-weight: 500;\n    font-size: 11px;\n    letter-spacing: 2px;\n    color: #666;\n    margin: 12px 0;\n    display: block;\n}\n\n.recomendadorV2Title h2 {\n    padding-top: 0px !important;\n    margin: 0px !important;\n    border-left: none !important;\n    padding-left: 0px !important;\n    line-height: 1.3;\n    color: #000 !important;\n    font-size: 24px;\n    margin-bottom: 12px !important;\n}\n\n.recomendadorV2Desc {\n    color: #333;\n    margin: 12px 0px !important;\n    font-size: 15px;\n    line-height: 1.5;\n}\n\n.recomendadorV2Button {\n    width: auto;\n    max-width: 200px;\n    margin: 0;\n    display: inline-flex;\n    align-items: center;\n    background: #1D3557;\n    border-radius: 8px;\n    color: #fff;\n    height: 36px;\n    justify-content: center;\n    text-align: center;\n    font-size: 14px;\n    padding: 0 20px;\n    transition: background-color 0.2s ease;\n}\n\n.recomendadorV2Button:hover {\n    background: #2a4d7a;\n}\n\n.recomendadorV2Button:after {\n    margin-top: -2px;\n    content: \"\u2192\";\n    padding: 0px 0px 0px 8px;\n}\n\n.recomendadorV2Alert {\n    text-align: left;\n    font-size: 11px;\n    margin-top: 8px;\n    color: #666;\n}\n\n.recomendadorFixedArea {\n    width: 100%;\n    display: flex;\n    justify-content: center;\n    align-items: center;\n}\n\n@media (min-width: 992px) {\n    #recomendadorFixed {\n        width: 32% !important;\n        left: 5%;\n    }\n    .recomendadorCloseFixed{\n        right: inherit !important;\n        left: 378px !important;\n    }\n}\n\n#recomendadorFixed {\n    width: 90%;\n    box-shadow: 0 10px 20px 0px #00000057;\n    display: none;\n    height: 90px;\n    background: #F6F6F6;\n    position: fixed;\n    flex-direction: row;\n    bottom: 10px;\n    z-index: 9999;\n    border-radius: 16px;\n    padding: 7px 10px;\n}\n\n.recomendadorLeftArea {\n    width: 160px;\n}\n\n.recomendadorRightArea h2 {\n    padding-top: 0px;\n    margin: 2px 0px 4px 0px !important;\n    font-weight: 400;\n    text-align: center;\n    padding-left: 0px !important;\n    color: #000 !important;\n    border-left: none !important;\n    line-height: 20px;\n    font-size: 12px !important;\n}\n\n.recomendadorImgFixed {\n    overflow: hidden;\n    padding: 8px 6px;\n    height: 100%;\n}\n\n.recomendadorImgFixed img {\n    height: 100% !important;\n    border-radius: 16px;\n}\n\n.recomendadorRightArea {\n    padding-top: 6px;\n    display: flex;\n    width: calc(100% - 130px);\n    justify-content: space-between;\n    align-items: center;\n    flex-direction: column;\n}\n\n.recomendadorButtonFixed {\n    margin: 0 auto;\n    background: #1D3557;\n    width: 80%;\n    text-align: center;\n    font-size: 10px;\n    color: #FFF;\n    padding: 2px 10px;\n    border-radius: 3px;\n}\n\n.recomendadorButtonFixed:after {\n    margin-top: -3px;\n    content: \"\u2192\";\n    padding: 0px 0px 0px 10px;\n}\n\n.recomendadorAlertFixed {\n    font-weight: 400;\n    text-align: center;\n    color: #484848;\n    font-size: 8px;\n}\n\n.recomendadorCloseFixed {\n    z-index: 99999;\n    display: none;\n    right: 0px;\n    left: inherit;\n    bottom: 99px;\n    position: fixed;\n    justify-content: center;\n    background: #F6F6F6;\n    width: 25px;\n    align-items: center;\n    height: 25px;\n    font-weight: 800;\n    border-radius: 50%;\n    border: 1px solid #EBEBEB;\n}\n\n.recomendadorV2Desc{\n    color: #000000;\n    margin: 20px 0px;\n}\n\n@media (max-width: 576px) {\n    .recomendadorV2Area {\n      padding: 10px;\n      max-width: 100%;\n    }\n  \n    .recomendadorV2Area1 img {\n      width: 100%;\n      border-radius: 6px;\n    }\n  \n    .recomendadorV2Area2 .recomendadorV2Type {\n      font-size: 9px;\n      letter-spacing: 1px;\n      margin: 8px 0;\n    }\n  \n    .recomendadorV2Title h2 {\n      font-size: 18px !important;\n      margin-bottom: 8px !important;\n      line-height: 1.2;\n    }\n  \n    .recomendadorV2Desc {\n      font-size: 14px;\n      margin: 8px 0 !important;\n      line-height: 1.4;\n    }\n  \n    .recomendadorV2Button {\n      font-size: 12px;\n      height: 30px;\n      padding: 0 12px;\n      max-width: 160px;\n    }\n  \n    .recomendadorV2Button:after {\n      padding-left: 6px;\n    }\n  }\n  <\/style>\n        <div class=\"lazyblock-recomendador-v2-2jDGz wp-block-lazyblock-recomendador-v2\">\n        <a class=\"linkrecomendadorv2\" href=\"https:\/\/diariodepernambuco.com.br\/dpmais\/brecha-na-lei-permite-inquilinos-atrasarem-3-meses-de-aluguel-sem-despejo-imediato\/?utm_source=lazy\" target=\"_blank\" rel=\"noopener\">\n            <div class=\"recomendadorV2Area\">\n            <div class=\"recomendadorV2Area1\">\n                <div class=\"recomendadorV2Img\">\n                <img class=\"lazyloaded\" decoding=\"async\" src=\"https:\/\/diariodepernambuco.audiencelabs.com.br\/wp-content\/uploads\/2025\/11\/aluguel.jpg\" data-src=\"https:\/\/diariodepernambuco.audiencelabs.com.br\/wp-content\/uploads\/2025\/11\/aluguel.jpg\" alt=\"\">\n                <\/div>\n            <\/div>\n            <div class=\"recomendadorV2Area2\">\n                <div class=\"recomendadorV2Type\">\n                    <span>mercado imobili\u00e1rio<\/span>\n                <\/div>\n                <div class=\"recomendadorV2Title\">\n                <h2><span>Brecha protege inquilinos \ud83c\udfd8\ufe0f<\/span><\/h2>\n                <\/div>\n                <div class=\"recomendadorV2Desc\">\n                <span>Entenda a regra que evita despejo imediato!<\/span>\n                <\/div>\n                <div class=\"recomendadorV2Button\">Confira os detalhes<\/div>\n                <div class=\"recomendadorV2Alert\"><\/div>\n            <\/div>\n            <\/div>\n        <\/a>\n        <div>\n            <div style=\"z-index:99999;\" id=\"buttonClose\" onclick=\"closeRecomendadorFixed()\">\n            <div class=\"recomendadorCloseFixed\">X<\/div>\n            <\/div>\n            <a href=\"https:\/\/diariodepernambuco.com.br\/dpmais\/brecha-na-lei-permite-inquilinos-atrasarem-3-meses-de-aluguel-sem-despejo-imediato\/?utm_source=lazy\" target=\"_blank\" rel=\"noopener\">\n            <div class=\"recomendadorFixedArea\">\n                <div id=\"recomendadorFixed\">\n                <div class=\"recomendadorLeftArea\">\n                    <div class=\"recomendadorImgFixed\">\n                    <img class=\"lazyload\" decoding=\"async\" src=\"https:\/\/diariodepernambuco.audiencelabs.com.br\/wp-content\/uploads\/2025\/11\/aluguel.jpg\" alt=\"\">\n                    <\/div>\n                <\/div>\n                <div class=\"recomendadorRightArea\">\n                    <div class=\"recomendadorTitleFixed\">\n                    <h2><span>Brecha protege inquilinos \ud83c\udfd8\ufe0f<\/span><\/h2>\n                    <\/div>\n                    <div class=\"recomendadorButtonFixed\">Confira os detalhes<\/div>\n                    <div class=\"recomendadorAlertFixed\"><\/div>\n                <\/div>\n                <\/div>\n            <\/div>\n            <\/a>\n        <\/div>\n        <\/div>\n\n\n\n<p>O governador Gavin Newsom aprovou recentemente a chamada Lei AB 3085, ou <a href=\"https:\/\/legiscan.com\/CA\/text\/AB3085\/id\/3022116\" target=\"_blank\" rel=\"noopener\"><strong>Lei Gipson<\/strong><\/a>, que j\u00e1 est\u00e1 em vigor e traz mudan\u00e7as r\u00edgidas no C\u00f3digo de Tr\u00e2nsito estadual. <\/p>\n\n\n\n<p>O objetivo \u00e9 conter o aumento dos casos de dire\u00e7\u00e3o imprudente, que vinham colocando em risco a seguran\u00e7a de pedestres, motoristas e passageiros.<\/p>\n\n\n\n<p>A nova legisla\u00e7\u00e3o atinge diretamente motoristas flagrados em comportamentos perigosos, como realizar manobras arriscadas ou participar de eventos ilegais de rua, como \u201csideshows\u201d e \u201cstreet takeovers\u201d. <\/p>\n\n\n\n<p>Nesses casos, o Departamento de Tr\u00e2nsito pode revogar permanentemente a licen\u00e7a de condu\u00e7\u00e3o do infrator. <\/p>\n\n\n\n<p>A participa\u00e7\u00e3o em corridas clandestinas ou exibi\u00e7\u00f5es de velocidade sem autoriza\u00e7\u00e3o tamb\u00e9m \u00e9 considerada infra\u00e7\u00e3o grave. E n\u00e3o se trata apenas dos condutores: at\u00e9 os organizadores e espectadores desses eventos podem ser penalizados.<\/p>\n\n\n\n<h3 class=\"wp-block-heading\">Adulterar placas de ve\u00edculos tamb\u00e9m pode causar perda da habilita\u00e7\u00e3o na Calif\u00f3rnia<\/h3>\n\n\n\n<p>Outra pr\u00e1tica agora mais severamente punida \u00e9 a adultera\u00e7\u00e3o de placas de ve\u00edculos com a inten\u00e7\u00e3o de driblar a fiscaliza\u00e7\u00e3o. <\/p>\n\n\n\n<p>Essa infra\u00e7\u00e3o pode resultar tanto na apreens\u00e3o imediata do carro quanto em san\u00e7\u00f5es financeiras pesadas. Motoristas reincidentes podem pagar multas de at\u00e9 4 mil d\u00f3lares, al\u00e9m dos custos com reboque e armazenamento do ve\u00edculo apreendido.<\/p>\n\n\n\n<p>As autoridades californianas defendem que a nova lei \u00e9 uma resposta direta \u00e0 escalada da viol\u00eancia no tr\u00e2nsito. O endurecimento das regras tem o objetivo de desestimular condutas perigosas e preservar vidas. <\/p>\n\n\n\n<p>A expectativa \u00e9 que, com san\u00e7\u00f5es mais rigorosas e perda definitiva da carteira de habilita\u00e7\u00e3o em casos extremos, os motoristas adotem atitudes mais respons\u00e1veis ao volante, colaborando para um ambiente vi\u00e1rio mais seguro para todos.<\/p>\n","protected":false},"excerpt":{"rendered":"<p>A carteira de habilita\u00e7\u00e3o \u00e9, para muitos, mais do que um documento, \u00e9 uma ferramenta essencial de mobilidade, autonomia e acesso ao trabalho, estudos e compromissos do dia a dia. Em um mundo onde a rotina depende, cada vez mais, da possibilidade de se deslocar com rapidez, perder esse direito pode significar uma mudan\u00e7a dr\u00e1stica [&hellip;]<\/p>\n","protected":false},"author":12,"featured_media":8779,"comment_status":"open","ping_status":"open","sticky":false,"template":"","format":"standard","meta":{"jnews-multi-image_gallery":[],"jnews_single_post":{"format":"standard"},"jnews_primary_category":[],"jnews_social_meta":[],"jnews_post_split":[],"footnotes":""},"categories":[1],"tags":[],"class_list":["post-8772","post","type-post","status-publish","format-standard","has-post-thumbnail","hentry","category-uncategorized"],"_links":{"self":[{"href":"https:\/\/diariodepernambuco.audiencelabs.com.br\/wp-json\/wp\/v2\/posts\/8772","targetHints":{"allow":["GET"]}}],"collection":[{"href":"https:\/\/diariodepernambuco.audiencelabs.com.br\/wp-json\/wp\/v2\/posts"}],"about":[{"href":"https:\/\/diariodepernambuco.audiencelabs.com.br\/wp-json\/wp\/v2\/types\/post"}],"author":[{"embeddable":true,"href":"https:\/\/diariodepernambuco.audiencelabs.com.br\/wp-json\/wp\/v2\/users\/12"}],"replies":[{"embeddable":true,"href":"https:\/\/diariodepernambuco.audiencelabs.com.br\/wp-json\/wp\/v2\/comments?post=8772"}],"version-history":[{"count":3,"href":"https:\/\/diariodepernambuco.audiencelabs.com.br\/wp-json\/wp\/v2\/posts\/8772\/revisions"}],"predecessor-version":[{"id":9087,"href":"https:\/\/diariodepernambuco.audiencelabs.com.br\/wp-json\/wp\/v2\/posts\/8772\/revisions\/9087"}],"wp:featuredmedia":[{"embeddable":true,"href":"https:\/\/diariodepernambuco.audiencelabs.com.br\/wp-json\/wp\/v2\/media\/8779"}],"wp:attachment":[{"href":"https:\/\/diariodepernambuco.audiencelabs.com.br\/wp-json\/wp\/v2\/media?parent=8772"}],"wp:term":[{"taxonomy":"category","embeddable":true,"href":"https:\/\/diariodepernambuco.audiencelabs.com.br\/wp-json\/wp\/v2\/categories?post=8772"},{"taxonomy":"post_tag","embeddable":true,"href":"https:\/\/diariodepernambuco.audiencelabs.com.br\/wp-json\/wp\/v2\/tags?post=8772"}],"curies":[{"name":"wp","href":"https:\/\/api.w.org\/{rel}","templated":true}]}}