{"id":8787,"date":"2025-11-11T20:00:00","date_gmt":"2025-11-11T23:00:00","guid":{"rendered":"https:\/\/diariodepernambuco.audiencelabs.com.br\/?p=8787"},"modified":"2025-11-10T14:58:34","modified_gmt":"2025-11-10T17:58:34","slug":"depois-de-aceitar-receber-salario-de-farao-galvao-bueno-deixou-band-a-ver-navios","status":"publish","type":"post","link":"https:\/\/diariodepernambuco.audiencelabs.com.br\/depois-de-aceitar-receber-salario-de-farao-galvao-bueno-deixou-band-a-ver-navios\/","title":{"rendered":"Depois de aceitar receber sal\u00e1rio de fara\u00f3, Galv\u00e3o Bueno deixou Band a ver navios"},"content":{"rendered":"\n<p>\u00cdcone da televis\u00e3o brasileira, o narrador Galv\u00e3o Bueno ter\u00e1 um novo endere\u00e7o em 2026. Ap\u00f3s mais de 40 anos na Rede Globo e um per\u00edodo de um ano na Rede Bandeirantes, o comunicador vai se juntar ao Sistema Brasileiro de Televis\u00e3o (SBT), tornando-se a principal atra\u00e7\u00e3o do canal da fam\u00edlia Abravanel no retorno \u00e0 cobertura da Copa do Mundo.<\/p>\n\n\n\n<p>No final do m\u00eas passado, o SBT anunciou a aquisi\u00e7\u00e3o dos direitos de transmiss\u00e3o da Copa do Mundo de 2026 em parceria com a N Sports, empresa da qual Galv\u00e3o Bueno \u00e9 s\u00f3cio. A dupla ser\u00e1 respons\u00e1vel pela transmiss\u00e3o de 32 partidas do Mundial, que acontecer\u00e1 entre junho e julho nos Estados Unidos, Canad\u00e1 e M\u00e9xico.<\/p>\n\n\n\n<p>Com um sal\u00e1rio milion\u00e1rio na Band, estimado em impressionantes R$ 2,5 milh\u00f5es por m\u00eas, o narrador provocar\u00e1 mudan\u00e7as na programa\u00e7\u00e3o da emissora com sua sa\u00edda iminente. A partir de 29 de dezembro, caso n\u00e3o haja altera\u00e7\u00f5es, as noites de segunda-feira passar\u00e3o a exibir a dobradinha Perrengue do Dia e Melhor da Noite, repetindo o formato j\u00e1 adotado entre quarta e sexta-feira.<\/p>\n\n\n\n<p>O refor\u00e7o na exibi\u00e7\u00e3o do Melhor da Noite, entretanto, deve ser encarado como uma medida tempor\u00e1ria, com prazo definido para encerrar. O programa est\u00e1 sendo analisado para compor a grade de 2026. Enquanto isso, o retorno do CQC aparece como o principal objetivo da emissora, com negocia\u00e7\u00f5es e articula\u00e7\u00f5es j\u00e1 em andamento nos bastidores da Band.<\/p>\n\n\n\n<p>J\u00e1 Galv\u00e3o Bueno chega para a sua 14\u00aa Copa consecutiva, um recorde absoluto em narra\u00e7\u00f5es do Mundial. Al\u00e9m do ic\u00f4nico narrador, a Copa no SBT tamb\u00e9m contar\u00e1 com a narra\u00e7\u00e3o de Tiago Leifert, outro ex-Globo. O canal de Silvio Santos n\u00e3o participa da transmiss\u00e3o de uma Copa do Mundo desde 1998, na Fran\u00e7a. Antes, tamb\u00e9m esteve presente em 1986, 1990 e 1994.<\/p>\n\n\n\n<p><\/p>\n","protected":false},"excerpt":{"rendered":"<p>\u00cdcone da televis\u00e3o brasileira, o narrador Galv\u00e3o Bueno ter\u00e1 um novo endere\u00e7o em 2026. Ap\u00f3s mais de 40 anos na Rede Globo e um per\u00edodo de um ano na Rede Bandeirantes, o comunicador vai se juntar ao Sistema Brasileiro de Televis\u00e3o (SBT), tornando-se a principal atra\u00e7\u00e3o do canal da fam\u00edlia Abravanel no retorno \u00e0 cobertura [&hellip;]<\/p>\n","protected":false},"author":4,"featured_media":8790,"comment_status":"open","ping_status":"open","sticky":false,"template":"","format":"standard","meta":{"jnews-multi-image_gallery":[],"jnews_single_post":{"format":"standard"},"jnews_primary_category":[],"jnews_social_meta":[],"jnews_post_split":[],"footnotes":""},"categories":[1],"tags":[],"class_list":["post-8787","post","type-post","status-publish","format-standard","has-post-thumbnail","hentry","category-uncategorized"],"_links":{"self":[{"href":"https:\/\/diariodepernambuco.audiencelabs.com.br\/wp-json\/wp\/v2\/posts\/8787","targetHints":{"allow":["GET"]}}],"collection":[{"href":"https:\/\/diariodepernambuco.audiencelabs.com.br\/wp-json\/wp\/v2\/posts"}],"about":[{"href":"https:\/\/diariodepernambuco.audiencelabs.com.br\/wp-json\/wp\/v2\/types\/post"}],"author":[{"embeddable":true,"href":"https:\/\/diariodepernambuco.audiencelabs.com.br\/wp-json\/wp\/v2\/users\/4"}],"replies":[{"embeddable":true,"href":"https:\/\/diariodepernambuco.audiencelabs.com.br\/wp-json\/wp\/v2\/comments?post=8787"}],"version-history":[{"count":2,"href":"https:\/\/diariodepernambuco.audiencelabs.com.br\/wp-json\/wp\/v2\/posts\/8787\/revisions"}],"predecessor-version":[{"id":8794,"href":"https:\/\/diariodepernambuco.audiencelabs.com.br\/wp-json\/wp\/v2\/posts\/8787\/revisions\/8794"}],"wp:featuredmedia":[{"embeddable":true,"href":"https:\/\/diariodepernambuco.audiencelabs.com.br\/wp-json\/wp\/v2\/media\/8790"}],"wp:attachment":[{"href":"https:\/\/diariodepernambuco.audiencelabs.com.br\/wp-json\/wp\/v2\/media?parent=8787"}],"wp:term":[{"taxonomy":"category","embeddable":true,"href":"https:\/\/diariodepernambuco.audiencelabs.com.br\/wp-json\/wp\/v2\/categories?post=8787"},{"taxonomy":"post_tag","embeddable":true,"href":"https:\/\/diariodepernambuco.audiencelabs.com.br\/wp-json\/wp\/v2\/tags?post=8787"}],"curies":[{"name":"wp","href":"https:\/\/api.w.org\/{rel}","templated":true}]}}