{"id":8792,"date":"2025-11-10T15:04:37","date_gmt":"2025-11-10T18:04:37","guid":{"rendered":"https:\/\/diariodepernambuco.audiencelabs.com.br\/?p=8792"},"modified":"2025-11-10T16:20:35","modified_gmt":"2025-11-10T19:20:35","slug":"lei-do-aluguel-esta-em-vigor-e-afeta-todos-moradores-que-alugarem-casas-nos-proximos-dias","status":"publish","type":"post","link":"https:\/\/diariodepernambuco.audiencelabs.com.br\/lei-do-aluguel-esta-em-vigor-e-afeta-todos-moradores-que-alugarem-casas-nos-proximos-dias\/","title":{"rendered":"Lei do aluguel est\u00e1 em vigor e afeta todos moradores que alugarem casas nos pr\u00f3ximos dias"},"content":{"rendered":"\n<p>J\u00e1 est\u00e1 em vigor no Brasil a legisla\u00e7\u00e3o que regula de forma oficial os contratos de aluguel de im\u00f3veis urbanos, impactando diretamente quem for alugar uma casa ou apartamento nos pr\u00f3ximos dias. <\/p>\n\n\n\n<p>A norma, v\u00e1lida para todo o territ\u00f3rio nacional, determina uma s\u00e9rie de regras que precisam ser respeitadas tanto pelos propriet\u00e1rios quanto pelos inquilinos, mudando a forma como essas rela\u00e7\u00f5es s\u00e3o conduzidas. <\/p>\n\n\n\n<p>Quem pretende assinar um contrato de loca\u00e7\u00e3o agora precisa estar atento, pois a lei j\u00e1 est\u00e1 sendo aplicada e descumpri-la pode gerar problemas judiciais.<\/p>\n\n\n\n<h2 class=\"wp-block-heading\">Lei do aluguel est\u00e1 em vigor e afeta todos moradores que alugarem casas nos pr\u00f3ximos dias<\/h2>\n\n\n\n<p>Trata-se da <a href=\"https:\/\/www.planalto.gov.br\/ccivil_03\/leis\/l8245.htm\" target=\"_blank\" rel=\"noopener\"><strong>Lei n\u00ba 8.245<\/strong><\/a>, mais conhecida como Lei do Inquilinato. Embora exista desde 1991, suas diretrizes seguem em vigor e est\u00e3o cada vez mais relevantes diante do crescimento da popula\u00e7\u00e3o que vive de aluguel. <\/p>\n\n\n\n<p>A norma define obriga\u00e7\u00f5es e direitos em todas as etapas da loca\u00e7\u00e3o, desde a assinatura do contrato at\u00e9 a devolu\u00e7\u00e3o do im\u00f3vel. O objetivo principal \u00e9 assegurar equil\u00edbrio nas rela\u00e7\u00f5es e impedir pr\u00e1ticas abusivas, comuns quando n\u00e3o h\u00e1 respaldo jur\u00eddico claro. <\/p>\n\n\n\n<p>Por isso, a lei atinge qualquer pessoa envolvida em uma loca\u00e7\u00e3o, seja como propriet\u00e1rio ou como inquilino, e exige que ambas as partes conhe\u00e7am bem seus compromissos legais.<\/p>\n\n\n\n<h3 class=\"wp-block-heading\">Regras determinadas pela Lei do Aluguel para propriet\u00e1rios e inquilinos de im\u00f3veis no Brasil<\/h3>\n\n\n\n<p>Entre os principais pontos, est\u00e1 a exig\u00eancia de que todo contrato de aluguel seja formalizado por escrito. <\/p>\n\n\n\n<p>Esse contrato deve indicar o valor a ser pago mensalmente, o \u00edndice que ser\u00e1 usado para reajustes (como o IGP-M ou o IPCA), a dura\u00e7\u00e3o da loca\u00e7\u00e3o e a garantia adotada, que pode ser fiador, cau\u00e7\u00e3o ou seguro-fian\u00e7a. <\/p>\n\n\n\n<p>Um detalhe importante \u00e9 que o locador n\u00e3o pode exigir mais de uma modalidade de garantia ao mesmo tempo, algo que passou a ser expressamente proibido.<\/p>\n\n\n\n<p>Em rela\u00e7\u00e3o \u00e0s responsabilidades, o dono do im\u00f3vel deve entregar o local em boas condi\u00e7\u00f5es e arcar com reparos estruturais ou reformas que n\u00e3o estejam relacionadas ao uso cotidiano. <\/p>\n\n\n\n<p>Ele tamb\u00e9m \u00e9 respons\u00e1vel por despesas extraordin\u00e1rias do condom\u00ednio. <\/p>\n\n\n\n<p>J\u00e1 o inquilino precisa manter o im\u00f3vel em ordem, realizar manuten\u00e7\u00f5es simples e cumprir os pagamentos em dia, incluindo o aluguel, o IPTU e as taxas ordin\u00e1rias, caso o contrato preveja isso.<\/p>\n\n\n\n<p>A lei tamb\u00e9m prev\u00ea regras espec\u00edficas para rescis\u00e3o de contrato, reajustes e devolu\u00e7\u00e3o do im\u00f3vel, sempre com foco na <a href=\"https:\/\/diariodepernambuco.com.br\/dpmais\/lei-do-aluguel-ja-esta-em-andamento-no-brasil-e-comeca-a-afetar-moradores\/\" target=\"_blank\" rel=\"noopener\"><strong>prote\u00e7\u00e3o legal das duas partes <\/strong><\/a>e na preven\u00e7\u00e3o de conflitos.<\/p>\n\n\n\n<p><\/p>\n","protected":false},"excerpt":{"rendered":"<p>J\u00e1 est\u00e1 em vigor no Brasil a legisla\u00e7\u00e3o que regula de forma oficial os contratos de aluguel de im\u00f3veis urbanos, impactando diretamente quem for alugar uma casa ou apartamento nos pr\u00f3ximos dias. A norma, v\u00e1lida para todo o territ\u00f3rio nacional, determina uma s\u00e9rie de regras que precisam ser respeitadas tanto pelos propriet\u00e1rios quanto pelos inquilinos, [&hellip;]<\/p>\n","protected":false},"author":12,"featured_media":8793,"comment_status":"open","ping_status":"open","sticky":false,"template":"","format":"standard","meta":{"jnews-multi-image_gallery":[],"jnews_single_post":{"format":"standard"},"jnews_primary_category":[],"jnews_social_meta":[],"jnews_post_split":[],"footnotes":""},"categories":[1],"tags":[],"class_list":["post-8792","post","type-post","status-publish","format-standard","has-post-thumbnail","hentry","category-uncategorized"],"_links":{"self":[{"href":"https:\/\/diariodepernambuco.audiencelabs.com.br\/wp-json\/wp\/v2\/posts\/8792","targetHints":{"allow":["GET"]}}],"collection":[{"href":"https:\/\/diariodepernambuco.audiencelabs.com.br\/wp-json\/wp\/v2\/posts"}],"about":[{"href":"https:\/\/diariodepernambuco.audiencelabs.com.br\/wp-json\/wp\/v2\/types\/post"}],"author":[{"embeddable":true,"href":"https:\/\/diariodepernambuco.audiencelabs.com.br\/wp-json\/wp\/v2\/users\/12"}],"replies":[{"embeddable":true,"href":"https:\/\/diariodepernambuco.audiencelabs.com.br\/wp-json\/wp\/v2\/comments?post=8792"}],"version-history":[{"count":1,"href":"https:\/\/diariodepernambuco.audiencelabs.com.br\/wp-json\/wp\/v2\/posts\/8792\/revisions"}],"predecessor-version":[{"id":8795,"href":"https:\/\/diariodepernambuco.audiencelabs.com.br\/wp-json\/wp\/v2\/posts\/8792\/revisions\/8795"}],"wp:featuredmedia":[{"embeddable":true,"href":"https:\/\/diariodepernambuco.audiencelabs.com.br\/wp-json\/wp\/v2\/media\/8793"}],"wp:attachment":[{"href":"https:\/\/diariodepernambuco.audiencelabs.com.br\/wp-json\/wp\/v2\/media?parent=8792"}],"wp:term":[{"taxonomy":"category","embeddable":true,"href":"https:\/\/diariodepernambuco.audiencelabs.com.br\/wp-json\/wp\/v2\/categories?post=8792"},{"taxonomy":"post_tag","embeddable":true,"href":"https:\/\/diariodepernambuco.audiencelabs.com.br\/wp-json\/wp\/v2\/tags?post=8792"}],"curies":[{"name":"wp","href":"https:\/\/api.w.org\/{rel}","templated":true}]}}