{"id":8816,"date":"2025-12-13T20:38:00","date_gmt":"2025-12-13T23:38:00","guid":{"rendered":"https:\/\/diariodepernambuco.audiencelabs.com.br\/?p=8816"},"modified":"2025-12-13T20:38:44","modified_gmt":"2025-12-13T23:38:44","slug":"lugar-misterioso-no-brasil-possui-mais-jacares-do-que-pessoas","status":"publish","type":"post","link":"https:\/\/diariodepernambuco.audiencelabs.com.br\/lugar-misterioso-no-brasil-possui-mais-jacares-do-que-pessoas\/","title":{"rendered":"Lugar misterioso no Brasil possui mais jacar\u00e9s do que pessoas"},"content":{"rendered":"\n<p>Situada \u00e0s margens do imponente Pantanal, a cidade de Corumb\u00e1, no Mato Grosso do Sul, se destaca n\u00e3o apenas pelas suas belezas naturais, mas tamb\u00e9m por um fato curioso: a regi\u00e3o abriga mais jacar\u00e9s do que pessoas. Esse fen\u00f4meno, que desperta a aten\u00e7\u00e3o de turistas e pesquisadores, tornou o munic\u00edpio uma verdadeira atra\u00e7\u00e3o nacional.<\/p>\n\n\n\n<p>Estima-se que o Pantanal concentre cerca de dois milh\u00f5es de jacar\u00e9s, n\u00famero muito superior aos pouco mais de 100 mil habitantes de Corumb\u00e1. A grande quantidade desses r\u00e9pteis se explica pelas condi\u00e7\u00f5es ideais da regi\u00e3o, que incluem extensas \u00e1reas alagadas, clima quente e abund\u00e2ncia de alimento.<\/p>\n\n\n\n<p>No entanto, ao contr\u00e1rio do que muitos imaginam, os jacar\u00e9s n\u00e3o circulam pelo centro urbano de Corumb\u00e1. O munic\u00edpio, com mais de 64 mil quil\u00f4metros quadrados, \u00e9 composto majoritariamente por \u00e1reas alagadas e vegeta\u00e7\u00e3o nativa, ambientes ideais para a sobreviv\u00eancia desses r\u00e9pteis.<\/p>\n\n\n\n<p>Durante o per\u00edodo de cheias, entre novembro e mar\u00e7o, rios e lagoas frequentemente se conectam, ampliando o territ\u00f3rio aqu\u00e1tico e facilitando a movimenta\u00e7\u00e3o dos jacar\u00e9s. Ainda assim, a presen\u00e7a desses animais nas \u00e1reas urbanas \u00e9 bastante rara, pois eles permanecem principalmente nas margens dos rios, nas ba\u00edas e nas regi\u00f5es de vegeta\u00e7\u00e3o, onde encontram alimento e abrigo natural.<\/p>\n\n\n\n<h2 class=\"wp-block-heading\">Turismo e preserva\u00e7\u00e3o: convivendo com os jacar\u00e9s no Pantanal<\/h2>\n\n\n\n<p>O fasc\u00ednio pelos jacar\u00e9s tem atra\u00eddo cada vez mais turistas para Corumb\u00e1, interessados em observar esses r\u00e9pteis em seu habitat natural. Passeios de barco pelos rios e excurs\u00f5es guiadas pelas \u00e1reas alagadas permitem que visitantes conhe\u00e7am de perto a vida selvagem do Pantanal, sempre com seguran\u00e7a e respeito \u00e0 fauna local.<\/p>\n\n\n\n<p>A atividade tur\u00edstica tamb\u00e9m contribui para a economia da regi\u00e3o, incentivando o desenvolvimento sustent\u00e1vel. Ao mesmo tempo, a preserva\u00e7\u00e3o ambiental \u00e9 essencial para manter o equil\u00edbrio do ecossistema. Projetos de conserva\u00e7\u00e3o e fiscaliza\u00e7\u00e3o ajudam a proteger os jacar\u00e9s e outras esp\u00e9cies t\u00edpicas do Pantanal, garantindo que a popula\u00e7\u00e3o humana e os animais consigam conviver de forma segura.<\/p>\n\n\n\n<p><\/p>\n","protected":false},"excerpt":{"rendered":"<p>Situada \u00e0s margens do imponente Pantanal, a cidade de Corumb\u00e1, no Mato Grosso do Sul, se destaca n\u00e3o apenas pelas suas belezas naturais, mas tamb\u00e9m por um fato curioso: a regi\u00e3o abriga mais jacar\u00e9s do que pessoas. Esse fen\u00f4meno, que desperta a aten\u00e7\u00e3o de turistas e pesquisadores, tornou o munic\u00edpio uma verdadeira atra\u00e7\u00e3o nacional. Estima-se [&hellip;]<\/p>\n","protected":false},"author":4,"featured_media":8818,"comment_status":"open","ping_status":"open","sticky":false,"template":"","format":"standard","meta":{"jnews-multi-image_gallery":[],"jnews_single_post":{"format":"standard"},"jnews_primary_category":[],"jnews_social_meta":[],"jnews_post_split":[],"footnotes":""},"categories":[1],"tags":[],"class_list":["post-8816","post","type-post","status-publish","format-standard","has-post-thumbnail","hentry","category-uncategorized"],"_links":{"self":[{"href":"https:\/\/diariodepernambuco.audiencelabs.com.br\/wp-json\/wp\/v2\/posts\/8816","targetHints":{"allow":["GET"]}}],"collection":[{"href":"https:\/\/diariodepernambuco.audiencelabs.com.br\/wp-json\/wp\/v2\/posts"}],"about":[{"href":"https:\/\/diariodepernambuco.audiencelabs.com.br\/wp-json\/wp\/v2\/types\/post"}],"author":[{"embeddable":true,"href":"https:\/\/diariodepernambuco.audiencelabs.com.br\/wp-json\/wp\/v2\/users\/4"}],"replies":[{"embeddable":true,"href":"https:\/\/diariodepernambuco.audiencelabs.com.br\/wp-json\/wp\/v2\/comments?post=8816"}],"version-history":[{"count":2,"href":"https:\/\/diariodepernambuco.audiencelabs.com.br\/wp-json\/wp\/v2\/posts\/8816\/revisions"}],"predecessor-version":[{"id":8820,"href":"https:\/\/diariodepernambuco.audiencelabs.com.br\/wp-json\/wp\/v2\/posts\/8816\/revisions\/8820"}],"wp:featuredmedia":[{"embeddable":true,"href":"https:\/\/diariodepernambuco.audiencelabs.com.br\/wp-json\/wp\/v2\/media\/8818"}],"wp:attachment":[{"href":"https:\/\/diariodepernambuco.audiencelabs.com.br\/wp-json\/wp\/v2\/media?parent=8816"}],"wp:term":[{"taxonomy":"category","embeddable":true,"href":"https:\/\/diariodepernambuco.audiencelabs.com.br\/wp-json\/wp\/v2\/categories?post=8816"},{"taxonomy":"post_tag","embeddable":true,"href":"https:\/\/diariodepernambuco.audiencelabs.com.br\/wp-json\/wp\/v2\/tags?post=8816"}],"curies":[{"name":"wp","href":"https:\/\/api.w.org\/{rel}","templated":true}]}}